{"id":88816,"date":"2024-02-03T14:46:33","date_gmt":"2024-02-03T17:46:33","guid":{"rendered":"https:\/\/grandepremio.com\/br\/noticias\/andretti-descobre-convite-reuniao-formula-1-caiu-caixa-spam\/"},"modified":"2024-02-03T17:56:56","modified_gmt":"2024-02-03T20:56:56","slug":"andretti-descobre-convite-reuniao-formula-1-caiu-caixa-spam","status":"publish","type":"post","link":"https:\/\/grandepremio.com\/br\/f1\/andretti-descobre-convite-reuniao-formula-1-caiu-caixa-spam\/","title":{"rendered":"Andretti descobre que convite de reuni\u00e3o com F\u00f3rmula 1 caiu em caixa de spam"},"content":{"rendered":"\n<p class=\"wp-block-paragraph\">A <strong>Andretti<\/strong> rebateu a<strong> F\u00f3rmula 1<\/strong><a href=\"https:\/\/www.grandepremio.com\/br\/f1\/noticias\/andretti-rebate-motivos-recusa-f1-alega-nao-recebeu-convite-reuniao\/\" class=\"ek-link\"><strong> <\/strong>ao afirmar que n\u00e3o recebeu o convite p<\/a>ara uma reuni\u00e3o presencial onde faria a apresenta\u00e7\u00e3o da inscri\u00e7\u00e3o para se tornar uma nova equipe do Mundial em 2026, mas um fator novo surgiu: segundo a ag\u00eancia americana Associated Press, o convite caiu na caixa de spam.<\/p>\n\n\n\n<p class=\"wp-block-paragraph\">O time de TI da Andretti descobriu o eventual convite em uma busca dentro do e-mail da empresa. Acabou aparecendo na caixa de spam por n\u00e3o ter vindo do CEO da F\u00f3rmula 1, <strong>Stefano Domenicali<\/strong>, e sim de um membro do staff da categoria.<\/p>\n\n\n\n<p class=\"wp-block-paragraph\">A&nbsp;<a href=\"https:\/\/www.grandepremio.com\/formula-1\/\" target=\"_blank\" rel=\"noreferrer noopener\">F1&nbsp;<\/a>afirmou que enviou um convite para a Andretti no dia 12 de dezembro para uma reuni\u00e3o presencial em seus escrit\u00f3rios para que a equipe fizesse uma apresenta\u00e7\u00e3o da inscri\u00e7\u00e3o, mas que n\u00e3o recebeu resposta. A esquadra, por sua vez, tamb\u00e9m afirmou que nunca recebeu uma oferta de reuni\u00e3o e de que n\u00e3o recusaria o encontro com a Formula One Management. Uma reuni\u00e3o presencial entre as partes seria de import\u00e2ncia, e a equipe ainda tem o desejo de encontrar os representantes para uma conversa. <\/p>\n\n\n\n<figure class=\"wp-block-image size-large\"><img decoding=\"async\" src=\"https:\/\/www.grandepremio.com\/br\/wp-content\/uploads\/2023\/10\/Michael_Andretti-1024x576.jpg\" alt=\"\" class=\"wp-image-742385\"\/><figcaption class=\"wp-element-caption\">Michael Andretti teve v\u00e1rias negativas da F1 (Foto: Divulga\u00e7\u00e3o)<\/figcaption><\/figure>\n\n\n\n<p class=\"wp-block-paragraph\">A&nbsp;<strong>Andretti&nbsp;<\/strong>respondeu, em nota publicada na \u00faltima sexta-feira (2), alguns dos pontos levantados da&nbsp;<strong><a href=\"https:\/\/www.grandepremio.com\/formula-1\/\" target=\"_blank\" rel=\"noreferrer noopener\">F\u00f3rmula 1<\/a>&nbsp;<\/strong>para barrar a inscri\u00e7\u00e3o do time como a 11\u00aa construtora do Mundial. O conglomerado americano chegou at\u00e9 a receber aprova\u00e7\u00e3o da FIA, mas teve a chegada negada pela categoria na \u00faltima quarta-feira.<\/p>\n\n\n\n<p class=\"wp-block-paragraph\">Na nota, a Andretti revela que entrou no processo e que a prefer\u00eancia do ano de entrada na&nbsp;<a href=\"https:\/\/www.grandepremio.com\/formula-1\/\" target=\"_blank\" rel=\"noreferrer noopener\">F\u00f3rmula 1<\/a>&nbsp;era de 2025. A FIA aprovou a inscri\u00e7\u00e3o, sem indicar se seria em 2025 ou 2026, mas que o time operava com a segunda op\u00e7\u00e3o como a mais prov\u00e1vel para a entrada, j\u00e1 que \u00e9 o ano que marca a introdu\u00e7\u00e3o de um novo regulamento de motores na F\u00f3rmula 1.<\/p>\n\n\n\n<p class=\"wp-block-paragraph\">O trecho \u00e9 uma resposta para a FOM, que afirmou na lista de motivos para a recusa de que \u201cn\u00e3o h\u00e1 base para admiss\u00e3o de uma nova equipe em 2025, uma vez que isso resultaria em um participante novo construindo dois carros completamente diferentes em seus primeiros dois anos de exist\u00eancia\u201d.<\/p>\n\n\n\n<h3 class=\"wp-block-heading\" id=\"h-entenda-o-caso-andretti-f1\">ENTENDA O CASO ANDRETTI F1<\/h3>\n\n\n\n<p class=\"wp-block-paragraph\">O desejo de entrar na&nbsp;<a href=\"https:\/\/www.grandepremio.com\/formula-1\/\" target=\"_blank\" rel=\"noreferrer noopener\">F1&nbsp;<\/a>\u00e9 antigo para a Andretti. A FIA anunciou, no fim de 2022, que abriria um processo seletivo para identificar equipes que desejam participar da&nbsp;<a href=\"https:\/\/www.grandepremio.com\/formula-1\/\" target=\"_blank\" rel=\"noreferrer noopener\">F\u00f3rmula 1<\/a>&nbsp;a partir de 2025.<\/p>\n\n\n\n<p class=\"wp-block-paragraph\">Em resposta, a Andretti firmou uma parceria com a General Motors para criar uma nova equipe na&nbsp;<a href=\"https:\/\/www.grandepremio.com\/formula-1\/\" target=\"_blank\" rel=\"noreferrer noopener\">F\u00f3rmula 1<\/a>&nbsp;com a marca Cadillac. Al\u00e9m da opera\u00e7\u00e3o comandada pelo americano Michael Andretti, Hitech e Carlin, ambas da&nbsp;<a href=\"https:\/\/www.grandepremio.com\/br\/f2\/\" target=\"_blank\" rel=\"noreferrer noopener\">F\u00f3rmula 2<\/a>, tamb\u00e9m submeteram seus nomes. A empresa asi\u00e1tica LKY SUNZ, que garantiu estar disposta a desembolsar US$ 600 milh\u00f5es [cerca de R$ 2,96 bilh\u00f5es na cota\u00e7\u00e3o atual] pela vaga, tamb\u00e9m foi descartada. Os americanos foram os \u00fanicos aprovados.<\/p>\n\n\n\n<p class=\"wp-block-paragraph\">O time receberia motores de outra fabricante, mas tanto Andretti quanto Cadillac ofereceriam todo o suporte t\u00e9cnico. A equipe operaria na nova sede da Andretti Global, que est\u00e1 em constru\u00e7\u00e3o na cidade de Fishers, Indiana, nos Estados Unidos, e deve come\u00e7ar a funcionar em 2025. Uma outra sede, na Europa, tamb\u00e9m serviria para as opera\u00e7\u00f5es.<\/p>\n\n\n\n<figure class=\"wp-block-image size-large\"><img decoding=\"async\" src=\"https:\/\/www.grandepremio.com\/br\/wp-content\/uploads\/2020\/05\/SI202207240265_hires_jpeg_24bit_rgb-1024x682.jpg\" alt=\"\" class=\"wp-image-605955\"\/><figcaption class=\"wp-element-caption\">F1 deseja aumentar a taxa para a entrada de uma nova equipe (Foto: Mark Thompson\/Getty Images)<\/figcaption><\/figure>\n\n\n\n<p class=\"wp-block-paragraph\">A parceria com a General Motors representava a melhor chance de entrada da Andretti na&nbsp;<a href=\"https:\/\/www.grandepremio.com\/formula-1\/\" target=\"_blank\" rel=\"noreferrer noopener\">F\u00f3rmula 1<\/a>. O time, j\u00e1 conhecido por suas opera\u00e7\u00f5es em Indy,&nbsp;<a href=\"https:\/\/www.grandepremio.com\/br\/formula-e\/\" target=\"_blank\" rel=\"noreferrer noopener\">F\u00f3rmula E<\/a>, IMSA e Extreme E, manifestava o desejo de estar no Mundial desde 2021. O conglomerado chegou a se aproximar de um acordo&nbsp;<a href=\"https:\/\/www.grandepremio.com\/br\/f1\/noticias\/andretti-revela-que-negocio-com-alfa-romeo-estava-feito-e-mudaram-os-termos-piada\/\" target=\"_blank\" rel=\"noreferrer noopener\">para comprar a<\/a>&nbsp;Sauber, mas que colapsou de \u00faltima hora.<\/p>\n\n\n\n<p class=\"wp-block-paragraph\">\u00c0 revista alem\u00e3 Auto Motor und Sport, Famin ainda salientou que, hoje, as prioridades da Alpine mudaram. \u201cNossa principal prioridade \u00e9 desenvolver o melhor motor poss\u00edvel para 2026\u201d, concluiu.<\/p>\n\n\n\n<p class=\"wp-block-paragraph\">No entanto, o processo para a entrada da parceria Andretti Cadillac precisava do apoio da&nbsp;<a href=\"https:\/\/www.grandepremio.com\/formula-1\/\" target=\"_blank\" rel=\"noreferrer noopener\">F1&nbsp;<\/a>e das outras equipes do grid, al\u00e9m de uma taxa de entrada de US$ 200 milh\u00f5es (cerca de R$ 1 bilh\u00e3o) como um fundo que seria dividido entre o grid atual para compensar a divis\u00e3o do dinheiro que acontece com a entrada de um novo time.<\/p>\n\n\n\n<p class=\"wp-block-paragraph\">Em outubro do ano passado, a FIA divulgou uma nota confirmando que aprovou inscri\u00e7\u00e3o de entrada da equipe&nbsp;<strong>Andretti Global&nbsp;<\/strong>no grid da&nbsp;<strong><a href=\"https:\/\/www.grandepremio.com\/formula-1\/\" target=\"_blank\" rel=\"noreferrer noopener\">F\u00f3rmula 1<\/a><\/strong>&nbsp;a partir de 2025. No entanto, o conglomerado americano precisava ainda debater quest\u00f5es comerciais e da aprova\u00e7\u00e3o da Formula One Management (FOM) para oficializar a entrada. Mohammed Ben Sulayem, presidente do \u00f3rg\u00e3o regulador, era um grande defensor da presen\u00e7a da Andretti no grid, inclusive.<\/p>\n\n\n\n<p class=\"wp-block-paragraph\">Nesta mesma semana, a Andretti revelou que estava preparando um carro de&nbsp;<a href=\"https:\/\/www.grandepremio.com\/formula-1\/\" target=\"_blank\" rel=\"noreferrer noopener\">F1&nbsp;<\/a>dentro das regras vigentes para ser desenvolvido em t\u00fanel de vento \u2013 ainda que estivesse aguardando o sinal verde da F1, que n\u00e3o veio. Desde outubro do ano passado, o time que leva o nome do campe\u00e3o da&nbsp;<a href=\"https:\/\/www.grandepremio.com\/formula-1\/\" target=\"_blank\" rel=\"noreferrer noopener\">F1&nbsp;<\/a>de 1978,&nbsp;<strong>Mario Andretti<\/strong>, usa as instala\u00e7\u00f5es da&nbsp;<strong>Toyota&nbsp;<\/strong>em Col\u00f4nia e j\u00e1 preparava um programa de testes completo para 2025.&nbsp;<\/p>\n\n\n\n<p class=\"wp-block-paragraph\">A&nbsp;<a href=\"https:\/\/www.grandepremio.com\/formula-1\/\" target=\"_blank\" rel=\"noreferrer noopener\"><\/a><a href=\"https:\/\/www.grandepremio.com\/formula-1\/\" target=\"_blank\" rel=\"noreferrer noopener\">F\u00f3rmula 1<\/a>&nbsp;retorna \u00e0s pistas de 21 a 23 de fevereiro, com os testes coletivos da pr\u00e9-temporada no Bahrein, no circuito de&nbsp;<a href=\"https:\/\/www.grandepremio.com\/br\/circuito\/sakhir\/\" target=\"_blank\" rel=\"noreferrer noopener\">Sakhir<\/a>.<\/p>\n","protected":false},"excerpt":{"rendered":"<p>A Andretti descobriu que o e-mail de convite da F\u00f3rmula 1 acabou caindo na caixa de spam. Em nota, equipe afirmou que n\u00e3o tinha recebido o chamado da categoria para uma reuni\u00e3o<\/p>\n","protected":false},"author":0,"featured_media":1000729637,"comment_status":"closed","ping_status":"closed","sticky":false,"template":"","format":"standard","meta":{"42wp_featured_image_caption":"","42wp_featured_image_credits":"","42wp_featured_video":"","42wp_featured_image_hidden":false,"42wp_authors_list":[],"footnotes":""},"categories":[2],"tags":[417,26271,5273,147,3230,180,30909,1491,28285,30840,1181,35129,33301],"42wp_author":[47119],"class_list":["post-88816","post","type-post","status-publish","format-standard","has-post-thumbnail","hentry","category-f1","tag-andretti","tag-calendario-f1","tag-classificacao-f1","tag-f1","tag-f1-2024","tag-formula-1","tag-formula-1-2024","tag-grande-premio","tag-grandepremio","tag-horarios-f1","tag-michael-andretti","tag-onde-assistir-f1","tag-temporada-2024-f1","42wp_author-gabriel-carvalho"],"_links":{"self":[{"href":"https:\/\/grandepremio.com\/br\/wp-json\/wp\/v2\/posts\/88816","targetHints":{"allow":["GET"]}}],"collection":[{"href":"https:\/\/grandepremio.com\/br\/wp-json\/wp\/v2\/posts"}],"about":[{"href":"https:\/\/grandepremio.com\/br\/wp-json\/wp\/v2\/types\/post"}],"replies":[{"embeddable":true,"href":"https:\/\/grandepremio.com\/br\/wp-json\/wp\/v2\/comments?post=88816"}],"version-history":[{"count":0,"href":"https:\/\/grandepremio.com\/br\/wp-json\/wp\/v2\/posts\/88816\/revisions"}],"wp:featuredmedia":[{"embeddable":true,"href":"https:\/\/grandepremio.com\/br\/wp-json\/wp\/v2\/media\/1000729637"}],"wp:attachment":[{"href":"https:\/\/grandepremio.com\/br\/wp-json\/wp\/v2\/media?parent=88816"}],"wp:term":[{"taxonomy":"category","embeddable":true,"href":"https:\/\/grandepremio.com\/br\/wp-json\/wp\/v2\/categories?post=88816"},{"taxonomy":"post_tag","embeddable":true,"href":"https:\/\/grandepremio.com\/br\/wp-json\/wp\/v2\/tags?post=88816"},{"taxonomy":"42wp_author","embeddable":true,"href":"https:\/\/grandepremio.com\/br\/wp-json\/wp\/v2\/42wp_author?post=88816"}],"curies":[{"name":"wp","href":"https:\/\/api.w.org\/{rel}","templated":true}]}}