{"id":89035,"date":"2024-01-31T18:19:40","date_gmt":"2024-01-31T21:19:40","guid":{"rendered":"https:\/\/grandepremio.com\/br\/noticias\/andretti-cadillac-discorda-veementemente-da-decisao-da-formula-1-sobre-vaga-no-grid\/"},"modified":"2024-01-31T18:26:23","modified_gmt":"2024-01-31T21:26:23","slug":"andretti-cadillac-discorda-veementemente-da-decisao-da-formula-1-sobre-vaga-no-grid","status":"publish","type":"post","link":"https:\/\/grandepremio.com\/br\/f1\/andretti-cadillac-discorda-veementemente-da-decisao-da-formula-1-sobre-vaga-no-grid\/","title":{"rendered":"Andretti-Cadillac &#8220;discorda veementemente&#8221; da decis\u00e3o da F\u00f3rmula 1 sobre vaga no grid"},"content":{"rendered":"\n<p class=\"wp-block-paragraph\">A <strong>Andretti <\/strong>e a<strong> Cadillac <\/strong>publicaram um comunicado conjunto em que &#8220;discordaram veementemente&#8221; da decis\u00e3o da <strong>F\u00f3rmula 1<\/strong>, que <a href=\"https:\/\/www.grandepremio.com\/br\/f1\/noticias\/formula-1-rejeita-entrada-andretti-grid-antes-2028-motor-gm-condicao\/\" class=\"ek-link\">nesta quarta-feira (31) negou o ingresso da parceria americana no grid<\/a>. A maior das categorias do esporte a motor rejeitou a proposta, alegando que as marcas &#8220;n\u00e3o agregam valor&#8221; ao campeonato. A justificativa foi rebatida pelas duas empresas.<\/p>\n\n\n\n<p class=\"wp-block-paragraph\">O grupo que atende por um dos sobrenomes mais famosos do automobilismo dos Estados Unidos se associou \u00e0 Cadillac para tentar um lugar na F1. O pedido foi aprovado pela <strong>Federa\u00e7\u00e3o Internacional de Automobilismo<\/strong> (<strong>FIA<\/strong>), mas n\u00e3o foi o bastante para convencer o <strong>Liberty Media<\/strong>, o detentor dos direitos comerciais da F1, e nem mesmo as equipes que hoje integram o grid.<\/p>\n\n\n\n<p class=\"wp-block-paragraph\">&#8220;Andretti Cadillac revisou as informa\u00e7\u00f5es que a FOM (Formula One Management Limited) compartilhou e discorda veementemente de seu conte\u00fado&#8221;, disse a esquadra em comunicado.<\/p>\n\n\n\n<p class=\"wp-block-paragraph\">&#8221; A Andretti e a Cadillac s\u00e3o duas organiza\u00e7\u00f5es globais de automobilismo de sucesso, comprometidas em colocar uma equipe genuinamente americana na F1, competindo ao lado dos melhores do mundo. Estamos orgulhosos do progresso significativo que j\u00e1 fizemos no desenvolvimento de um carro e motor altamente competitivo, com uma equipe experiente por tr\u00e1s dele, e nosso trabalho continua em ritmo acelerado&#8221;, completou.<\/p>\n\n\n\n<p class=\"wp-block-paragraph\">As duas marcas tamb\u00e9m agradeceram o apoio que receberam dos f\u00e3s por meio das redes sociais. &#8220;Andretti Cadillac tamb\u00e9m gostaria de reconhecer e agradecer aos f\u00e3s que expressaram seu apoio&#8221;.<\/p>\n\n\n\n<figure class=\"wp-block-image size-large\"><img decoding=\"async\" src=\"https:\/\/www.grandepremio.com\/br\/wp-content\/uploads\/2023\/10\/Michael-Andretti-Bommarito-Automotive-Group-500-By_-Joe-Skibinski_Large-Image-Without-Watermark_m91492-1024x683.jpg\" alt=\"\" class=\"wp-image-736388\"\/><figcaption class=\"wp-element-caption\">Michael Andretti n\u00e3o estar\u00e1 na F1 em 2026 (Foto: Indycar)<\/figcaption><\/figure>\n\n\n\n<p class=\"wp-block-paragraph\">Pai de Michael, Mario Andretti <a href=\"https:\/\/www.grandepremio.com\/br\/f1\/noticias\/mario-andretti-diz-devastado-lamenta-rejeicao-formula-1-sem-palavras\/\" class=\"ek-link\">tamb\u00e9m se manifestou sobre a decis\u00e3o <\/a>da F\u00f3rmula 1 e se disse devastado. O ex-piloto esteve na F\u00f3rmula 1 entre o final da d\u00e9cada de 1960 e o in\u00edcio dos anos 1980. Foi campe\u00e3o do mundo em 1978 e \u00e9 um dos grandes \u00edcones do esporte americano.<\/p>\n\n\n\n<p class=\"wp-block-paragraph\">Sem maiores avisos de que o an\u00fancio era iminente, a\u00a0<a href=\"https:\/\/www.grandepremio.com\/formula-1\/\" target=\"_blank\" rel=\"noreferrer noopener\">F\u00f3rmula 1<\/a>\u00a0soltou a explica\u00e7\u00e3o com pr\u00f3s e contras e os motivos para rejeitar a Andretti. Mas o principal est\u00e1 na avalia\u00e7\u00e3o de que a equipe n\u00e3o trar\u00e1 mais valia para a categoria at\u00e9 2027. A partir de 2028, caso de fato a\u00a0<strong>GM<\/strong>, por meio da\u00a0<strong>Cadillac<\/strong>, concretize a promessa de fabricar um motor pr\u00f3prio, a coisa muda de figura. Meses atr\u00e1s, a Cadillac oficializou a inten\u00e7\u00e3o com um\u00a0<strong><a href=\"https:\/\/www.grandepremio.com\/br\/f1\/noticias\/gm-anuncia-registro-junto-fia-fabricante-motor-formula-1-2028\/\">registro de fabricante de motor<\/a><\/strong>\u00a0a partir de 2028, mas apenas para trabalhar ao lado da Andretti.<\/p>\n\n\n\n<p class=\"wp-block-paragraph\">\u201cN\u00e3o acreditamos que a candidata tenha mostrado que agregaria valor ao campeonato\u201d, afirmou a categoria. \u201cN\u00f3s olhar\u00edamos de forma diferente para uma tentativa de entrada no Mundial de 2028, com uma unidade de pot\u00eancia da GM, seja como uma equipe de f\u00e1brica ou cliente da GM\u201d, emendou. <\/p>\n\n\n\n<p class=\"wp-block-paragraph\"><strong>\u25b6\ufe0f\u00a0Inscreva-se nos dois canais do GRANDE PR\u00caMIO no YouTube:\u00a0<a href=\"https:\/\/www.youtube.com\/channel\/UC9OlHEgxoaY6QY6nWPoiqQg?sub_confirmation=1\" target=\"_blank\" rel=\"noreferrer noopener\">GP<\/a>\u00a0|\u00a0<a href=\"https:\/\/www.youtube.com\/channel\/UC9csiS6q_C3C0FYhyr1rnFA?sub_confirmation=1\" target=\"_blank\" rel=\"noreferrer noopener\">GP2<\/a><\/strong><br><strong>\u25b6\ufe0f\u00a0<a href=\"https:\/\/www.twitch.tv\/grandepremio\" target=\"_blank\" rel=\"noreferrer noopener\">Conhe\u00e7a o canal do GRANDE PR\u00caMIO na Twitch clicando aqui!<\/a><\/strong><\/p>\n\n\n\n<h3 class=\"wp-block-heading\" id=\"h-entenda-o-caso-andretti-f1\">ENTENDA O CASO ANDRETTI F1<\/h3>\n\n\n\n<p class=\"wp-block-paragraph\">O desejo de entrar na&nbsp;<a href=\"https:\/\/www.grandepremio.com\/formula-1\/\" target=\"_blank\" rel=\"noreferrer noopener\">F1&nbsp;<\/a>\u00e9 antigo para a Andretti. A FIA anunciou, no fim de 2022, que abriria um processo seletivo para identificar equipes que desejam participar da&nbsp;<a href=\"https:\/\/www.grandepremio.com\/formula-1\/\" target=\"_blank\" rel=\"noreferrer noopener\">F\u00f3rmula 1<\/a>&nbsp;a partir de 2025.<\/p>\n\n\n\n<p class=\"wp-block-paragraph\">Em resposta, a Andretti firmou uma parceria com a General Motors para criar uma nova equipe na&nbsp;<a href=\"https:\/\/www.grandepremio.com\/formula-1\/\" target=\"_blank\" rel=\"noreferrer noopener\">F\u00f3rmula 1<\/a>&nbsp;com a marca Cadillac. Al\u00e9m da opera\u00e7\u00e3o comandada pelo americano Michael Andretti, Hitech e Carlin, ambas da&nbsp;<a href=\"https:\/\/www.grandepremio.com\/br\/f2\/\" target=\"_blank\" rel=\"noreferrer noopener\">F\u00f3rmula 2<\/a>, tamb\u00e9m submeteram seus nomes. A empresa asi\u00e1tica LKY SUNZ, que garantiu estar disposta a desembolsar US$ 600 milh\u00f5es [cerca de R$ 2,96 bilh\u00f5es na cota\u00e7\u00e3o atual] pela vaga, tamb\u00e9m foi descartada. Os americanos foram os \u00fanicos aprovados.<\/p>\n\n\n\n<p class=\"wp-block-paragraph\">O time receberia motores de outra fabricante, mas tanto Andretti quanto Cadillac ofereceriam todo o suporte t\u00e9cnico. A equipe operaria na nova sede da Andretti Global, que est\u00e1 em constru\u00e7\u00e3o na cidade de Fishers, Indiana, nos Estados Unidos, e deve come\u00e7ar a funcionar em 2025. Uma outra sede, na Europa, tamb\u00e9m serviria para as opera\u00e7\u00f5es.<\/p>\n\n\n\n<p class=\"wp-block-paragraph\">A parceria com a General Motors representava a melhor chance de entrada da Andretti na\u00a0<a href=\"https:\/\/www.grandepremio.com\/formula-1\/\" target=\"_blank\" rel=\"noreferrer noopener\">F\u00f3rmula 1<\/a>. O time, j\u00e1 conhecido por suas opera\u00e7\u00f5es em Indy,\u00a0<a href=\"https:\/\/www.grandepremio.com\/br\/formula-e\/\" target=\"_blank\" rel=\"noreferrer noopener\">F\u00f3rmula E<\/a>, IMSA e Extreme E, manifestava o desejo de estar no Mundial desde 2021. O conglomerado chegou a se aproximar de um acordo\u00a0<a href=\"https:\/\/www.grandepremio.com\/br\/f1\/noticias\/andretti-revela-que-negocio-com-alfa-romeo-estava-feito-e-mudaram-os-termos-piada\/\" target=\"_blank\" rel=\"noreferrer noopener\">para comprar a<\/a>\u00a0Sauber, mas que colapsou de \u00faltima hora.<\/p>\n\n\n\n<figure class=\"wp-block-embed is-type-video is-provider-youtube wp-block-embed-youtube wp-embed-aspect-16-9 wp-has-aspect-ratio\"><div class=\"wp-block-embed__wrapper\">\n<iframe loading=\"lazy\" title=\"BOMBA! F1 REJEITA ANDRETTI para 2026! | Paddock Sprint\" width=\"500\" height=\"281\" src=\"https:\/\/www.youtube.com\/embed\/K-Wa7S3oqq4?feature=oembed\" frameborder=\"0\" allow=\"accelerometer; autoplay; clipboard-write; encrypted-media; gyroscope; picture-in-picture; web-share\" referrerpolicy=\"strict-origin-when-cross-origin\" allowfullscreen><\/iframe>\n<\/div><\/figure>\n\n\n\n<p class=\"wp-block-paragraph\">A Andretti&nbsp;j\u00e1 sabia que n\u00e3o teria um tempo tecnicamente vi\u00e1vel para ter dois carros no grid em 2025 por conta pr\u00f3pria \u2013 uma vez que a Cadillac s\u00f3 conseguiria colocar o seu pr\u00f3prio motor para rodar pouco antes de 2027. Por isso, os americanos assinaram um pr\u00e9-contrato com a Renault, montadora por tr\u00e1s da Alpine, anos atr\u00e1s. No entanto, expirou em mar\u00e7o de 2023, e Bruno Famin, vice-presidente e tamb\u00e9m chefe interino da equipe de Enstone, deixou claro que n\u00e3o havia planos para novas conversas.<\/p>\n\n\n\n<p class=\"wp-block-paragraph\">\u00c0 revista alem\u00e3 Auto Motor und Sport, Famin ainda salientou que, hoje, as prioridades da Alpine mudaram. \u201cNossa principal prioridade \u00e9 desenvolver o melhor motor poss\u00edvel para 2026\u201d, concluiu.<\/p>\n\n\n\n<p class=\"wp-block-paragraph\">No entanto, o processo para a entrada da parceria Andretti Cadillac precisava do apoio da\u00a0<a href=\"https:\/\/www.grandepremio.com\/formula-1\/\" target=\"_blank\" rel=\"noreferrer noopener\">F1\u00a0<\/a>e das outras equipes do grid, al\u00e9m de uma taxa de entrada de US$ 200 milh\u00f5es (cerca de R$ 1 bilh\u00e3o) como um fundo que seria dividido entre o grid atual para compensar a divis\u00e3o do dinheiro que acontece com a entrada de um novo time.<\/p>\n\n\n\n<p class=\"wp-block-paragraph\">Em outubro do ano passado, a FIA divulgou uma nota confirmando que aprovou inscri\u00e7\u00e3o de entrada da equipe&nbsp;<strong>Andretti Global&nbsp;<\/strong>no grid da&nbsp;<strong><a href=\"https:\/\/www.grandepremio.com\/formula-1\/\" target=\"_blank\" rel=\"noreferrer noopener\">F\u00f3rmula 1<\/a><\/strong>&nbsp;a partir de 2025. No entanto, o conglomerado americano precisava ainda debater quest\u00f5es comerciais e da aprova\u00e7\u00e3o da Formula One Management (FOM) para oficializar a entrada. Mohammed Ben Sulayem, presidente do \u00f3rg\u00e3o regulador, era um grande defensor da presen\u00e7a da Andretti no grid, inclusive.<\/p>\n\n\n\n<p class=\"wp-block-paragraph\">Nesta mesma semana, a Andretti revelou que estava preparando um carro de&nbsp;<a href=\"https:\/\/www.grandepremio.com\/formula-1\/\" target=\"_blank\" rel=\"noreferrer noopener\">F1&nbsp;<\/a>dentro das regras vigentes para ser desenvolvido em t\u00fanel de vento \u2013 ainda que estivesse aguardando o sinal verde da F1, que n\u00e3o veio. Desde outubro do ano passado, o time que leva o nome do campe\u00e3o da F1 de 1978,&nbsp;<strong>Mario Andretti<\/strong>, usa as instala\u00e7\u00f5es da&nbsp;<strong>Toyota&nbsp;<\/strong>em Col\u00f4nia e j\u00e1 preparava um programa de testes completo para 2025.&nbsp;<\/p>\n\n\n\n<p class=\"wp-block-paragraph\">A&nbsp;<a href=\"https:\/\/www.grandepremio.com\/formula-1\/\" target=\"_blank\" rel=\"noreferrer noopener\"><\/a><a href=\"https:\/\/www.grandepremio.com\/formula-1\/\" target=\"_blank\" rel=\"noreferrer noopener\">F\u00f3rmula 1<\/a>&nbsp;retorna \u00e0s pistas de 21 a 23 de fevereiro, com os testes coletivos da pr\u00e9-temporada no Bahrein, no circuito de&nbsp;<a href=\"https:\/\/www.grandepremio.com\/br\/circuito\/sakhir\/\" target=\"_blank\" rel=\"noreferrer noopener\">Sakhir<\/a>.<\/p>\n","protected":false},"excerpt":{"rendered":"<p>A Andretti e a Cadillac, parceiras no projeto F1, responderam \u00e0 decis\u00e3o da maior categoria do esporte a motor, que negou a entrada da equipe americana no grid. Em nota, as marcas rejeitaram as justificativas usadas pelo Liberty Media para rejeitar o time<\/p>\n","protected":false},"author":0,"featured_media":1000642951,"comment_status":"closed","ping_status":"closed","sticky":false,"template":"","format":"standard","meta":{"42wp_featured_image_caption":"","42wp_featured_image_credits":"","42wp_featured_video":"","42wp_featured_image_hidden":false,"42wp_authors_list":[],"footnotes":""},"categories":[2],"tags":[417,729,5660,969,147,3230,642,160,180,30909,1491,30103,28285,1396],"42wp_author":[47115],"class_list":["post-89035","post","type-post","status-publish","format-standard","has-post-thumbnail","hentry","category-f1","tag-andretti","tag-cadillac","tag-classificacao","tag-corrida","tag-f1","tag-f1-2024","tag-f1-ao-vivo","tag-f1-tv","tag-formula-1","tag-formula-1-2024","tag-grande-premio","tag-grande-premio-f1","tag-grandepremio","tag-vaga","42wp_author-evelyn-guimaraes"],"_links":{"self":[{"href":"https:\/\/grandepremio.com\/br\/wp-json\/wp\/v2\/posts\/89035","targetHints":{"allow":["GET"]}}],"collection":[{"href":"https:\/\/grandepremio.com\/br\/wp-json\/wp\/v2\/posts"}],"about":[{"href":"https:\/\/grandepremio.com\/br\/wp-json\/wp\/v2\/types\/post"}],"replies":[{"embeddable":true,"href":"https:\/\/grandepremio.com\/br\/wp-json\/wp\/v2\/comments?post=89035"}],"version-history":[{"count":0,"href":"https:\/\/grandepremio.com\/br\/wp-json\/wp\/v2\/posts\/89035\/revisions"}],"wp:featuredmedia":[{"embeddable":true,"href":"https:\/\/grandepremio.com\/br\/wp-json\/wp\/v2\/media\/1000642951"}],"wp:attachment":[{"href":"https:\/\/grandepremio.com\/br\/wp-json\/wp\/v2\/media?parent=89035"}],"wp:term":[{"taxonomy":"category","embeddable":true,"href":"https:\/\/grandepremio.com\/br\/wp-json\/wp\/v2\/categories?post=89035"},{"taxonomy":"post_tag","embeddable":true,"href":"https:\/\/grandepremio.com\/br\/wp-json\/wp\/v2\/tags?post=89035"},{"taxonomy":"42wp_author","embeddable":true,"href":"https:\/\/grandepremio.com\/br\/wp-json\/wp\/v2\/42wp_author?post=89035"}],"curies":[{"name":"wp","href":"https:\/\/api.w.org\/{rel}","templated":true}]}}