{"id":8904,"date":"2026-05-16T18:07:09","date_gmt":"2026-05-16T21:07:09","guid":{"rendered":"https:\/\/grandepremio.com\/br\/noticias\/jorge-martin-explica-queda-sprint-catalunha-ainda-preciso-entender-aprilia\/"},"modified":"2026-05-16T18:47:22","modified_gmt":"2026-05-16T21:47:22","slug":"jorge-martin-explica-queda-sprint-catalunha-ainda-preciso-entender-aprilia","status":"publish","type":"post","link":"https:\/\/grandepremio.com\/br\/motogp\/jorge-martin-explica-queda-sprint-catalunha-ainda-preciso-entender-aprilia\/","title":{"rendered":"Mart\u00edn explica queda na sprint da Catalunha: &#8220;Ainda preciso entender Aprilia&#8221;"},"content":{"rendered":"\n<p class=\"wp-block-paragraph\"><a href=\"https:\/\/www.grandepremio.com\/br\/motogp\/noticias\/marco-bezzecchi-aproveita-queda-jorge-martin-sprint-segue-lider-motogp-confira-classificacao\/\">Atual vice-l\u00edder da <strong>MotoGP<\/strong><\/a>, <strong>Jorge Mart\u00edn <\/strong>voltou a enfrentar problemas neste s\u00e1bado (16), em <strong>Barcelona<\/strong>. Ap\u00f3s sofrer queda na <strong>classifica\u00e7\u00e3o<\/strong>, o espanhol desperdi\u00e7ou chance de recupera\u00e7\u00e3o na <strong>corrida sprint <\/strong>ao cair novamente durante a prova r\u00e1pida, <a href=\"https:\/\/www.grandepremio.com\/br\/motogp\/noticias\/alex-marquez-segura-pedro-acosta-no-fim-vence-sprint-motogp-catalunha\/\">vencida por <strong>\u00c1lex M\u00e1rquez<\/strong><\/a>.<\/p>\n\n\n\n<p class=\"wp-block-paragraph\">O piloto da <strong>Aprilia<\/strong> sofreu o quarto acidente consecutivo no fim de semana e n\u00e3o somou pontos na sprint. A sequ\u00eancia encerra o momento positivo vivido pelo <strong>#89<\/strong> ap\u00f3s desempenho dominante no <strong>GP da Fran\u00e7a<\/strong> disputado no \u00faltimo fim de semana, em <strong>Le Mans<\/strong>.<\/p>\n\n\n\n<figure class=\"wp-block-embed is-type-video is-provider-youtube wp-block-embed-youtube wp-embed-aspect-16-9 wp-has-aspect-ratio\"><div class=\"wp-block-embed__wrapper\">\n<iframe loading=\"lazy\" title=\"MARC M\u00c1RQUEZ TEM NOVO REV\u00c9S E APRILIA CONSOLIDA DOM\u00cdNIO NA MOTOGP | Motoca GP\" width=\"500\" height=\"281\" src=\"https:\/\/www.youtube.com\/embed\/UopT5ADUVhw?feature=oembed\" frameborder=\"0\" allow=\"accelerometer; autoplay; clipboard-write; encrypted-media; gyroscope; picture-in-picture; web-share\" referrerpolicy=\"strict-origin-when-cross-origin\" allowfullscreen><\/iframe>\n<\/div><\/figure>\n\n\n\n<h3 class=\"wp-block-heading has-vivid-red-color has-text-color has-link-color wp-elements-1\" id=\"h-gp-experience-o-novo-produto-do-grande-premio-conecta-voce-aos-maiores-eventos-de-esporte-a-motor-do-mundo-va-para-indianapolis-com-a-gente-saiba-aqui-todo\"><strong>+ GP EXPERIENCE: o novo produto do GRANDE PR\u00caMIO conecta voc\u00ea aos maiores eventos de esporte a motor do mundo. V\u00e1 para Indian\u00e1polis com a gente:\u00a0<a href=\"https:\/\/gpexperience.tur.br\/\">saiba aqui todo<\/a><\/strong><\/h3>\n\n\n\n<p class=\"wp-block-paragraph\">Em entrevista aos jornalistas depois das atividades, Mart\u00edn afirmou que ainda sente dores pelos impactos sofridos nas duas quedas dos treinos livres, mas evitou atribuir o desempenho \u00e0s condi\u00e7\u00f5es f\u00edsicas. Em contrapartida, reconheceu a necessidade de compreender melhor as caracter\u00edsticas da moto.<\/p>\n\n\n\n<p class=\"wp-block-paragraph\">&#8220;Estou me sentindo bem, muito melhor do que ontem. A sensa\u00e7\u00e3o na moto foi \u00f3tima hoje. Eu esperava que meu ritmo me colocasse em posi\u00e7\u00f5es melhores, mas sofri essa nova queda. Talvez tenha sido otimista demais na Curva 10&#8221;, afirmou.<\/p>\n\n\n\n<p class=\"wp-block-paragraph\">&#8220;T\u00ednhamos um pouco de vento a favor ali, ent\u00e3o continuei freando por mais uns dois ou tr\u00eas metros e acabei caindo. Mas isso faz parte do nosso esporte. Ainda preciso entender a Aprilia. Acho que estamos descobrindo o limite. Com certeza, esta pista, com essa baixa ader\u00eancia, \u00e9 muito mais dif\u00edcil, mas isso faz parte do processo&#8221;, concluiu.<\/p>\n\n\n\n<figure class=\"wp-block-image size-large\"><img decoding=\"async\" src=\"https:\/\/www.grandepremio.com\/br\/wp-content\/uploads\/2026\/05\/IMG_20260515_110138-1200x800.jpg\" alt=\"\" class=\"wp-image-1086969\"\/><figcaption class=\"wp-element-caption\">Jorge Mart\u00edn lamentou nova queda na sprint do GP da Catalunha (Foto: Divulga\u00e7\u00e3o\/MotoGP)<\/figcaption><\/figure>\n\n\n\n<p class=\"wp-block-paragraph\">O espanhol larga em nono no grid da corrida principal deste domingo, tr\u00eas posi\u00e7\u00f5es \u00e0 frente de <strong>Marco Bezzecchi<\/strong>, que <a href=\"https:\/\/www.grandepremio.com\/br\/motogp\/noticias\/marco-bezzecchi-isenta-aprilia-culpa-9o-lugar-sprint-catalunha-problema-sou-eu\/\">saiu muito insatisfeito com o resultado na sprint<\/a>. Mart\u00edn segue na vice-lideran\u00e7a do Mundial com <strong>127 ponto<\/strong>s, 2 atr\u00e1s do colega de Aprilia.<\/p>\n\n\n\n<p class=\"wp-block-paragraph\">A <strong>MotoGP <\/strong>retorna \u00e0 pista neste domingo (17), \u00e0s 9h (de Bras\u00edlia, GMT-3), para as 24 voltas do <strong>GP da Catalunha<\/strong>, sexta etapa da temporada 2026. O <strong>GRANDE PR\u00caMIO <\/strong>acompanha toda a programa\u00e7\u00e3o do fim de semana, assim como as demais categorias do Mundial de Motovelocidade.<\/p>\n\n\n\n<p class=\"wp-block-paragraph\">\u25b6\ufe0f&nbsp;<strong>Inscreva-se nos dois canais do GRANDE PR\u00caMIO no YouTube:&nbsp;<a href=\"https:\/\/www.youtube.com\/channel\/UC9OlHEgxoaY6QY6nWPoiqQg?sub_confirmation=1\">GP<\/a>&nbsp;|&nbsp;<a href=\"https:\/\/www.youtube.com\/channel\/UC9csiS6q_C3C0FYhyr1rnFA?sub_confirmation=1\">GPTV<\/a><\/strong><\/p>\n\n\n\n<h2 class=\"wp-block-heading\" id=\"h-motogp-2026-veja-os-horarios-do-gp-da-catalunha-em-brasil-e-portugal\"><strong>MotoGP 2026: veja os hor\u00e1rios do GP da Catalunha em Brasil e Portugal<\/strong>:<\/h2>\n\n\n\n<figure class=\"wp-block-table\"><table class=\"has-fixed-layout\"><tbody><tr><td class=\"has-text-align-left\" data-align=\"left\"><strong>DIA<\/strong><\/td><td class=\"has-text-align-left\" data-align=\"left\"><strong>CATEGORIA<\/strong><\/td><td class=\"has-text-align-left\" data-align=\"left\"><strong>SESS\u00c3O<\/strong><\/td><td class=\"has-text-align-left\" data-align=\"left\"><strong>BRA*<\/strong><\/td><td class=\"has-text-align-left\" data-align=\"left\"><strong>POR<\/strong><\/td><\/tr><tr><td class=\"has-text-align-left\" data-align=\"left\"><strong>Domingo<\/strong><\/td><td class=\"has-text-align-left\" data-align=\"left\">MotoGP<\/td><td class=\"has-text-align-left\" data-align=\"left\">Warm-Up<\/td><td class=\"has-text-align-left\" data-align=\"left\">04:40<\/td><td class=\"has-text-align-left\" data-align=\"left\">07:40<\/td><\/tr><tr><td class=\"has-text-align-left\" data-align=\"left\"><strong>Domingo<\/strong><\/td><td class=\"has-text-align-left\" data-align=\"left\">Moto3<\/td><td class=\"has-text-align-left\" data-align=\"left\">GP \u2013 18 voltas<\/td><td class=\"has-text-align-left\" data-align=\"left\">06:00<\/td><td class=\"has-text-align-left\" data-align=\"left\">10:00<\/td><\/tr><tr><td class=\"has-text-align-left\" data-align=\"left\"><strong>Domingo<\/strong><\/td><td class=\"has-text-align-left\" data-align=\"left\">Moto2<\/td><td class=\"has-text-align-left\" data-align=\"left\">GP \u2013 21 voltas<\/td><td class=\"has-text-align-left\" data-align=\"left\">07:15<\/td><td class=\"has-text-align-left\" data-align=\"left\">11:15<\/td><\/tr><tr><td class=\"has-text-align-left\" data-align=\"left\"><strong>Domingo<\/strong><\/td><td class=\"has-text-align-left\" data-align=\"left\">MotoGP<\/td><td class=\"has-text-align-left\" data-align=\"left\">GP \u2013 24 voltas<\/td><td class=\"has-text-align-left\" data-align=\"left\">09:00<\/td><td class=\"has-text-align-left\" data-align=\"left\">13:00<\/td><\/tr><\/tbody><\/table><\/figure>\n\n\n\n<h2 class=\"wp-block-heading\" id=\"h-motogp-hoje-saiba-aqui-as-noticias-mais-importantes-da-motogp\"><strong>MotoGP hoje: saiba aqui as not\u00edcias mais importantes da MotoGP<\/strong><\/h2>\n\n\n\n<p class=\"wp-block-paragraph\">A reda\u00e7\u00e3o do&nbsp;<strong>GRANDE PR\u00caMIO&nbsp;<\/strong>selecionou as not\u00edcias mais importantes das \u00faltimas horas para voc\u00ea ficar por dentro de tudo que acontece na MotoGP<\/p>\n\n\n\n<p class=\"wp-block-paragraph\">\u25b6\ufe0f&nbsp;<a href=\"https:\/\/www.grandepremio.com\/br\/motogp\/noticias\/pedro-acosta-confirma-forca-ktm-garante-pole-motogp-catalunha-diogo-moreira-sai-em-20\/\"><strong>Acosta confirma for\u00e7a da KTM e garante pole da MotoGP na Catalunha. Moreira sai em 20\u00ba<\/strong><\/a><br>\u25b6\ufe0f&nbsp;<a href=\"https:\/\/www.grandepremio.com\/br\/motogp\/noticias\/tech3-evita-surpresas-anuncia-renovacao-plurianual-ktm-motogp\/\"><strong>Tech3 evita surpresas e anuncia renova\u00e7\u00e3o plurianual com KTM na MotoGP<\/strong><\/a><br>\u25b6\ufe0f&nbsp;<a href=\"https:\/\/www.grandepremio.com\/br\/motogp\/noticias\/muito-perigoso-pilotos-motogp-sobem-tom-criticam-falta-seguranca-barcelona\/\"><strong>\u201cMuito perigoso\u201d: pilotos da MotoGP sobem tom e criticam seguran\u00e7a em Barcelona<\/strong><\/a><\/p>\n","protected":false},"excerpt":{"rendered":"<p>Jorge Mart\u00edn caiu pela quarta vez no fim de semana e n\u00e3o conseguiu pontuar na corrida sprint, ligando o sinal de alerta para a corrida principal do GP da Catalunha<\/p>\n","protected":false},"author":0,"featured_media":1001087037,"comment_status":"closed","ping_status":"closed","sticky":false,"template":"","format":"standard","meta":{"42wp_featured_image_caption":"","42wp_featured_image_credits":"","42wp_featured_video":"","42wp_featured_image_hidden":false,"42wp_authors_list":[],"footnotes":""},"categories":[8],"tags":[133,24853,5214,4688,46798,1491,28285,5455,24704,2287,78,27236,25819,847,34187,44250],"42wp_author":[47171],"class_list":["post-8904","post","type-post","status-publish","format-standard","has-post-thumbnail","hentry","category-motogp","tag-aprilia","tag-calendario-motogp","tag-classificacao-motogp","tag-gp-da-catalunha","tag-gp-da-catalunha-de-motogp","tag-grande-premio","tag-grandepremio","tag-horarios-motogp","tag-jorge-martin","tag-marco-bezzecchi","tag-motogp","tag-motogp-2026","tag-motogp-hoje","tag-mundial-de-motovelocidade","tag-onde-assistir-motogp","tag-temporada-2026-da-motogp","42wp_author-fabricio-carvalho"],"_links":{"self":[{"href":"https:\/\/grandepremio.com\/br\/wp-json\/wp\/v2\/posts\/8904","targetHints":{"allow":["GET"]}}],"collection":[{"href":"https:\/\/grandepremio.com\/br\/wp-json\/wp\/v2\/posts"}],"about":[{"href":"https:\/\/grandepremio.com\/br\/wp-json\/wp\/v2\/types\/post"}],"replies":[{"embeddable":true,"href":"https:\/\/grandepremio.com\/br\/wp-json\/wp\/v2\/comments?post=8904"}],"version-history":[{"count":0,"href":"https:\/\/grandepremio.com\/br\/wp-json\/wp\/v2\/posts\/8904\/revisions"}],"wp:featuredmedia":[{"embeddable":true,"href":"https:\/\/grandepremio.com\/br\/wp-json\/wp\/v2\/media\/1001087037"}],"wp:attachment":[{"href":"https:\/\/grandepremio.com\/br\/wp-json\/wp\/v2\/media?parent=8904"}],"wp:term":[{"taxonomy":"category","embeddable":true,"href":"https:\/\/grandepremio.com\/br\/wp-json\/wp\/v2\/categories?post=8904"},{"taxonomy":"post_tag","embeddable":true,"href":"https:\/\/grandepremio.com\/br\/wp-json\/wp\/v2\/tags?post=8904"},{"taxonomy":"42wp_author","embeddable":true,"href":"https:\/\/grandepremio.com\/br\/wp-json\/wp\/v2\/42wp_author?post=8904"}],"curies":[{"name":"wp","href":"https:\/\/api.w.org\/{rel}","templated":true}]}}