{"id":89045,"date":"2024-01-31T16:09:21","date_gmt":"2024-01-31T19:09:21","guid":{"rendered":"https:\/\/grandepremio.com\/br\/noticias\/lenda-caminhoes-dakar-jan-de-rooy-morre-80-anos\/"},"modified":"2024-01-31T16:11:16","modified_gmt":"2024-01-31T19:11:16","slug":"lenda-caminhoes-dakar-jan-de-rooy-morre-80-anos","status":"publish","type":"post","link":"https:\/\/grandepremio.com\/br\/rally\/lenda-caminhoes-dakar-jan-de-rooy-morre-80-anos\/","title":{"rendered":"Lenda dos caminh\u00f5es no Dakar, De Rooy morre aos 80 anos na Holanda"},"content":{"rendered":"\n<p class=\"wp-block-paragraph\">O mundo do <strong>rali<\/strong> perdeu um de seus nomes mais ic\u00f4nicos nesta quarta-feira (31). O holand\u00eas <strong>Jan de Rooy<\/strong>, vencedor do <strong>Rali Dakar<\/strong> de 1987 nos caminh\u00f5es e respons\u00e1vel por um dois ve\u00edculos mais marcantes da competi\u00e7\u00e3o, morreu na Holanda aos 80 anos. Ele vivia uma vida reclusa em Middelbeers com sua parceira e, de acordo com a fam\u00edlia, faleceu em paz.<\/p>\n\n\n\n<p class=\"wp-block-paragraph\">&#8220;Ap\u00f3s uma breve doen\u00e7a, nosso pai, marido e av\u00f4 faleceu em paz e foi reunido com nosso grande amor, Annie. Ele dedicou 65 anos a sua empresa de transportes De Rooy, que celebrou seu centen\u00e1rio no \u00faltimo ano&#8221;, disse a fam\u00edlia em comunicado da empresa.<\/p>\n\n\n\n<p class=\"wp-block-paragraph\"><strong>De Rooy<\/strong> nasceu na cidade de <strong>Eindhoven<\/strong> em 1943 e assumiu a empresa de transportes do pai, Graad, aos 22 anos, mas ficou mais famoso por suas empreitadas com a <strong>DAF<\/strong>, marca holandesa de caminh\u00f5es, no <strong>Dakar<\/strong>. Foi na competi\u00e7\u00e3o em solo africano que ele ganhou o apelido de &#8216;De Beer&#8217; (O Urso), n\u00e3o s\u00f3 por sua alta estatura mas tamb\u00e9m por sua habilidade e coragem ao volante.<\/p>\n\n\n\n<p class=\"wp-block-paragraph\"><strong>\u25b6\ufe0f\u00a0Inscreva-se nos dois canais do GRANDE PR\u00caMIO no YouTube:\u00a0<a href=\"https:\/\/www.youtube.com\/channel\/UC9OlHEgxoaY6QY6nWPoiqQg?sub_confirmation=1\" target=\"_blank\" rel=\"noreferrer noopener\">GP<\/a>\u00a0|\u00a0<a href=\"https:\/\/www.youtube.com\/channel\/UC9csiS6q_C3C0FYhyr1rnFA?sub_confirmation=1\" target=\"_blank\" rel=\"noreferrer noopener\">GP2<\/a><\/strong><br><strong>\u25b6\ufe0f\u00a0<a href=\"https:\/\/www.twitch.tv\/grandepremio\" target=\"_blank\" rel=\"noreferrer noopener\">Conhe\u00e7a o canal do GRANDE PR\u00caMIO na Twitch clicando aqui!<\/a><\/strong><\/p>\n\n\n\n<figure class=\"wp-block-image size-large\"><img decoding=\"async\" src=\"https:\/\/www.grandepremio.com\/br\/wp-content\/uploads\/2024\/01\/DAF_Turbotwin_II-1024x768.jpg\" alt=\"\" class=\"wp-image-773734\"\/><figcaption class=\"wp-element-caption\">O ic\u00f4nico Twin Turbo de Jan de Rooy em 1987 (Foto: Creative Commons)<\/figcaption><\/figure>\n\n\n\n<p class=\"wp-block-paragraph\">Extremamente criativo, Jan teve a ideia de juntar duas caminh\u00f5es em um s\u00f3 para a competi\u00e7\u00e3o de 1984, com duas cabines e dois motores. A partir da\u00ed, passou a incrementar cada vez mais o caminh\u00e3o, e com um modelo com dois motores turbo, <strong>DAF Turbo Twin ll<\/strong>, venceu a competi\u00e7\u00e3o em 1987, com uma vantagem de mais de catorze horas e obtendo o 11\u00ba lugar geral no Dakar.<\/p>\n\n\n\n<p class=\"wp-block-paragraph\">Para 1988, a DAF incentivou De Rooy a construir um caminh\u00e3o ainda mais potente e a\u00ed surgiu o 95 TurboTwin X1. Com mais de 1200 cavalos de pot\u00eancia, foi constru\u00eddo para vencer o Dakar na classifica\u00e7\u00e3o geral e protagonizou uma das cenas mais famosas do rali, ultrapassando o carro de <strong>Ari Vatanen<\/strong>, tetracampe\u00e3o da competi\u00e7\u00e3o.<\/p>\n\n\n\n<figure class=\"wp-block-embed is-type-video is-provider-youtube wp-block-embed-youtube wp-embed-aspect-4-3 wp-has-aspect-ratio\"><div class=\"wp-block-embed__wrapper\">\n<iframe loading=\"lazy\" title=\"DAF: writing history at the DAKAR rally\" width=\"500\" height=\"375\" src=\"https:\/\/www.youtube.com\/embed\/1-mjohtDopI?feature=oembed\" frameborder=\"0\" allow=\"accelerometer; autoplay; clipboard-write; encrypted-media; gyroscope; picture-in-picture; web-share\" referrerpolicy=\"strict-origin-when-cross-origin\" allowfullscreen><\/iframe>\n<\/div><\/figure>\n\n\n\n<p class=\"wp-block-paragraph\">Al\u00e9m de sua pr\u00f3pria m\u00e1quina, De Rooy tamb\u00e9m levou um segundo caminh\u00e3o, que infelizmente se envolveu em um acidente grave que acabou com a morte do navegador <strong>Kees van Loevezijn<\/strong>. Ap\u00f3s o incidente, a DAF optou por se retirar do Dakar.<\/p>\n\n\n\n<p class=\"wp-block-paragraph\">Jan s\u00f3 voltaria a competir em 2002, gra\u00e7as \u00e0 insist\u00eancia de seu filho, <strong>Gerard<\/strong>. Sua \u00faltima participa\u00e7\u00e3o foi em 2009 e depois o holand\u00eas teve a oportunidade de ver Gerard vencer duas vezes, em 2012 e 2016, quebrando a hegemonia da russa <strong>Kamaz<\/strong> com caminh\u00f5es da <strong>Iveco<\/strong>. <a href=\"https:\/\/www.grandepremio.com\/br\/rally\/noticias\/janus-van-kasteren-conquista-dakar-2023-caminhoes-vaidotas-paskevicius-vence-14a-especial\/\" class=\"ek-link\">A <strong>Team de Rooy<\/strong> venceu o Dakar nos caminh\u00f5es pela \u00faltima vez em 2023, com <strong>Janus van Kasteren<\/strong><\/a>.<\/p>\n","protected":false},"excerpt":{"rendered":"<p>Famoso por suas empreitadas com a DAF nos caminh\u00f5es no Rali Dakar na d\u00e9cada de 80, o holand\u00eas Jan de Rooy morreu nesta quarta-feira (31) na Holanda<\/p>\n","protected":false},"author":0,"featured_media":1000773729,"comment_status":"closed","ping_status":"closed","sticky":false,"template":"","format":"standard","meta":{"42wp_featured_image_caption":"","42wp_featured_image_credits":"","42wp_featured_video":"","42wp_featured_image_hidden":false,"42wp_authors_list":[],"footnotes":""},"categories":[5],"tags":[1270,30437,853,33404,6754,233,618],"42wp_author":[47144],"class_list":["post-89045","post","type-post","status-publish","format-standard","has-post-thumbnail","hentry","category-rally","tag-caminhoes","tag-caminhoes-dakar","tag-dakar","tag-janus-van-kasteren","tag-kamaz","tag-rali","tag-rali-dakar","42wp_author-andre-netto"],"_links":{"self":[{"href":"https:\/\/grandepremio.com\/br\/wp-json\/wp\/v2\/posts\/89045","targetHints":{"allow":["GET"]}}],"collection":[{"href":"https:\/\/grandepremio.com\/br\/wp-json\/wp\/v2\/posts"}],"about":[{"href":"https:\/\/grandepremio.com\/br\/wp-json\/wp\/v2\/types\/post"}],"replies":[{"embeddable":true,"href":"https:\/\/grandepremio.com\/br\/wp-json\/wp\/v2\/comments?post=89045"}],"version-history":[{"count":0,"href":"https:\/\/grandepremio.com\/br\/wp-json\/wp\/v2\/posts\/89045\/revisions"}],"wp:featuredmedia":[{"embeddable":true,"href":"https:\/\/grandepremio.com\/br\/wp-json\/wp\/v2\/media\/1000773729"}],"wp:attachment":[{"href":"https:\/\/grandepremio.com\/br\/wp-json\/wp\/v2\/media?parent=89045"}],"wp:term":[{"taxonomy":"category","embeddable":true,"href":"https:\/\/grandepremio.com\/br\/wp-json\/wp\/v2\/categories?post=89045"},{"taxonomy":"post_tag","embeddable":true,"href":"https:\/\/grandepremio.com\/br\/wp-json\/wp\/v2\/tags?post=89045"},{"taxonomy":"42wp_author","embeddable":true,"href":"https:\/\/grandepremio.com\/br\/wp-json\/wp\/v2\/42wp_author?post=89045"}],"curies":[{"name":"wp","href":"https:\/\/api.w.org\/{rel}","templated":true}]}}