{"id":89048,"date":"2024-01-31T15:04:20","date_gmt":"2024-01-31T18:04:20","guid":{"rendered":"https:\/\/grandepremio.com\/br\/noticias\/jake-dennis-lamenta-cancelamento-hyderabad-vacuo-calendario-formula-e-queremos-correr\/"},"modified":"2024-01-31T15:06:19","modified_gmt":"2024-01-31T18:06:19","slug":"jake-dennis-lamenta-cancelamento-hyderabad-vacuo-calendario-formula-e-queremos-correr","status":"publish","type":"post","link":"https:\/\/grandepremio.com\/br\/formula-e\/jake-dennis-lamenta-cancelamento-hyderabad-vacuo-calendario-formula-e-queremos-correr\/","title":{"rendered":"Dennis lamenta cancelamento de Hyderabad e v\u00e1cuo no calend\u00e1rio da FE: &#8220;Queremos correr&#8221;"},"content":{"rendered":"\n<p class=\"wp-block-paragraph\">Ap\u00f3s a rodada dupla em <strong>Diriyah<\/strong>, na Ar\u00e1bia Saudita, a <strong>F\u00f3rmula E <\/strong>agora ter\u00e1 um intervalo de seis semanas at\u00e9 a sua quarta etapa da temporada, o <strong>eP de S\u00e3o Paulo<\/strong>, entre os dias 15 e 16 de mar\u00e7o. O v\u00e1cuo de provas se deu <a href=\"https:\/\/www.grandepremio.com\/br\/formula-e\/noticias\/formula-e-confirma-cancelamento-ep-hyderabad-sofre-baixa-calendario\/\" class=\"ek-link\">ap\u00f3s o cancelamento do <strong>eP de Hyderabad<\/strong>, na \u00cdndia, por conta de problemas com o governo local<\/a>. O grande intervalo n\u00e3o agradou ao atual campe\u00e3o da categoria, o brit\u00e2nico <strong>Jake Dennis<\/strong>, que gostaria de voltar \u00e0s pistas mais prontamente.<\/p>\n\n\n\n<p class=\"wp-block-paragraph\">&#8220;N\u00e3o, honestamente acho que todos estamos prontos para continuar correndo, tivemos um intervalo t\u00e3o grande desde julho&#8221;, disse o brit\u00e2nico em resposta ao <strong>GRANDE PR\u00caMIO<\/strong> durante entrevista coletiva. &#8220;Essas duas primeiras corridas foram \u00f3timas em termos de tudo ter corrido normalmente, a confiabilidade tem sido boa para o campeonato, e todo mundo est\u00e1 em um momento bom para continuar&#8221;, prosseguiu.<\/p>\n\n\n\n<p class=\"wp-block-paragraph\">&#8220;Ter este grande intervalo, obviamente tem seus benef\u00edcios, todo mundo pode aproveitar um pouco de tempo de folga e coisas assim, mas no fim das contas, somos pilotos de corrida e apaixonados pelo esporte a motor e s\u00f3 queremos continuar competindo&#8221;, reclamou Jake.<\/p>\n\n\n\n<p class=\"wp-block-paragraph\"><strong>\u25b6\ufe0f&nbsp;Inscreva-se nos dois canais do GRANDE PR\u00caMIO no YouTube:&nbsp;<a href=\"https:\/\/www.youtube.com\/channel\/UC9OlHEgxoaY6QY6nWPoiqQg?sub_confirmation=1\" target=\"_blank\" rel=\"noreferrer noopener\">GP<\/a>&nbsp;|&nbsp;<a href=\"https:\/\/www.youtube.com\/channel\/UC9csiS6q_C3C0FYhyr1rnFA?sub_confirmation=1\" target=\"_blank\" rel=\"noreferrer noopener\">GP2<\/a><\/strong><br><strong>\u25b6\ufe0f&nbsp;<a href=\"https:\/\/www.twitch.tv\/grandepremio\" target=\"_blank\" rel=\"noreferrer noopener\">Conhe\u00e7a o canal do GRANDE PR\u00caMIO na Twitch clicando aqui!<\/a><\/strong><\/p>\n\n\n\n<figure class=\"wp-block-image size-large\"><img decoding=\"async\" src=\"https:\/\/www.grandepremio.com\/br\/wp-content\/uploads\/2023\/02\/EPS904_040632_R3I1614-2048x2048-1-1024x683.jpg\" alt=\"\" class=\"wp-image-651030\"\/><figcaption class=\"wp-element-caption\">Hyderabad teve baixa  confirmada no calend\u00e1rio 2024 da F\u00f3rmula E (Foto: F\u00f3rmula E)<\/figcaption><\/figure>\n\n\n\n<p class=\"wp-block-paragraph\">A <strong>F\u00f3rmula E<\/strong> se preparava para seu maior calend\u00e1rio da hist\u00f3ria, com um total de 17 corridas previstas para 2024 e a introdu\u00e7\u00e3o de provas em T\u00f3quio, Xangai e Misano. Dennis lamentou a perda da corrida na \u00cdndia, mas tamb\u00e9m ressaltou que o per\u00edodo pode ser importante para descansar e trabalhar ap\u00f3s um <strong>eP de Diriyah 2<\/strong> bem frustrante.<\/p>\n\n\n\n<p class=\"wp-block-paragraph\">&#8220;\u00c9 uma pena ver a prova na \u00cdndia ser cancelada, \u00e9 uma pena perder uma corrida, seria nosso maior calend\u00e1rio da hist\u00f3ria, mas as coisas s\u00e3o assim e essa \u00e9 a situa\u00e7\u00e3o em que nos encontramos e, no fim das contas, estamos todos felizes com 16 corridas. Seria legal ter continuado a correr, mas essas seis semanas agora nos permitem ter umas f\u00e9rias se quisermos, nos permite trabalhar bastante na f\u00e1brica. Voc\u00ea s\u00f3 precisa se manter focado e n\u00e3o desligar muito, porque a prova no Brasil vai chegar bem r\u00e1pido, ainda que esteja longe neste momento&#8221;, concluiu o brit\u00e2nico.<\/p>\n\n\n\n<p class=\"wp-block-paragraph\">A&nbsp;<a href=\"https:\/\/www.grandepremio.com\/br\/formula-e\/\" target=\"_blank\" rel=\"noreferrer noopener\"><\/a><a href=\"https:\/\/www.grandepremio.com\/br\/formula-e\/\" target=\"_blank\" rel=\"noreferrer noopener\">F\u00f3rmula E<\/a>&nbsp;retorna agora entre os dias 15 e 16 de mar\u00e7o, com o&nbsp;<strong>eP de&nbsp;<a href=\"https:\/\/www.grandepremio.com\/br\/circuito\/sao-paulo\/\" target=\"_blank\" rel=\"noreferrer noopener\">S\u00e3o Paulo<\/a><\/strong>, que ter\u00e1 cobertura \u2018<strong>in loco<\/strong>\u2018 do&nbsp;<strong>GRANDE PR\u00caMIO<\/strong>. O&nbsp;<strong>GP<\/strong>&nbsp;\u00e9 emissora oficial da&nbsp;<strong><a href=\"https:\/\/www.grandepremio.com\/br\/formula-e\/\" target=\"_blank\" rel=\"noreferrer noopener\">F\u00f3rmula E<\/a><\/strong>&nbsp;no Brasil e transmite todas as atividades de pista&nbsp;<strong>AO VIVO e COM IMAGENS<\/strong>&nbsp;no&nbsp;<strong><a href=\"https:\/\/www.youtube.com\/c\/GrandePremioTV\" target=\"_blank\" rel=\"noreferrer noopener\">YouTube<\/a><\/strong>&nbsp;e no&nbsp;<strong><a href=\"https:\/\/m.kwai.com\/user\/@grandepremio\" target=\"_blank\" rel=\"noreferrer noopener\">Kwai<\/a><\/strong>.<\/p>\n\n\n\n<p class=\"wp-block-paragraph\"><strong><a href=\"https:\/\/bit.ly\/epSP2024GP\" target=\"_blank\" rel=\"noreferrer noopener\">Compre aqui os ingressos do eP de S\u00e3o Paulo 2024 da&nbsp;<\/a><a href=\"https:\/\/www.grandepremio.com\/br\/formula-e\/\" target=\"_blank\" rel=\"noreferrer noopener\">F\u00f3rmula E<\/a>&nbsp;com o cupom GRANDEPREMIO10<\/strong>.<\/p>\n\n\n\n<figure class=\"wp-block-embed is-type-video is-provider-youtube wp-block-embed-youtube wp-embed-aspect-16-9 wp-has-aspect-ratio\"><div class=\"wp-block-embed__wrapper\">\n<iframe loading=\"lazy\" title=\"CASSIDY aproveita fim de semana TERR\u00cdVEL de EVANS para ser O CARA DA JAGUAR | GP \u00e0s 10\" width=\"500\" height=\"281\" src=\"https:\/\/www.youtube.com\/embed\/WCyjX2S9gtk?feature=oembed\" frameborder=\"0\" allow=\"accelerometer; autoplay; clipboard-write; encrypted-media; gyroscope; picture-in-picture; web-share\" referrerpolicy=\"strict-origin-when-cross-origin\" allowfullscreen><\/iframe>\n<\/div><\/figure>\n\n\n\n<h2 class=\"wp-block-heading\" id=\"h-assista-ao-ep-de-diriyah-2\">Assista ao eP de Diriyah 2:<\/h2>\n\n\n\n<figure class=\"wp-block-embed is-type-video is-provider-youtube wp-block-embed-youtube wp-embed-aspect-16-9 wp-has-aspect-ratio\"><div class=\"wp-block-embed__wrapper\">\n<iframe loading=\"lazy\" title=\"F\u00d3RMULA E 2024 - eP de Diriyah | 3\u00aa etapa | Corrida 2\" width=\"500\" height=\"281\" src=\"https:\/\/www.youtube.com\/embed\/k5ammaOFxbg?feature=oembed\" frameborder=\"0\" allow=\"accelerometer; autoplay; clipboard-write; encrypted-media; gyroscope; picture-in-picture; web-share\" referrerpolicy=\"strict-origin-when-cross-origin\" allowfullscreen><\/iframe>\n<\/div><\/figure>\n","protected":false},"excerpt":{"rendered":"<p>A F\u00f3rmula E perdeu uma etapa com o cancelamento do eP de Hyderabad e agora ter\u00e1 um intervalo de seis semanas entre Diriyah e S\u00e3o Paulo, algo que n\u00e3o agradou ao atual campe\u00e3o, Jake Dennis<\/p>\n","protected":false},"author":0,"featured_media":1000772795,"comment_status":"closed","ping_status":"closed","sticky":false,"template":"","format":"standard","meta":{"42wp_featured_image_caption":"","42wp_featured_image_credits":"","42wp_featured_video":"","42wp_featured_image_hidden":false,"42wp_authors_list":[],"footnotes":""},"categories":[19],"tags":[417,28679,6853,33215,840,35967,1491,28285,35442,11465,8928,36219,37653],"42wp_author":[47144],"class_list":["post-89048","post","type-post","status-publish","format-standard","has-post-thumbnail","hentry","category-formula-e","tag-andretti","tag-calendario-formula-e","tag-classificacao-formula-e","tag-ep-de-hyderabad","tag-formula-e","tag-formula-e-2024","tag-grande-premio","tag-grandepremio","tag-horarios-formula-e","tag-india","tag-jake-dennis","tag-onde-assistir-formula-e","tag-temporada-2024-da-formula-e","42wp_author-andre-netto"],"_links":{"self":[{"href":"https:\/\/grandepremio.com\/br\/wp-json\/wp\/v2\/posts\/89048","targetHints":{"allow":["GET"]}}],"collection":[{"href":"https:\/\/grandepremio.com\/br\/wp-json\/wp\/v2\/posts"}],"about":[{"href":"https:\/\/grandepremio.com\/br\/wp-json\/wp\/v2\/types\/post"}],"replies":[{"embeddable":true,"href":"https:\/\/grandepremio.com\/br\/wp-json\/wp\/v2\/comments?post=89048"}],"version-history":[{"count":0,"href":"https:\/\/grandepremio.com\/br\/wp-json\/wp\/v2\/posts\/89048\/revisions"}],"wp:featuredmedia":[{"embeddable":true,"href":"https:\/\/grandepremio.com\/br\/wp-json\/wp\/v2\/media\/1000772795"}],"wp:attachment":[{"href":"https:\/\/grandepremio.com\/br\/wp-json\/wp\/v2\/media?parent=89048"}],"wp:term":[{"taxonomy":"category","embeddable":true,"href":"https:\/\/grandepremio.com\/br\/wp-json\/wp\/v2\/categories?post=89048"},{"taxonomy":"post_tag","embeddable":true,"href":"https:\/\/grandepremio.com\/br\/wp-json\/wp\/v2\/tags?post=89048"},{"taxonomy":"42wp_author","embeddable":true,"href":"https:\/\/grandepremio.com\/br\/wp-json\/wp\/v2\/42wp_author?post=89048"}],"curies":[{"name":"wp","href":"https:\/\/api.w.org\/{rel}","templated":true}]}}