{"id":89105,"date":"2024-01-31T04:15:00","date_gmt":"2024-01-31T07:15:00","guid":{"rendered":"https:\/\/grandepremio.com\/br\/noticias\/gerhard-berger-ve-f1-atual-poucos-riscos-voce-quer-ver-algo-que-os-incomoda\/"},"modified":"2024-01-30T18:28:23","modified_gmt":"2024-01-30T21:28:23","slug":"gerhard-berger-ve-f1-atual-poucos-riscos-voce-quer-ver-algo-que-os-incomoda","status":"publish","type":"post","link":"https:\/\/grandepremio.com\/br\/f1\/gerhard-berger-ve-f1-atual-poucos-riscos-voce-quer-ver-algo-que-os-incomoda\/","title":{"rendered":"Berger v\u00ea F1 atual com &#8220;poucos riscos&#8221;: &#8220;Voc\u00ea quer ver algo que os incomoda&#8221;"},"content":{"rendered":"\n<p class=\"wp-block-paragraph\"><strong>Gerhard Berger<\/strong> n\u00e3o est\u00e1 muito contente com os rumos que a <strong>F\u00f3rmula 1<\/strong> est\u00e1 seguindo nos \u00faltimos anos e acredita que a categoria deveria correr um pouco mais de riscos. Na vis\u00e3o do ex-piloto, a nova gera\u00e7\u00e3o de competidores est\u00e1 em uma zona de conforto muito grande e, para acabar com essa monotonia, \u00e9 preciso criar situa\u00e7\u00f5es em que eles se sintam mais pressionados e fiquem mais alertas.<\/p>\n\n\n\n<p class=\"wp-block-paragraph\">A opini\u00e3o de Berger come\u00e7ou a ser formada ap\u00f3s o <strong>GP do Catar<\/strong>, <a href=\"https:\/\/www.grandepremio.com\/br\/f1\/noticias\/logan-sargeant-vai-centro-medico-desidratacao-catar-esteban-ocon-vomita-carro\/\">quando os pilotos sofreram e reclamaram do intenso calor<\/a> durante e ap\u00f3s a corrida.<strong> Logan Sargeant<\/strong> foi levado para o centro m\u00e9dico depois de abandonar a prova por desidrata\u00e7\u00e3o, <strong>Lance Stroll<\/strong> deixou o <strong>AMR23 <\/strong>e foi direto falar com os atendentes de uma ambul\u00e2ncia, enquanto<strong> Esteban Ocon<\/strong> vomitou durante a volta 15.<\/p>\n\n\n\n<p class=\"wp-block-paragraph\">Berger minimizou a situa\u00e7\u00e3o e relembrou que, na d\u00e9cada de 1980, o <strong>GP do Brasil<\/strong> <a href=\"https:\/\/www.grandepremio.com\/br\/grandepremium\/lado-a-lado\/f1\/materias\/50-anos-formula-1-brasil-jacarepagua-interlagos\/\">era realizado no <strong>Rio de Janeiro<\/strong><\/a>, no<strong>&nbsp; Aut\u00f3dromo de Jacarepagu\u00e1<\/strong>, onde a umidade era elevada e as temperaturas alcan\u00e7avam os 40\u00baC.<\/p>\n\n\n\n<p class=\"wp-block-paragraph\">\u201cVoc\u00ea quer ver os pilotos guiando m\u00e1quinas de outro mundo, mas tamb\u00e9m quer ver quando algo os incomoda. Os pilotos de F1 reclamam quando est\u00e1 muito calor no Catar. Mas na minha \u00e9poca corr\u00edamos no Rio de Janeiro em um calor de 40\u00baC e alta umidade, e nossa transmiss\u00e3o era manual. N\u00e3o quero dizer que naquele tempo era mais dif\u00edcil, mas tamb\u00e9m n\u00e3o foi mais f\u00e1cil do que \u00e9 hoje\u201d, lembrou o austr\u00edaco.<\/p>\n\n\n\n<figure class=\"wp-block-image size-large\"><img decoding=\"async\" src=\"https:\/\/www.grandepremio.com\/br\/wp-content\/uploads\/2023\/10\/catar-2023-f1-corrida-ferrari-charles-leclerc-01-1024x683.jpg\" alt=\"\" class=\"wp-image-738372\"\/><figcaption class=\"wp-element-caption\">Pilotos sofreram com o calor do Catar na F1 (Foto: Ferrari)<\/figcaption><\/figure>\n\n\n\n<p class=\"wp-block-paragraph\">Berger, no entanto, admitiu que n\u00e3o existe a necessidade de correr riscos desnecess\u00e1rios. Por isso, comparou a F1 com o TT da Ilha de Man e a MotoGP e afirmou que a classe rainha do motociclismo sabe se arriscar na medida certa.<\/p>\n\n\n\n<p class=\"wp-block-paragraph\">&#8220;\u00c9 claro que existem limites para o que voc\u00ea pode fazer e para os riscos que est\u00e1 disposto a correr. Estive no TT da Ilha de Man no ano passado, mas fui embora depois de um dia. Ali se corre muitos riscos, \u00e0s vezes exagerados. A F1 \u00e9 totalmente o oposto e est\u00e1 atrasada nisso. Podemos dizer que a MotoGP \u00e9 um meio termo entre as duas &#8220;, finalizou.<\/p>\n\n\n\n<p class=\"wp-block-paragraph\"><strong>\u25b6\ufe0f\u00a0Inscreva-se nos dois canais do GRANDE PR\u00caMIO no YouTube:\u00a0<a href=\"https:\/\/www.youtube.com\/channel\/UC9OlHEgxoaY6QY6nWPoiqQg?sub_confirmation=1\" target=\"_blank\" rel=\"noreferrer noopener\">GP<\/a>\u00a0|\u00a0<a href=\"https:\/\/www.youtube.com\/channel\/UC9csiS6q_C3C0FYhyr1rnFA?sub_confirmation=1\" target=\"_blank\" rel=\"noreferrer noopener\">GP2<\/a><\/strong><br><strong>\u25b6\ufe0f\u00a0<a href=\"https:\/\/www.twitch.tv\/grandepremio\" target=\"_blank\" rel=\"noreferrer noopener\">Conhe\u00e7a o canal do GRANDE PR\u00caMIO na Twitch clicando aqui!<\/a><\/strong><\/p>\n\n\n\n<figure class=\"wp-block-embed is-type-video is-provider-youtube wp-block-embed-youtube wp-embed-aspect-16-9 wp-has-aspect-ratio\"><div class=\"wp-block-embed__wrapper\">\n<iframe loading=\"lazy\" title=\"Por que F1 ERRA ao colocar MADRI no calend\u00e1rio? | GP \u00e0s 10\" width=\"500\" height=\"281\" src=\"https:\/\/www.youtube.com\/embed\/0UCap93qtms?feature=oembed\" frameborder=\"0\" allow=\"accelerometer; autoplay; clipboard-write; encrypted-media; gyroscope; picture-in-picture; web-share\" referrerpolicy=\"strict-origin-when-cross-origin\" allowfullscreen><\/iframe>\n<\/div><\/figure>\n","protected":false},"excerpt":{"rendered":"<p>Ex-piloto de F\u00f3rmula 1, Gerhard Berger acredita que a categoria tem de deixar o conservadorismo de lado, se inspirar na MotoGP e correr um pouco mais de riscos<\/p>\n","protected":false},"author":0,"featured_media":1000517572,"comment_status":"closed","ping_status":"closed","sticky":false,"template":"","format":"standard","meta":{"42wp_featured_image_caption":"","42wp_featured_image_credits":"","42wp_featured_video":"","42wp_featured_image_hidden":false,"42wp_authors_list":[],"footnotes":""},"categories":[2],"tags":[1113,147,3230,180,30909,877,600,1491,28285,78],"42wp_author":[47149],"class_list":["post-89105","post","type-post","status-publish","format-standard","has-post-thumbnail","hentry","category-f1","tag-catar","tag-f1","tag-f1-2024","tag-formula-1","tag-formula-1-2024","tag-gerhard-berger","tag-gp-do-catar","tag-grande-premio","tag-grandepremio","tag-motogp","42wp_author-bernardo-castro"],"_links":{"self":[{"href":"https:\/\/grandepremio.com\/br\/wp-json\/wp\/v2\/posts\/89105","targetHints":{"allow":["GET"]}}],"collection":[{"href":"https:\/\/grandepremio.com\/br\/wp-json\/wp\/v2\/posts"}],"about":[{"href":"https:\/\/grandepremio.com\/br\/wp-json\/wp\/v2\/types\/post"}],"replies":[{"embeddable":true,"href":"https:\/\/grandepremio.com\/br\/wp-json\/wp\/v2\/comments?post=89105"}],"version-history":[{"count":0,"href":"https:\/\/grandepremio.com\/br\/wp-json\/wp\/v2\/posts\/89105\/revisions"}],"wp:featuredmedia":[{"embeddable":true,"href":"https:\/\/grandepremio.com\/br\/wp-json\/wp\/v2\/media\/1000517572"}],"wp:attachment":[{"href":"https:\/\/grandepremio.com\/br\/wp-json\/wp\/v2\/media?parent=89105"}],"wp:term":[{"taxonomy":"category","embeddable":true,"href":"https:\/\/grandepremio.com\/br\/wp-json\/wp\/v2\/categories?post=89105"},{"taxonomy":"post_tag","embeddable":true,"href":"https:\/\/grandepremio.com\/br\/wp-json\/wp\/v2\/tags?post=89105"},{"taxonomy":"42wp_author","embeddable":true,"href":"https:\/\/grandepremio.com\/br\/wp-json\/wp\/v2\/42wp_author?post=89105"}],"curies":[{"name":"wp","href":"https:\/\/api.w.org\/{rel}","templated":true}]}}