{"id":89163,"date":"2024-01-30T10:03:30","date_gmt":"2024-01-30T13:03:30","guid":{"rendered":"https:\/\/grandepremio.com\/br\/noticias\/engenheiro-pessoal-formula-1-2008-diz-felipe-massa-direito-buscar-acha-justo\/"},"modified":"2024-01-30T18:26:34","modified_gmt":"2024-01-30T21:26:34","slug":"engenheiro-pessoal-formula-1-2008-diz-felipe-massa-direito-buscar-acha-justo","status":"publish","type":"post","link":"https:\/\/grandepremio.com\/br\/f1\/engenheiro-pessoal-formula-1-2008-diz-felipe-massa-direito-buscar-acha-justo\/","title":{"rendered":"Engenheiro pessoal em 2008 diz que Massa tem &#8220;direito de buscar o que acha justo&#8221;"},"content":{"rendered":"\n<p class=\"wp-block-paragraph\">O caso de <strong><a href=\"https:\/\/www.grandepremio.com\/br\/?s=massa&amp;orderby=post_date&amp;rows=20\" class=\"ek-link\">Felipe Massa<\/a><\/strong> em busca do t\u00edtulo mundial da temporada 2008 da <strong><a href=\"https:\/\/www.grandepremio.com\/br\/f1\/\" class=\"ek-link\">F\u00f3rmula 1<\/a><\/strong> continua rolando. Enquanto isso, quem se manifestou pela primeira vez foi <strong>Rob Smedley<\/strong>, que \u00e9 amigo de Massa e era o engenheiro de corridas do piloto brasileiro nos anos de <strong>Ferrari<\/strong>. Embora Smedley tenha evitado a dar uma opini\u00e3o contundente sobre o caso, afirmou que entende que Massa esteja dentro dos direitos como cidad\u00e3o que se sentiu lesado.<\/p>\n\n\n\n<p class=\"wp-block-paragraph\">A liga\u00e7\u00e3o entre Smedley e Massa \u00e9 bem conhecida. O ingl\u00eas foi engenheiro de corridas do piloto a partir do meio da temporada 2006 em diante. Quando Massa deixou a Ferrari rumo \u00e0 <strong>Williams<\/strong>, Smedley tamb\u00e9m foi contratado, ent\u00e3o como diretor de opera\u00e7\u00f5es de pista, e ficou at\u00e9 2018, quando saiu da F1 como um todo.<\/p>\n\n\n\n<p class=\"wp-block-paragraph\">Embora Smedley n\u00e3o quis dar uma opini\u00e3o sobre o que acredita que deva ser o resultado do caso, defendeu o direito de Massa buscar justi\u00e7a e afirmou que, caso o brasileiro prospere, trata-se de um precedente capaz de abalar estruturas no esporte.<\/p>\n\n\n\n<p class=\"wp-block-paragraph\">&#8220;O que vou dizer \u00e9 que isso \u00e9 algo que Felipe sente fortemente. N\u00e3o \u00e9 segredo que Felipe \u00e9 muito meu amigo, \u00e9 como um irm\u00e3o mais novo. Se isso \u00e9 algo sobre o qual ele tenha um sentimento forte e, quando fala do assunto, \u00e9 muito persuasivo e convincente no fato de que est\u00e1 fazendo pelo que sente ser justi\u00e7a&#8221;, continuou.<\/p>\n\n\n\n<figure class=\"wp-block-image size-large\"><img decoding=\"async\" src=\"https:\/\/www.grandepremio.com\/br\/wp-content\/uploads\/2023\/04\/attachment_43917-1024x683.jpg\" alt=\"\" class=\"wp-image-669927\"\/><figcaption class=\"wp-element-caption\">Felipe Massa no pit em SIngapura ap\u00f3s a batida de Nelsinho Piquet (Foto: Ferrari Media)<\/figcaption><\/figure>\n\n\n\n<p class=\"wp-block-paragraph\">&#8220;Todo mundo deve ter o direito pessoal de ir atr\u00e1s, dentro dos limites da legalidade, daquilo que acha justo. E \u00e9 esse o caso com Felipe&#8221;, apontou.<\/p>\n\n\n\n<p class=\"wp-block-paragraph\">&#8220;S\u00e3o muitos lados envolvidos. Estamos come\u00e7ando a olhar de volta ao passo. Onde vai terminar, n\u00e3o tenho ideia. Mantenho observa\u00e7\u00e3o no caso, e \u00e9 tudo que eu posso e quero fazer&#8221;, garantiu. <\/p>\n\n\n\n<p class=\"wp-block-paragraph\">&#8220;Existe o interesse, porque, no cen\u00e1rio do resultado realmente mudar, o que isso abre? Em termos de decis\u00f5es esportivas, n\u00e3o apenas na F1, mas no passado [de maneira geral]&#8221;, indagou.<\/p>\n\n\n\n<p class=\"wp-block-paragraph\">&#8220;N\u00e3o \u00e9 dizer que est\u00e1 certo ou errado, nem ir para um dos lados do muro, mas \u00e9 de fato um elemento interessante em tudo isso. Se houver uma decis\u00e3o que favore\u00e7a aquilo que Felipe procura, ser\u00e1 muito interessante saber como o esporte em geral lidar\u00e1 com decis\u00f5es injustas do passado, digamos&#8221;, avaliou.<\/p>\n\n\n\n<figure class=\"wp-block-image size-large\"><img decoding=\"async\" src=\"https:\/\/www.grandepremio.com\/br\/wp-content\/uploads\/2023\/09\/GPF1-4-1024x576.jpg\" alt=\"\" class=\"wp-image-731956\"\/><figcaption class=\"wp-element-caption\">Nelsinho Piquet bateu no maior esc\u00e2ndalo da hist\u00f3ria da F1 (Foto: Reprodu\u00e7\u00e3o\/F1)<\/figcaption><\/figure>\n\n\n\n<h3 class=\"wp-block-heading\" id=\"h-smedley-afirma-que-sabia-de-imediato-de-acidente-arquitetado-simples-de-concluir\">Smedley afirma que sabia de imediato de acidente arquitetado: &#8220;Simples de concluir&#8221;<\/h3>\n\n\n\n<p class=\"wp-block-paragraph\">De acordo com Smedley, o fato do acidente ter sido arquitetado pela <strong>Renault<\/strong> n\u00e3o foi grande mist\u00e9rio. Era poss\u00edvel notar na \u00e9poca da batida de <strong>Nelsinho Piquet<\/strong> em Singapura.<\/p>\n\n\n\n<p class=\"wp-block-paragraph\">&#8220;Como voc\u00ea bate l\u00e1, n\u00e3o tenho ideia. Eu n\u00e3o teria batido, e n\u00e3o ando a mais de 50 km\/h. N\u00e3o tenho ideia de como jovem Nelson bateu l\u00e1. Bem, temos uma ideia de como ele bateu. Assisti ao vivo e fiquei pensando que era estranho. A\u00ed, voc\u00ea assiste os replays e, l\u00e1 para o terceiro, voc\u00ea pensa &#8216;ok, entendo o que aconteceu agora&#8217;. \u00c9 simples de concluir. Foi \u00f3bvio logo ap\u00f3s o que aconteceu&#8221;, apontou.<\/p>\n\n\n\n<p class=\"wp-block-paragraph\">&#8220;Depois disso, as ramifica\u00e7\u00f5es e repercuss\u00f5es e como se ganha justi\u00e7a. N\u00e3o acho que ningu\u00e9m tinha qualquer d\u00favida, especialmente dentro do meu c\u00edrculo pr\u00f3ximo, na Ferrari e com o pessoal que fal\u00e1vamos no paddock. Olhamos para aquilo e achamos que tinha sido bastante claro o que aconteceu&#8221;, finalizou.<\/p>\n\n\n\n<p class=\"wp-block-paragraph\">A&nbsp;<a href=\"https:\/\/www.grandepremio.com\/formula-1\/\" target=\"_blank\" rel=\"noreferrer noopener\"><\/a><strong><a href=\"https:\/\/www.grandepremio.com\/formula-1\/\" target=\"_blank\" rel=\"noreferrer noopener\">F\u00f3rmula 1<\/a>&nbsp;<\/strong>retorna \u00e0s pistas de 21 a 23 de fevereiro, com os testes coletivos da pr\u00e9-temporada no Bahrein, no circuito de&nbsp;<a href=\"https:\/\/www.grandepremio.com\/br\/circuito\/sakhir\/\" target=\"_blank\" rel=\"noreferrer noopener\">Sakhir<\/a>.<\/p>\n\n\n\n<p class=\"wp-block-paragraph\"><strong>\u25b6\ufe0f\u00a0Inscreva-se nos dois canais do GRANDE PR\u00caMIO no YouTube:\u00a0<a href=\"https:\/\/www.youtube.com\/channel\/UC9OlHEgxoaY6QY6nWPoiqQg?sub_confirmation=1\" target=\"_blank\" rel=\"noreferrer noopener\">GP<\/a>\u00a0|\u00a0<a href=\"https:\/\/www.youtube.com\/channel\/UC9csiS6q_C3C0FYhyr1rnFA?sub_confirmation=1\" target=\"_blank\" rel=\"noreferrer noopener\">GP2<\/a><\/strong><br><strong>\u25b6\ufe0f\u00a0<a href=\"https:\/\/www.twitch.tv\/grandepremio\" target=\"_blank\" rel=\"noreferrer noopener\">Conhe\u00e7a o canal do GRANDE PR\u00caMIO na Twitch clicando aqui!<\/a><\/strong><\/p>\n\n\n\n<figure class=\"wp-block-embed is-type-video is-provider-youtube wp-block-embed-youtube wp-embed-aspect-16-9 wp-has-aspect-ratio\"><div class=\"wp-block-embed__wrapper\">\n<iframe loading=\"lazy\" title=\"Norris TEM MEDO de Verstappen + Vit\u00f3ria brasileira em DAYTONA | Paddock Sprint\" width=\"500\" height=\"281\" src=\"https:\/\/www.youtube.com\/embed\/9-9pixPSNHs?feature=oembed\" frameborder=\"0\" allow=\"accelerometer; autoplay; clipboard-write; encrypted-media; gyroscope; picture-in-picture; web-share\" referrerpolicy=\"strict-origin-when-cross-origin\" allowfullscreen><\/iframe>\n<\/div><figcaption class=\"wp-element-caption\">Norris TEM MEDO de Verstappen + Vit\u00f3ria brasileira em DAYTONA | Paddock Sprint<\/figcaption><\/figure>\n","protected":false},"excerpt":{"rendered":"<p>Rob Smedley, engenheiro de corridas de Felipe Massa em 2008 e amigo pessoal do piloto, ficou um tanto em cima do muro, mas disse que Felipe tem direito de buscar o que entende por justi\u00e7a. Ainda contou que os c\u00edrculos da F\u00f3rmula 1 sabiam, s\u00f3 de ver as imagens, quea batida de Nelsinho Piquet em Singapura n\u00e3o fora normal<\/p>\n","protected":false},"author":0,"featured_media":1000666214,"comment_status":"closed","ping_status":"closed","sticky":false,"template":"","format":"standard","meta":{"42wp_featured_image_caption":"","42wp_featured_image_credits":"","42wp_featured_video":"","42wp_featured_image_hidden":false,"42wp_authors_list":[],"footnotes":""},"categories":[2],"tags":[5660,2226,3230,642,504],"42wp_author":[47120],"class_list":["post-89163","post","type-post","status-publish","format-standard","has-post-thumbnail","hentry","category-f1","tag-classificacao","tag-f1-2008","tag-f1-2024","tag-f1-ao-vivo","tag-felipe-massa","42wp_author-pedro-henrique-marum"],"_links":{"self":[{"href":"https:\/\/grandepremio.com\/br\/wp-json\/wp\/v2\/posts\/89163","targetHints":{"allow":["GET"]}}],"collection":[{"href":"https:\/\/grandepremio.com\/br\/wp-json\/wp\/v2\/posts"}],"about":[{"href":"https:\/\/grandepremio.com\/br\/wp-json\/wp\/v2\/types\/post"}],"replies":[{"embeddable":true,"href":"https:\/\/grandepremio.com\/br\/wp-json\/wp\/v2\/comments?post=89163"}],"version-history":[{"count":0,"href":"https:\/\/grandepremio.com\/br\/wp-json\/wp\/v2\/posts\/89163\/revisions"}],"wp:featuredmedia":[{"embeddable":true,"href":"https:\/\/grandepremio.com\/br\/wp-json\/wp\/v2\/media\/1000666214"}],"wp:attachment":[{"href":"https:\/\/grandepremio.com\/br\/wp-json\/wp\/v2\/media?parent=89163"}],"wp:term":[{"taxonomy":"category","embeddable":true,"href":"https:\/\/grandepremio.com\/br\/wp-json\/wp\/v2\/categories?post=89163"},{"taxonomy":"post_tag","embeddable":true,"href":"https:\/\/grandepremio.com\/br\/wp-json\/wp\/v2\/tags?post=89163"},{"taxonomy":"42wp_author","embeddable":true,"href":"https:\/\/grandepremio.com\/br\/wp-json\/wp\/v2\/42wp_author?post=89163"}],"curies":[{"name":"wp","href":"https:\/\/api.w.org\/{rel}","templated":true}]}}