{"id":89170,"date":"2024-01-30T09:51:35","date_gmt":"2024-01-30T12:51:35","guid":{"rendered":"https:\/\/grandepremio.com\/br\/noticias\/andretti-revela-imagem-carro-tunel-vento-cita-trabalho-duro-estrear-f1\/"},"modified":"2024-01-30T10:28:23","modified_gmt":"2024-01-30T13:28:23","slug":"andretti-revela-imagem-carro-tunel-vento-cita-trabalho-duro-estrear-f1","status":"publish","type":"post","link":"https:\/\/grandepremio.com\/br\/f1\/andretti-revela-imagem-carro-tunel-vento-cita-trabalho-duro-estrear-f1\/","title":{"rendered":"Andretti revela imagem de carro em t\u00fanel de vento e cita &#8220;trabalho duro para estrear na F1&#8221;"},"content":{"rendered":"\n<p class=\"wp-block-paragraph\">A <strong>Andretti <\/strong>revelou a primeira imagem do carro de <strong>F\u00f3rmula 1<\/strong> constru\u00eddo com as especifica\u00e7\u00f5es do regulamento atual e que est\u00e1 em t\u00fanel de vento desde outubro do ano passado. Ainda \u00e0 espera da aprova\u00e7\u00e3o da categoria ap\u00f3s receber sinal verde da <strong>Federa\u00e7\u00e3o Internacional de Automobilismo <\/strong>(<strong>FIA<\/strong>) para estrear na temporada <strong>2025<\/strong>, a equipe reiterou que o foco no momento \u00e9 aprender tudo sobre a atual geometria e como obter o melhor rendimento do projeto.<\/p>\n\n\n\n<p class=\"wp-block-paragraph\">Ap\u00f3s atender todos os pr\u00e9-requisitos estabelecidos pela entidade que regula o esporte, a Andretti agora depende da libera\u00e7\u00e3o da F1, na pessoa do CEO, <strong>Stefano Domenicali<\/strong>, bem como das demais equipes do grid. Este tem sido o principal impasse, uma vez que os times atuais rejeitam a ideia de mais um competidor e usam como argumento a dilui\u00e7\u00e3o do pr\u00eamio em dinheiro, al\u00e9m de dizerem que a Andretti &#8220;n\u00e3o agregaria valor&#8221; \u00e0 classe.<\/p>\n\n\n\n<p class=\"wp-block-paragraph\">Imbr\u00f3glio \u00e0 parte, a Andretti <a href=\"https:\/\/www.grandepremio.com\/br\/f1\/noticias\/andretti-explica-preparacao-precoce-equipe-f1-nao-subestimamos-trabalho\/\" class=\"ek-link\">optou por seguir seu cronograma de trabalho<\/a>, n\u00e3o apenas construindo novas instala\u00e7\u00f5es e promovendo um rebranding da marca, como tamb\u00e9m preparando um carro de F1 dentro das regras vigentes para ser desenvolvido em t\u00fanel de vento. Desde outubro do ano passado, o time que leva o nome do campe\u00e3o da F1 de 1978, <strong>Mario Andretti<\/strong>, usa as instala\u00e7\u00f5es da <strong>Toyota <\/strong>em Col\u00f4nia e j\u00e1 prepara um programa de testes completo para 2025, caso a aprova\u00e7\u00e3o total venha a tempo.<\/p>\n\n\n\n<p class=\"wp-block-paragraph\">Al\u00e9m disso, o trabalho de R&amp;D (pesquisa e desenvolvimento, da sigla em ingl\u00eas) tamb\u00e9m est\u00e1 em andamento na sede da <strong>GM <\/strong>\u2014 gigante do setor automobil\u00edstico que firmou parceria com a Andretti para levar a marca <strong>Cadillac <\/strong>\u00e0 F1 \u2014, em <strong>Charlotte<\/strong>, nos <strong>Estados Unidos<\/strong>. Cerca de 50 pessoas foram designadas para o projeto, em conjunto com outras 70 que atual no <strong>Reino Unido<\/strong>.<\/p>\n\n\n\n<figure class=\"wp-block-image size-large\"><img decoding=\"async\" src=\"https:\/\/www.grandepremio.com\/br\/wp-content\/uploads\/2023\/10\/Michael_Andretti-1024x576.jpg\" alt=\"\" class=\"wp-image-742385\"\/><figcaption class=\"wp-element-caption\">A Andretti est\u00e1 a pleno vapor para ter um carro competitivo na F1, seja em 2025 ou 2026 (Foto: Divulga\u00e7\u00e3o)<\/figcaption><\/figure>\n\n\n\n<p class=\"wp-block-paragraph\"><strong>Nick Chester<\/strong>, diretor-t\u00e9cnico, declarou ao site da revista inglesa Autosport que a equipe de design tem trabalhado arduamente com a certeza de que a estreia na F1 acontecer\u00e1 em 2025 ou 2026. &#8220;Obviamente preferir\u00edamos ter a entrada formal e um ano-alvo para isso, mas ficamos muito felizes por passarmos no processo da FIA.&#8221;<\/p>\n\n\n\n<p class=\"wp-block-paragraph\">&#8220;Foi muito rigoroso, mas atendemos todos os requisitos. E estamos trabalhando duro em busca de avan\u00e7ar para termos um carro competitivo pronto para estrear em qualquer ano&#8221;, salientou. &#8220;Acho que todos est\u00e3o realisticamente confiantes, dado o financiamento, o nome Andretti, a parceria com a GM, a GM fazendo sua pr\u00f3pria unidade de pot\u00eancia para 2028. Isso deve acontecer&#8221;, completou Chester.<\/p>\n\n\n\n<p class=\"wp-block-paragraph\">Em seguida, o ex-chefe-t\u00e9cnico da <strong>Renault <\/strong>destacou a import\u00e2ncia de se ter um grupo completamente alinhado e disposto a desenvolver todo o trabalho que envolve o nascimento de uma nova equipe, tornando tudo &#8220;muito divertido e emocionante&#8221;.<\/p>\n\n\n\n<p class=\"wp-block-paragraph\">Ao ser indagado, contudo, se h\u00e1 uma data limite para o in\u00edcio dos trabalhos em pista, Chester admitiu que o ideal seria que a decis\u00e3o da F1 fosse tomada o quanto antes. &#8220;N\u00e3o temos [um prazo], apenas o quanto antes soubermos, ser\u00e1 poss\u00edvel fazer um carro melhor.&#8221;<\/p>\n\n\n\n<p class=\"wp-block-paragraph\">&#8220;\u00c9 muito complicado, \u00e9 uma pergunta muito dif\u00edcil. Porque queremos ter a confirma\u00e7\u00e3o da estreia e uma data para poder cronometrar o recrutamento de todo o pessoal. Claro que ainda estamos construindo, mas isso ocasionaria em uma constru\u00e7\u00e3o da p\u00f3s-entrada ainda mais r\u00e1pida&#8221;, seguiu.<\/p>\n\n\n\n<p class=\"wp-block-paragraph\">&#8220;A data limite \u00e9 mais um compromisso em termos de desempenho. Voc\u00ea pode come\u00e7ar a impulsionar [o desenvolvimento] mais tarde, mas acaba fazendo um carro pior. Quanto mais o tempo se arrasta, mais dif\u00edcil fica para colocar um carro competitivo no grid&#8221;, continuou.<\/p>\n\n\n\n<p class=\"wp-block-paragraph\">A inten\u00e7\u00e3o de ter um modelo de 2024, portanto, \u00e9 puramente aprender, como acrescentou Chester. &#8220;Estamos efetivamente tentando desenvolver um carro atual e tirar li\u00e7\u00f5es dessa geometria e de como se pode obter mais desempenho com ela. Tamb\u00e9m tentar melhorar nosso rendimento desde o conceito, CFD (din\u00e2mica de flu\u00eddo computacional, da sigla em ingl\u00eas), t\u00fanel de vento, visualiza\u00e7\u00e3o de resultados at\u00e9 retornar ao CFD. Estamos, portanto, tentando melhorar os processos e desenvolver um carro de 2024&#8221;, complementou, explicando, por fim, que caso a estreia seja adiada para 2026, nenhum trabalho aerodin\u00e2mico poder\u00e1 ser feito antes de janeiro do ano que vem.<\/p>\n\n\n\n<p class=\"wp-block-paragraph\">&#8220;Essa \u00e9 uma mudan\u00e7a complicada de ser feita. Para 2026, as regras ainda n\u00e3o est\u00e3o todas definidas. Existe um modelo CAD (desenho auxiliado por computador) por a\u00ed e h\u00e1 algum objetivo. Mas ainda n\u00e3o existe um conjunto completo de regulamentos. Por isso seria um pouco mais complicado mudar&#8221;, concluiu.<\/p>\n\n\n\n<p class=\"wp-block-paragraph\">A\u00a0<a href=\"https:\/\/www.grandepremio.com\/formula-1\/\" target=\"_blank\" rel=\"noreferrer noopener\"><\/a><a href=\"https:\/\/www.grandepremio.com\/formula-1\/\" target=\"_blank\" rel=\"noreferrer noopener\">F\u00f3rmula 1<\/a>\u00a0retorna \u00e0s pistas de 21 a 23 de fevereiro, com os testes coletivos da pr\u00e9-temporada no Bahrein, no circuito de\u00a0<a href=\"https:\/\/www.grandepremio.com\/br\/circuito\/sakhir\/\" target=\"_blank\" rel=\"noreferrer noopener\">Sakhir<\/a>.<\/p>\n\n\n\n<p class=\"wp-block-paragraph\"><strong>\u25b6\ufe0f\u00a0Inscreva-se nos dois canais do GRANDE PR\u00caMIO no YouTube:\u00a0<a href=\"https:\/\/www.youtube.com\/channel\/UC9OlHEgxoaY6QY6nWPoiqQg?sub_confirmation=1\" target=\"_blank\" rel=\"noreferrer noopener\">GP<\/a>\u00a0|\u00a0<a href=\"https:\/\/www.youtube.com\/channel\/UC9csiS6q_C3C0FYhyr1rnFA?sub_confirmation=1\" target=\"_blank\" rel=\"noreferrer noopener\">GP2<\/a><\/strong><br><strong>\u25b6\ufe0f\u00a0<a href=\"https:\/\/www.twitch.tv\/grandepremio\" target=\"_blank\" rel=\"noreferrer noopener\">Conhe\u00e7a o canal do GRANDE PR\u00caMIO na Twitch clicando aqui!<\/a><\/strong>\u200b<\/p>\n\n\n\n<figure class=\"wp-block-embed is-type-video is-provider-youtube wp-block-embed-youtube wp-embed-aspect-16-9 wp-has-aspect-ratio\"><div class=\"wp-block-embed__wrapper\">\n<iframe loading=\"lazy\" title=\"Por que LECLERC ACERTA em renovar com FERRARI na F\u00f3rmula 1? | GP \u00e0s 10\" width=\"500\" height=\"281\" src=\"https:\/\/www.youtube.com\/embed\/f_aQDlcKOX4?feature=oembed\" frameborder=\"0\" allow=\"accelerometer; autoplay; clipboard-write; encrypted-media; gyroscope; picture-in-picture; web-share\" referrerpolicy=\"strict-origin-when-cross-origin\" allowfullscreen><\/iframe>\n<\/div><\/figure>\n","protected":false},"excerpt":{"rendered":"<p>A Andretti quer em primeiro lugar aprender o m\u00e1ximo poss\u00edvel sobre o atual carro da F\u00f3rmula 1 para ser competitiva, mas reconheceu que a demora em receber a aprova\u00e7\u00e3o definitiva pode comprometer o desempenho em pista<\/p>\n","protected":false},"author":0,"featured_media":1000773428,"comment_status":"closed","ping_status":"closed","sticky":false,"template":"","format":"standard","meta":{"42wp_featured_image_caption":"","42wp_featured_image_credits":"","42wp_featured_video":"","42wp_featured_image_hidden":false,"42wp_authors_list":[],"footnotes":""},"categories":[2],"tags":[417,729,26271,5273,147,3230,180,30909,30124,1491,28285,30840,35129,33301,178],"42wp_author":[47147],"class_list":["post-89170","post","type-post","status-publish","format-standard","has-post-thumbnail","hentry","category-f1","tag-andretti","tag-cadillac","tag-calendario-f1","tag-classificacao-f1","tag-f1","tag-f1-2024","tag-formula-1","tag-formula-1-2024","tag-gm","tag-grande-premio","tag-grandepremio","tag-horarios-f1","tag-onde-assistir-f1","tag-temporada-2024-f1","tag-toyota","42wp_author-luana-marino"],"_links":{"self":[{"href":"https:\/\/grandepremio.com\/br\/wp-json\/wp\/v2\/posts\/89170","targetHints":{"allow":["GET"]}}],"collection":[{"href":"https:\/\/grandepremio.com\/br\/wp-json\/wp\/v2\/posts"}],"about":[{"href":"https:\/\/grandepremio.com\/br\/wp-json\/wp\/v2\/types\/post"}],"replies":[{"embeddable":true,"href":"https:\/\/grandepremio.com\/br\/wp-json\/wp\/v2\/comments?post=89170"}],"version-history":[{"count":0,"href":"https:\/\/grandepremio.com\/br\/wp-json\/wp\/v2\/posts\/89170\/revisions"}],"wp:featuredmedia":[{"embeddable":true,"href":"https:\/\/grandepremio.com\/br\/wp-json\/wp\/v2\/media\/1000773428"}],"wp:attachment":[{"href":"https:\/\/grandepremio.com\/br\/wp-json\/wp\/v2\/media?parent=89170"}],"wp:term":[{"taxonomy":"category","embeddable":true,"href":"https:\/\/grandepremio.com\/br\/wp-json\/wp\/v2\/categories?post=89170"},{"taxonomy":"post_tag","embeddable":true,"href":"https:\/\/grandepremio.com\/br\/wp-json\/wp\/v2\/tags?post=89170"},{"taxonomy":"42wp_author","embeddable":true,"href":"https:\/\/grandepremio.com\/br\/wp-json\/wp\/v2\/42wp_author?post=89170"}],"curies":[{"name":"wp","href":"https:\/\/api.w.org\/{rel}","templated":true}]}}