{"id":89342,"date":"2024-01-27T12:57:49","date_gmt":"2024-01-27T15:57:49","guid":{"rendered":"https:\/\/grandepremio.com\/br\/noticias\/mika-hakkinen-receita-diz-mercedes-resgatar-vontade-incondicional-vencer\/"},"modified":"2024-01-27T13:06:52","modified_gmt":"2024-01-27T16:06:52","slug":"mika-hakkinen-receita-diz-mercedes-resgatar-vontade-incondicional-vencer","status":"publish","type":"post","link":"https:\/\/grandepremio.com\/br\/f1\/mika-hakkinen-receita-diz-mercedes-resgatar-vontade-incondicional-vencer\/","title":{"rendered":"H\u00e4kkinen d\u00e1 receita e diz que Mercedes tem de resgatar &#8220;vontade incondicional de vencer&#8221;"},"content":{"rendered":"\n<p class=\"wp-block-paragraph\">Depois da mudan\u00e7a no regulamento da <strong>F\u00f3rmula 1<\/strong> em 2014, que inaugurou a <strong>era V6-h\u00edbrida<\/strong> na categoria, a <strong>Mercedes <\/strong>dominou amplamente o grid, conquistando oito t\u00edtulos do <strong>Mundial de Construtores<\/strong> em sequ\u00eancia. Ainda assim, nos dois \u00faltimos anos, ap\u00f3s uma nova altera\u00e7\u00e3o no regulamento que trouxe de volta o efeito solo \u00e0 classe rainha do automobilismo, a equipe de <strong>Brackley <\/strong>n\u00e3o conseguiu desenvolver um carro que fosse capaz de brigar pelo t\u00edtulo. E na vis\u00e3o do bicampe\u00e3o <strong>Mika H\u00e4kkinen<\/strong>, a marca alem\u00e3, caso queira derrotar a <strong>Red Bull<\/strong>, vai precisar recuperar a &#8220;vontade incondicional de vencer&#8221;.<\/p>\n\n\n\n<p class=\"wp-block-paragraph\">O chef\u00e3o das Flechas de Prata, <strong>Toto Wolff<\/strong>, j\u00e1 revelou que sua equipe vai mudar completamente o conceito do <strong>W15 <\/strong>para a temporada 2024. Diretor-t\u00e9cnico da <strong>Mercedes<\/strong>, <a href=\"https:\/\/www.grandepremio.com\/br\/f1\/noticias\/diretor-da-mercedes-ve-limite-em-regulamento-e-cre-e-possivel-derrotar-red-bull-em-2024\/\" class=\"ek-link\"><strong>James Allison<\/strong> tamb\u00e9m garantiu recentemente que h\u00e1 um limite de desempenho poss\u00edvel dentro do atual regulamento<\/a> e, por isso, espera que o time de <strong>Max Verstappen<\/strong> n\u00e3o seja t\u00e3o dominante novamente.<\/p>\n\n\n\n<p class=\"wp-block-paragraph\">Quando questionado pela publica\u00e7\u00e3o alem\u00e3 Bild sobre o que espera da octacampe\u00e3 mundial neste ano, H\u00e4kkinen foi bem claro: &#8220;N\u00e3o existem d\u00favidas sobre a capacidade da <strong>Mercedes<\/strong>. Mas depois de uma d\u00e9cada repleta de sucessos, as duas \u00faltimas temporadas deixaram uma marca nos respons\u00e1veis e nos colaboradores.&#8221;<\/p>\n\n\n\n<p class=\"wp-block-paragraph\">&#8220;E isso \u00e9 bom&#8221;, emendou o finland\u00eas. &#8220;Eles t\u00eam de estar com raiva agora e desenvolver essa vontade incondicional de vencer novamente. A equipe precisa desenvolver mais uma vez aquela velha compreens\u00e3o cega, que atualmente est\u00e1 faltando.&#8221;<\/p>\n\n\n\n<p class=\"wp-block-paragraph\"><strong>\u25b6\ufe0f&nbsp;Inscreva-se nos dois canais do GRANDE PR\u00caMIO no YouTube:&nbsp;<a href=\"https:\/\/www.youtube.com\/channel\/UC9OlHEgxoaY6QY6nWPoiqQg?sub_confirmation=1\" target=\"_blank\" rel=\"noreferrer noopener\">GP<\/a>&nbsp;|&nbsp;<a href=\"https:\/\/www.youtube.com\/channel\/UC9csiS6q_C3C0FYhyr1rnFA?sub_confirmation=1\" target=\"_blank\" rel=\"noreferrer noopener\">GP2<\/a><\/strong><br><strong>\u25b6\ufe0f&nbsp;<a href=\"https:\/\/www.twitch.tv\/grandepremio\" target=\"_blank\" rel=\"noreferrer noopener\">Conhe\u00e7a o canal do GRANDE PR\u00caMIO na Twitch clicando aqui!<\/a><\/strong><\/p>\n\n\n\n<figure class=\"wp-block-image size-large\"><img decoding=\"async\" src=\"https:\/\/www.grandepremio.com\/br\/wp-content\/uploads\/2020\/05\/M298935-e1674077989439-1024x675.jpg\" alt=\"\" class=\"wp-image-542787\"\/><figcaption class=\"wp-element-caption\">H\u00e4kkinen elogia Russell, mas afirma que Hamilton ainda \u00e9 o l\u00edder da Mercedes (Foto: Mercedes)<\/figcaption><\/figure>\n\n\n\n<p class=\"wp-block-paragraph\">Em 2022, quando fez a sua primeira temporada pela equipe, <strong>George Russell<\/strong> surpreendeu a todos ao terminar o <strong>Mundial de Pilotos<\/strong> \u00e0 frente de <strong>Lewis Hamilton<\/strong>. No entanto, no ano passado, a hist\u00f3ria foi diferente. O jovem brit\u00e2nico terminou o campeonato apenas na oitava coloca\u00e7\u00e3o, enquanto o heptacampe\u00e3o ficou em terceiro, com <strong>59 pontos<\/strong> de vantagem para seu colega de garagem.<\/p>\n\n\n\n<p class=\"wp-block-paragraph\">Apesar de achar Russell talentoso, o ex-piloto da <strong>McLaren <\/strong>entende que \u00e9 imposs\u00edvel compar\u00e1-lo com o dono do carro <strong>#44<\/strong>. &#8220;\u00c9 claro que Lewis ainda \u00e9 o l\u00edder da equipe, apesar de George estar entrando em sua terceira temporada com a <strong>Mercedes<\/strong>&#8220;, destacou.<\/p>\n\n\n\n<p class=\"wp-block-paragraph\">&#8220;Por um lado, Lewis quer mostrar a todos que ainda \u00e9 muito talentoso, enquanto, por outro lado, George continua a estar sob imensa press\u00e3o por resultados&#8221;, explicou Mika. &#8220;Quando voc\u00ea \u00e9 companheiro de equipe de um heptacampe\u00e3o mundial, todos os olhos est\u00e3o automaticamente voltados para voc\u00ea. N\u00e3o importa se voc\u00ea terminou no p\u00f3dio quando seu companheiro de equipe venceu a corrida. O mesmo acontece em todas as equipes, mas com George \u00e9 diferente, pois ele est\u00e1 competindo contra algu\u00e9m que \u00e9 recordista em t\u00edtulos.&#8221;<\/p>\n\n\n\n<p class=\"wp-block-paragraph\">O principal desafio da <strong>Mercedes <\/strong>em 2024 ser\u00e1 derrotar a <strong>Red Bull<\/strong>. A equipe de <strong>Milton Keynes<\/strong> venceu nada menos que 21 dos 22 GPs que foram disputados na \u00faltima temporada. No entanto, H\u00e4kkinen afirma que a hist\u00f3ria da F1 demonstra que nenhuma supremacia dura para sempre.<\/p>\n\n\n\n<p class=\"wp-block-paragraph\">&#8220;Quantas vezes houve equipes e pilotos que foram considerados campe\u00f5es mundiais antes mesmo da primeira volta de testes ser conclu\u00edda, e isso n\u00e3o aconteceu?&#8221;, questionou o finland\u00eas de 55 anos.<\/p>\n\n\n\n<p class=\"wp-block-paragraph\">O l\u00edder dos taurinos, <strong>Max Verstappen<\/strong>, subiu no degrau mais alto do p\u00f3dio em 19 oportunidades ao longo de 2023. O antigo rival de <strong>Michael Schumacher<\/strong> acredita que o neerland\u00eas pode alcan\u00e7ar o recorde de t\u00edtulos do alem\u00e3o. &#8220;Ele vai precisar do chefe de equipe certo, do carro certo, da equipe nos boxes certa, da gest\u00e3o \u2013 tudo tem que estar certo&#8221;, advertiu. &#8220;Foi assim que aconteceu com Lewis e Michael. \u00c9 por isso que eles foram capazes de moldar uma era.&#8221;<\/p>\n\n\n\n<p class=\"wp-block-paragraph\">A&nbsp;<strong>F\u00f3rmula 1&nbsp;<\/strong>retorna \u00e0s pistas de 21 a 23 de fevereiro, com os testes coletivos da pr\u00e9-temporada no <strong>Bahrein<\/strong>, no circuito de&nbsp;<strong>Sakhir<\/strong>.<\/p>\n","protected":false},"excerpt":{"rendered":"<p>Bicampe\u00e3o mundial de F\u00f3rmula 1, Mika H\u00e4kkinen afirma que as duas \u00faltimas temporadas \u201cdeixaram uma marca\u201d na Mercedes e exalta talento de Lewis Hamilton<\/p>\n","protected":false},"author":0,"featured_media":1000772745,"comment_status":"closed","ping_status":"closed","sticky":false,"template":"","format":"standard","meta":{"42wp_featured_image_caption":"","42wp_featured_image_credits":"","42wp_featured_video":"","42wp_featured_image_hidden":false,"42wp_authors_list":[],"footnotes":""},"categories":[2],"tags":[5660,969,147,3230,642,160,180,30909,800,1491,30103,28285,2301,87,203,82,15704,204,2498,150,25319],"42wp_author":[47160],"class_list":["post-89342","post","type-post","status-publish","format-standard","has-post-thumbnail","hentry","category-f1","tag-classificacao","tag-corrida","tag-f1","tag-f1-2024","tag-f1-ao-vivo","tag-f1-tv","tag-formula-1","tag-formula-1-2024","tag-george-russell","tag-grande-premio","tag-grande-premio-f1","tag-grandepremio","tag-james-allison","tag-lewis-hamilton","tag-max-verstappen","tag-mercedes","tag-mika-hakkinen","tag-red-bull","tag-titulo","tag-toto-wolff","tag-vitorias","42wp_author-vicente-soella"],"_links":{"self":[{"href":"https:\/\/grandepremio.com\/br\/wp-json\/wp\/v2\/posts\/89342","targetHints":{"allow":["GET"]}}],"collection":[{"href":"https:\/\/grandepremio.com\/br\/wp-json\/wp\/v2\/posts"}],"about":[{"href":"https:\/\/grandepremio.com\/br\/wp-json\/wp\/v2\/types\/post"}],"replies":[{"embeddable":true,"href":"https:\/\/grandepremio.com\/br\/wp-json\/wp\/v2\/comments?post=89342"}],"version-history":[{"count":0,"href":"https:\/\/grandepremio.com\/br\/wp-json\/wp\/v2\/posts\/89342\/revisions"}],"wp:featuredmedia":[{"embeddable":true,"href":"https:\/\/grandepremio.com\/br\/wp-json\/wp\/v2\/media\/1000772745"}],"wp:attachment":[{"href":"https:\/\/grandepremio.com\/br\/wp-json\/wp\/v2\/media?parent=89342"}],"wp:term":[{"taxonomy":"category","embeddable":true,"href":"https:\/\/grandepremio.com\/br\/wp-json\/wp\/v2\/categories?post=89342"},{"taxonomy":"post_tag","embeddable":true,"href":"https:\/\/grandepremio.com\/br\/wp-json\/wp\/v2\/tags?post=89342"},{"taxonomy":"42wp_author","embeddable":true,"href":"https:\/\/grandepremio.com\/br\/wp-json\/wp\/v2\/42wp_author?post=89342"}],"curies":[{"name":"wp","href":"https:\/\/api.w.org\/{rel}","templated":true}]}}