{"id":89359,"date":"2024-01-27T11:17:34","date_gmt":"2024-01-27T14:17:34","guid":{"rendered":"https:\/\/grandepremio.com\/br\/noticias\/oscar-piastri-reforca-confianca-total-mclaren-entregaram-mais-que-esperado\/"},"modified":"2024-01-27T11:20:33","modified_gmt":"2024-01-27T14:20:33","slug":"oscar-piastri-reforca-confianca-total-mclaren-entregaram-mais-que-esperado","status":"publish","type":"post","link":"https:\/\/grandepremio.com\/br\/f1\/oscar-piastri-reforca-confianca-total-mclaren-entregaram-mais-que-esperado\/","title":{"rendered":"Piastri refor\u00e7a \u201cconfian\u00e7a total\u201d na McLaren: \u201cEntregaram mais que o esperado\u201d"},"content":{"rendered":"\n<p class=\"wp-block-paragraph\"><strong>Oscar Piastri<\/strong> est\u00e1 confiante de que a <strong>McLaren <\/strong>vai come\u00e7ar a temporada 2024 da <strong>F\u00f3rmula 1<\/strong> com o p\u00e9 direito e n\u00e3o vai cometer o mesmo erro do ano passado. O piloto australiano refor\u00e7ou que tem total confian\u00e7a no m\u00e9todo de trabalho do chefe <strong>Andrea Stella<\/strong> e do CEO<strong> Zak Brown<\/strong> e lembrou que, ao longo de 2023, a equipe entregou mais do que o esperado.<\/p>\n\n\n\n<p class=\"wp-block-paragraph\">A McLaren teve um in\u00edcio de campanha dos mais decepcionantes em 2023. Com um carro recheado de problemas, a equipe de <strong>Woking <\/strong><a href=\"https:\/\/www.grandepremio.com\/br\/f1\/noticias\/mclaren-atrasa-mcl60-decide-adiar-atualizacoes-bahrein-apenas-azerbaijao\/\" class=\"ek-link\">confirmou um pacote de atualiza\u00e7\u00f5es<\/a> antes mesmo do <strong>MCL60 <\/strong>fazer sua estreia no GP do Bahrein.<\/p>\n\n\n\n<p class=\"wp-block-paragraph\">Ao longo do ano, no entanto, o time liderado por Andrea Stella desenvolveu um robusto pacote de atualiza\u00e7\u00f5es que chegou para Lando Norris no <strong>GP da \u00c1ustria<\/strong>, e para Oscar Piastri no<strong> GP da Inglaterra<\/strong>. Desde ent\u00e3o, a dupla da McLaren performou de forma competitiva e conquistou nove p\u00f3dios e a quarta posi\u00e7\u00e3o no <strong>Mundial de Construtores.<\/strong><\/p>\n\n\n\n<figure class=\"wp-block-image size-large\"><img decoding=\"async\" src=\"https:\/\/www.grandepremio.com\/br\/wp-content\/uploads\/2023\/11\/abu-dhabi-2023-f1-treino-livre-mclaren-oscar-piastri-afp-01-1024x683.jpg\" alt=\"\" class=\"wp-image-757507\"\/><figcaption class=\"wp-element-caption\">Oscar Piastri admitiu que ainda precisa de ajustes na pilotagem (Foto: AFP) <\/figcaption><\/figure>\n\n\n\n<p class=\"wp-block-paragraph\">Por isso, Piastri se mostrou surpreso por estar em uma posi\u00e7\u00e3o t\u00e3o boa junto da McLaren, e refor\u00e7ou que segue acreditando no crescimento do time.<\/p>\n\n\n\n<p class=\"wp-block-paragraph\">\u201cTenho total confian\u00e7a em [Stella], em Zak, em diferentes partes do neg\u00f3cio. Superamos as expectativas de todos em rela\u00e7\u00e3o \u00e0 rapidez com que conseguimos reverter a situa\u00e7\u00e3o. Para mim, o mais impressionante foi que senti que havia uma base muito boa com a equipe nas corridas. E ent\u00e3o, quando precis\u00e1vamos fazer altera\u00e7\u00f5es, fizemos e funcionou\u201d, contou o #81.<\/p>\n\n\n\n<p class=\"wp-block-paragraph\">\u201cAs atualiza\u00e7\u00f5es conseguiram entregar tudo o que esper\u00e1vamos, em alguns casos at\u00e9 mais que o esperado. Eu n\u00e3o imaginava estar nesta posi\u00e7\u00e3o t\u00e3o cedo na minha passagem pela McLaren\u201d, finalizou Piastri.<\/p>\n\n\n\n<p class=\"wp-block-paragraph\">A\u00a0<a href=\"https:\/\/www.grandepremio.com\/formula-1\/\" target=\"_blank\" rel=\"noreferrer noopener\"><\/a><a href=\"https:\/\/www.grandepremio.com\/formula-1\/\" target=\"_blank\" rel=\"noreferrer noopener\">F\u00f3rmula 1<\/a>\u00a0retorna \u00e0s pistas de 21 a 23 de fevereiro, com os testes coletivos da pr\u00e9-temporada no Bahrein, no circuito de\u00a0<a href=\"https:\/\/www.grandepremio.com\/br\/circuito\/sakhir\/\" target=\"_blank\" rel=\"noreferrer noopener\">Sakhir<\/a>.<\/p>\n\n\n\n<p class=\"wp-block-paragraph\"><strong>\u25b6\ufe0f&nbsp;Inscreva-se nos dois canais do GRANDE PR\u00caMIO no YouTube:&nbsp;<a href=\"https:\/\/www.youtube.com\/channel\/UC9OlHEgxoaY6QY6nWPoiqQg?sub_confirmation=1\" target=\"_blank\" rel=\"noreferrer noopener\">GP<\/a>&nbsp;|&nbsp;<a href=\"https:\/\/www.youtube.com\/channel\/UC9csiS6q_C3C0FYhyr1rnFA?sub_confirmation=1\" target=\"_blank\" rel=\"noreferrer noopener\">GP2<\/a><\/strong><br><strong>\u25b6\ufe0f&nbsp;<a href=\"https:\/\/www.twitch.tv\/grandepremio\" target=\"_blank\" rel=\"noreferrer noopener\">Conhe\u00e7a o canal do GRANDE PR\u00caMIO na Twitch clicando aqui!<\/a><\/strong><\/p>\n\n\n\n<figure class=\"wp-block-embed is-type-video is-provider-youtube wp-block-embed-youtube wp-embed-aspect-16-9 wp-has-aspect-ratio\"><div class=\"wp-block-embed__wrapper\">\n<iframe loading=\"lazy\" title=\"TALENTO e POSTURA: Piastri SABE o que precisa para VENCER na F1 | GP \u00e0s 10\" width=\"500\" height=\"281\" src=\"https:\/\/www.youtube.com\/embed\/L1bZA9VmEak?feature=oembed\" frameborder=\"0\" allow=\"accelerometer; autoplay; clipboard-write; encrypted-media; gyroscope; picture-in-picture; web-share\" referrerpolicy=\"strict-origin-when-cross-origin\" allowfullscreen><\/iframe>\n<\/div><\/figure>\n","protected":false},"excerpt":{"rendered":"<p>Por ter conquistado bons resultados com a McLaren logo em sua estreia na F1, Oscar Piastri refor\u00e7ou que segue totalmente confiante na evolu\u00e7\u00e3o da equipe no futuro<\/p>\n","protected":false},"author":0,"featured_media":1000746156,"comment_status":"closed","ping_status":"closed","sticky":false,"template":"","format":"standard","meta":{"42wp_featured_image_caption":"","42wp_featured_image_credits":"","42wp_featured_video":"","42wp_featured_image_hidden":false,"42wp_authors_list":[],"footnotes":""},"categories":[2],"tags":[7094,32731,33629,147,3230,180,30909,1491,28285,33757,90,4928,37605,2916,30336,33276,580],"42wp_author":[47149],"class_list":["post-89359","post","type-post","status-publish","format-standard","has-post-thumbnail","hentry","category-f1","tag-andrea-stella","tag-brown","tag-carro-mclaren","tag-f1","tag-f1-2024","tag-formula-1","tag-formula-1-2024","tag-grande-premio","tag-grandepremio","tag-mcl60","tag-mclaren","tag-mclaren-f1","tag-mclaren-formula-1","tag-oscar-piastri","tag-piastri","tag-stella","tag-zak-brown","42wp_author-bernardo-castro"],"_links":{"self":[{"href":"https:\/\/grandepremio.com\/br\/wp-json\/wp\/v2\/posts\/89359","targetHints":{"allow":["GET"]}}],"collection":[{"href":"https:\/\/grandepremio.com\/br\/wp-json\/wp\/v2\/posts"}],"about":[{"href":"https:\/\/grandepremio.com\/br\/wp-json\/wp\/v2\/types\/post"}],"replies":[{"embeddable":true,"href":"https:\/\/grandepremio.com\/br\/wp-json\/wp\/v2\/comments?post=89359"}],"version-history":[{"count":0,"href":"https:\/\/grandepremio.com\/br\/wp-json\/wp\/v2\/posts\/89359\/revisions"}],"wp:featuredmedia":[{"embeddable":true,"href":"https:\/\/grandepremio.com\/br\/wp-json\/wp\/v2\/media\/1000746156"}],"wp:attachment":[{"href":"https:\/\/grandepremio.com\/br\/wp-json\/wp\/v2\/media?parent=89359"}],"wp:term":[{"taxonomy":"category","embeddable":true,"href":"https:\/\/grandepremio.com\/br\/wp-json\/wp\/v2\/categories?post=89359"},{"taxonomy":"post_tag","embeddable":true,"href":"https:\/\/grandepremio.com\/br\/wp-json\/wp\/v2\/tags?post=89359"},{"taxonomy":"42wp_author","embeddable":true,"href":"https:\/\/grandepremio.com\/br\/wp-json\/wp\/v2\/42wp_author?post=89359"}],"curies":[{"name":"wp","href":"https:\/\/api.w.org\/{rel}","templated":true}]}}