{"id":89415,"date":"2024-01-26T16:17:34","date_gmt":"2024-01-26T19:17:34","guid":{"rendered":"https:\/\/grandepremio.com\/br\/noticias\/jean-eric-vergne-festeja-2o-lugar-diriyah-almeja-brigar-com-mais-afinco-vitorias-2024\/"},"modified":"2024-01-26T16:18:52","modified_gmt":"2024-01-26T19:18:52","slug":"jean-eric-vergne-festeja-2o-lugar-diriyah-almeja-brigar-com-mais-afinco-vitorias-2024","status":"publish","type":"post","link":"https:\/\/grandepremio.com\/br\/formula-e\/jean-eric-vergne-festeja-2o-lugar-diriyah-almeja-brigar-com-mais-afinco-vitorias-2024\/","title":{"rendered":"Vergne festeja 2\u00ba lugar em Diriyah e almeja brigar &#8220;com mais afinco&#8221; por vit\u00f3rias em 2024"},"content":{"rendered":"\n<p class=\"wp-block-paragraph\"><strong>Jean-\u00c9ric Vergne<\/strong> fez uma grande classifica\u00e7\u00e3o e <a href=\"https:\/\/www.grandepremio.com\/br\/formula-e\/noticias\/jean-eric-vergne-destaca-ritmo-forte-mitch-evans-diriyah-comemora-pole-dei-tudo-de-mim\/\" class=\"ek-link\">foi premiado com a pole-position<\/a> nesta sexta-feira (26) em <strong>Diriyah<\/strong>. Por\u00e9m, faltou ritmo para sua <strong>DS Penske <\/strong>conseguir resistir ao \u00edmpeto de <strong>Jake Dennis<\/strong>, que saiu <a href=\"https:\/\/www.grandepremio.com\/br\/formula-e\/noticias\/jake-dennis-exibicao-campeao-vence-ep-diriyah-1-sergio-sette-camara-e-9o\/\" class=\"ek-link\">vencedor da prova<\/a> com pouco mais de 13s de diferen\u00e7a.<\/p>\n\n\n\n<p class=\"wp-block-paragraph\">Por fim, o segundo lugar conquistado pelo franc\u00eas foi bastante comemorado ao final da primeira corrida da rodada dupla na <strong>Ar\u00e1bia Saudita<\/strong>. &#8220;N\u00e3o tive o ritmo de Jake [Dennis], ent\u00e3o foi o melhor que poderia ter feito hoje. Normalmente, ao largar da pole, seu foco principal \u00e9 vencer. Mas n\u00e3o saio decepcionado daqui, pelo contr\u00e1rio, foi um bom resultado&#8221;, analisou.<\/p>\n\n\n\n<p class=\"wp-block-paragraph\">Vergne fecha a primeira perna \u00e1rabe <a href=\"https:\/\/www.grandepremio.com\/br\/formula-e\/noticias\/pascal-wehrlein-segue-lider-jake-dennis-pega-elevador-apos-vitoria-diriyah-confira-classificacao\/\" class=\"ek-link\">na terceira posi\u00e7\u00e3o do campeonato<\/a>, com 29 pontos, tr\u00eas atr\u00e1s do l\u00edder <strong>Pascal Wehrlein<\/strong>. O que em sua vis\u00e3o, \u00e9 uma evolu\u00e7\u00e3o se buscar o mesmo cen\u00e1rio na temporada passada. Assim, mais elogios \u00e0 sua equipe.<\/p>\n\n\n\n<p class=\"wp-block-paragraph\">&#8220;Olhando para o ano passado, fiquei fora da zona de pontos nas duas provas da rodada dupla, ent\u00e3o, parabenizo \u00e0 DS Penske pelos passos \u00e0 frente que demos, fizemos um bom trabalho at\u00e9 aqui. Sabemos que ainda estamos um pouco longe, mas fico feliz com nossa evolu\u00e7\u00e3o&#8221;.<\/p>\n\n\n\n<figure class=\"wp-block-image size-full\"><img decoding=\"async\" src=\"https:\/\/www.grandepremio.com\/br\/wp-content\/uploads\/2024\/01\/EPS1002_134956SB2_6914-1000x1000-1.jpg\" alt=\"\" class=\"wp-image-772513\"\/><figcaption class=\"wp-element-caption\">Vergne igualou o n\u00famero de poles de Buemi na hist\u00f3ria da categoria el\u00e9trica (Foto: F\u00f3rmula E)<\/figcaption><\/figure>\n\n\n\n<p class=\"wp-block-paragraph\">Para a prova deste s\u00e1bado (27), o piloto acredita que tem condi\u00e7\u00f5es de fazer mais. Por\u00e9m, o foco neste momento da temporada agora \u00e9 outro para, quem sabe, colher frutos mais para a frente do campeonato. &#8220;\u00c9 importante somar o m\u00e1ximo poss\u00edvel de pontos. Agora, temos de melhorar o carro para podermos brigar com mais afinco pelas vit\u00f3rias&#8221;, completou o franc\u00eas.<\/p>\n\n\n\n<p class=\"wp-block-paragraph\">O&nbsp;<strong>GRANDE PR\u00caMIO<\/strong>&nbsp;\u00e9 emissora oficial da&nbsp;<strong><a href=\"https:\/\/www.grandepremio.com\/br\/formula-e\/\" target=\"_blank\" rel=\"noreferrer noopener\">F\u00f3rmula E<\/a><\/strong>&nbsp;no Brasil e transmite todas as atividades de pista&nbsp;<strong>AO VIVO e COM IMAGENS<\/strong>&nbsp;no&nbsp;<strong><a href=\"https:\/\/www.youtube.com\/c\/GrandePremioTV\" target=\"_blank\" rel=\"noreferrer noopener\">YouTube<\/a><\/strong>&nbsp;e no&nbsp;<strong><a href=\"https:\/\/m.kwai.com\/user\/@grandepremio\" target=\"_blank\" rel=\"noreferrer noopener\">Kwai<\/a><\/strong>. No s\u00e1bado, a programa\u00e7\u00e3o de sexta se repete para a terceira prova da temporada:&nbsp;<strong>TL3&nbsp;<\/strong>\u00e0s&nbsp;<strong>6h45<\/strong>, classifica\u00e7\u00e3o \u00e0s&nbsp;<strong>8h50&nbsp;<\/strong>e&nbsp;<a href=\"https:\/\/formula1aovivo.com\/\" target=\"_blank\" rel=\"noreferrer noopener\">transmiss\u00e3o<\/a>&nbsp;aberta para o&nbsp;<strong>eP de&nbsp;<a href=\"https:\/\/www.grandepremio.com\/br\/circuito\/diriyah\/\" target=\"_blank\" rel=\"noreferrer noopener\">Diriyah<\/a>&nbsp;2<\/strong>&nbsp;\u00e0s&nbsp;<strong>13h30<\/strong>. Por fim, o&nbsp;<strong>GRANDE PR\u00caMIO&nbsp;<\/strong>fecha o fim de semana com o&nbsp;<strong>Briefing<\/strong>&nbsp;logo ap\u00f3s a bandeirada e a cerim\u00f4nia do p\u00f3dio, \u00e0s&nbsp;<strong>15h30<\/strong>. Voc\u00ea acompanha tudo na&nbsp;<strong><a href=\"https:\/\/www.youtube.com\/c\/GrandePremioTV\" target=\"_blank\" rel=\"noreferrer noopener\">GPTV<\/a><\/strong>.<\/p>\n\n\n\n<p class=\"wp-block-paragraph\"><strong><a href=\"https:\/\/bit.ly\/epSP2024GP\" target=\"_blank\" rel=\"noreferrer noopener\">Compre aqui os ingressos do eP de S\u00e3o Paulo 2024 da&nbsp;<\/a><a href=\"https:\/\/www.grandepremio.com\/br\/formula-e\/\" target=\"_blank\" rel=\"noreferrer noopener\">F\u00f3rmula E<\/a>&nbsp;com o cupom GRANDEPREMIO10<\/strong>.<\/p>\n\n\n\n<p class=\"wp-block-paragraph\"><strong>\u25b6\ufe0f&nbsp;<a href=\"https:\/\/www.twitch.tv\/grandepremio\" target=\"_blank\" rel=\"noreferrer noopener\">Conhe\u00e7a o canal do GRANDE PR\u00caMIO na Twitch clicando aqui!<\/a><\/strong><br><strong>\u25b6\ufe0f&nbsp;Inscreva-se nos dois canais do GRANDE PR\u00caMIO no YouTube:&nbsp;<a href=\"https:\/\/www.youtube.com\/channel\/UC9OlHEgxoaY6QY6nWPoiqQg?sub_confirmation=1\" target=\"_blank\" rel=\"noreferrer noopener\">GP<\/a>&nbsp;|&nbsp;<a href=\"https:\/\/www.youtube.com\/channel\/UC9csiS6q_C3C0FYhyr1rnFA?sub_confirmation=1\" target=\"_blank\" rel=\"noreferrer noopener\">GP2<\/a><\/strong><\/p>\n\n\n\n<figure class=\"wp-block-embed is-type-video is-provider-youtube wp-block-embed-youtube wp-embed-aspect-4-3 wp-has-aspect-ratio\"><div class=\"wp-block-embed__wrapper\">\n<iframe loading=\"lazy\" title=\"F\u00d3RMULA E 2024 - eP de Diriyah | 2\u00aa etapa | Corrida 1\" width=\"500\" height=\"281\" src=\"https:\/\/www.youtube.com\/embed\/_jNgALMfYFc?feature=oembed\" frameborder=\"0\" allow=\"accelerometer; autoplay; clipboard-write; encrypted-media; gyroscope; picture-in-picture; web-share\" referrerpolicy=\"strict-origin-when-cross-origin\" allowfullscreen><\/iframe>\n<\/div><\/figure>\n","protected":false},"excerpt":{"rendered":"<p>Resultado da primeira corrida na Ar\u00e1bia Saudita colocou Vergne na terceira posi\u00e7\u00e3o do campeonato, com 29 pontos. Mas ele quer mais para a sequ\u00eancia da temporada na F\u00f3rmula E<\/p>\n","protected":false},"author":0,"featured_media":1000772467,"comment_status":"closed","ping_status":"closed","sticky":false,"template":"","format":"standard","meta":{"42wp_featured_image_caption":"","42wp_featured_image_credits":"","42wp_featured_video":"","42wp_featured_image_hidden":false,"42wp_authors_list":[],"footnotes":""},"categories":[19],"tags":[1242,28679,6853,26736,31465,27360,840,35967,1491,28285,35442,8928,851,36219,1194,37653],"42wp_author":[47128],"class_list":["post-89415","post","type-post","status-publish","format-standard","has-post-thumbnail","hentry","category-formula-e","tag-arabia-saudita","tag-calendario-formula-e","tag-classificacao-formula-e","tag-diriyah","tag-ds-penske","tag-ep-de-diriyah","tag-formula-e","tag-formula-e-2024","tag-grande-premio","tag-grandepremio","tag-horarios-formula-e","tag-jake-dennis","tag-jean-eric-vergne","tag-onde-assistir-formula-e","tag-pascal-wehrlein","tag-temporada-2024-da-formula-e","42wp_author-guilherme-bloisi"],"_links":{"self":[{"href":"https:\/\/grandepremio.com\/br\/wp-json\/wp\/v2\/posts\/89415","targetHints":{"allow":["GET"]}}],"collection":[{"href":"https:\/\/grandepremio.com\/br\/wp-json\/wp\/v2\/posts"}],"about":[{"href":"https:\/\/grandepremio.com\/br\/wp-json\/wp\/v2\/types\/post"}],"replies":[{"embeddable":true,"href":"https:\/\/grandepremio.com\/br\/wp-json\/wp\/v2\/comments?post=89415"}],"version-history":[{"count":0,"href":"https:\/\/grandepremio.com\/br\/wp-json\/wp\/v2\/posts\/89415\/revisions"}],"wp:featuredmedia":[{"embeddable":true,"href":"https:\/\/grandepremio.com\/br\/wp-json\/wp\/v2\/media\/1000772467"}],"wp:attachment":[{"href":"https:\/\/grandepremio.com\/br\/wp-json\/wp\/v2\/media?parent=89415"}],"wp:term":[{"taxonomy":"category","embeddable":true,"href":"https:\/\/grandepremio.com\/br\/wp-json\/wp\/v2\/categories?post=89415"},{"taxonomy":"post_tag","embeddable":true,"href":"https:\/\/grandepremio.com\/br\/wp-json\/wp\/v2\/tags?post=89415"},{"taxonomy":"42wp_author","embeddable":true,"href":"https:\/\/grandepremio.com\/br\/wp-json\/wp\/v2\/42wp_author?post=89415"}],"curies":[{"name":"wp","href":"https:\/\/api.w.org\/{rel}","templated":true}]}}