{"id":8943,"date":"2026-05-16T07:46:52","date_gmt":"2026-05-16T10:46:52","guid":{"rendered":"https:\/\/grandepremio.com\/br\/noticias\/dan-ticktum-desabafa-pole-muito-especial-monaco-nao-estava-bem-mentalmente\/"},"modified":"2026-05-16T13:35:11","modified_gmt":"2026-05-16T16:35:11","slug":"dan-ticktum-desabafa-pole-muito-especial-monaco-nao-estava-bem-mentalmente","status":"publish","type":"post","link":"https:\/\/grandepremio.com\/br\/formula-e\/dan-ticktum-desabafa-pole-muito-especial-monaco-nao-estava-bem-mentalmente\/","title":{"rendered":"Ticktum desabafa ap\u00f3s pole &#8220;muito especial&#8221; em M\u00f4naco: &#8220;N\u00e3o estava bem mentalmente&#8221;"},"content":{"rendered":"\n<p class=\"wp-block-paragraph\"><strong>Dan Ticktum<\/strong> come\u00e7ou o <strong>eP de M\u00f4naco 1<\/strong> com um grande al\u00edvio. Neste s\u00e1bado (16), o piloto da <strong>Cupra Kiro<\/strong> garantiu a pole para a primeira corrida do fim de semana, ap\u00f3s uma disputa com <strong>Nyck de Vries<\/strong>, com quem dividir\u00e1 a primeira fila. Ao fim, classificou o resultado como &#8220;muito especial&#8221;, principalmente por causa das dificuldades que tem encontrado na temporada 2025\/26 <strong>F\u00f3rmula E<\/strong>.<\/p>\n\n\n\n<p class=\"wp-block-paragraph\">Ap\u00f3s come\u00e7ar o campeonato sonhando em brigar por t\u00edtulo, Ticktum n\u00e3o pontuou em seis das oito primeiras corridas. Al\u00e9m dos problemas na pista, o brit\u00e2nico segue sem ter contrato com a Cupra Kiro para a pr\u00f3xima temporada \u2014 e j\u00e1 fez quest\u00e3o de <a href=\"https:\/\/www.grandepremio.com\/br\/formula-e\/noticias\/dan-ticktum-revela-impasse-contratual-cupra-kiro-dispara-nao-gosto-como-me-tratam\/\">demonstrar publicamente a insatisfa\u00e7\u00e3o<\/a>.<\/p>\n\n\n\n<figure class=\"wp-block-embed is-type-video is-provider-youtube wp-block-embed-youtube wp-embed-aspect-4-3 wp-has-aspect-ratio\"><div class=\"wp-block-embed__wrapper\">\n<iframe loading=\"lazy\" title=\" F\u00d3RMULA E 2026 | CLASSIFICA\u00c7\u00c3O eP DE M\u00d4NACO COMPLETA, COM IMAGENS E DRUGOVICH | 9\u00aa ETAPA\" width=\"500\" height=\"281\" src=\"https:\/\/www.youtube.com\/embed\/FhiOHsDROxA?feature=oembed\" frameborder=\"0\" allow=\"accelerometer; autoplay; clipboard-write; encrypted-media; gyroscope; picture-in-picture; web-share\" referrerpolicy=\"strict-origin-when-cross-origin\" allowfullscreen><\/iframe>\n<\/div><\/figure>\n\n\n\n<h3 class=\"wp-block-heading\" id=\"h-gp-experience-o-novo-produto-do-grande-premio-conecta-voce-aos-maiores-eventos-de-esporte-a-motor-do-mundo-va-para-indianapolis-com-a-gente-nbsp-saiba-aqui-todo\"><strong><mark style=\"background-color:rgba(0, 0, 0, 0)\" class=\"has-inline-color has-vivid-red-color\"><strong><mark style=\"background-color:rgba(0, 0, 0, 0)\" class=\"has-inline-color has-vivid-red-color\">+ GP EXPERIENCE: o novo produto do GRANDE PR\u00caMIO conecta voc\u00ea aos maiores eventos de esporte a motor do mundo. V\u00e1 para Indian\u00e1polis com a gente:&nbsp;<a href=\"https:\/\/gpexperience.tur.br\/\">saiba aqui todo<\/a><\/mark><\/strong><\/mark><\/strong><\/h3>\n\n\n\n<p class=\"wp-block-paragraph\">Por isso, depois da sess\u00e3o, explicou que desembarcou em M\u00f4naco se sentindo muito pressionado a mostrar uma boa performance, e comemorou por ter conseguido. Mesmo assim, reconheceu que a pole n\u00e3o necessariamente trar\u00e1 a vit\u00f3ria.<\/p>\n\n\n\n<p class=\"wp-block-paragraph\">\u201cN\u00e3o consigo lembrar de ter alguma emo\u00e7\u00e3o maior do que essa. \u00d3bvio que a vit\u00f3ria no ano passado foi uma grande sensa\u00e7\u00e3o, mas a primeira metade desta temporada est\u00e1 muito dif\u00edcil, e hoje conseguimos. Estava sofrendo no in\u00edcio, n\u00e3o estava no melhor lugar mentalmente. Entrei neste fim de semana me sentindo bastante pressionado, n\u00e3o s\u00f3 por quest\u00f5es contratuais, mas por mim, por querer performar, mostrar desempenho\u201d, declarou Ticktum.<\/p>\n\n\n\n<figure class=\"wp-block-image size-large\"><img decoding=\"async\" src=\"https:\/\/www.grandepremio.com\/br\/wp-content\/uploads\/2026\/05\/2276496950-2048x2048-1-1200x800.jpg\" alt=\"\" class=\"wp-image-1087070\"\/><figcaption class=\"wp-element-caption\">Dan Ticktum largar\u00e1 da pole-position no eP de M\u00f4naco 1 (Foto: F\u00f3rmula E)<\/figcaption><\/figure>\n\n\n\n<p class=\"wp-block-paragraph\">\u201cHoje, as coisas funcionaram muito no limite. \u00c9 muito especial fazer a pole em M\u00f4naco. Pensando na corrida, n\u00e3o \u00e9 necessariamente o melhor lugar de partida, mas quero muito cruzar a primeira curva em primeiro pelo menos, depois veremos como a corrida ir\u00e1 se desenrolar\u201d, acrescentou.<\/p>\n\n\n\n<p class=\"wp-block-paragraph\">O brit\u00e2nico chegou a M\u00f4naco com o 11\u00ba lugar no <strong>Mundial de Pilotos<\/strong> de 2025\/26, tendo 22 pontos somados. Com a pole, garantiu mais tr\u00eas e se colocou \u00e0 frente do companheiro de equipe <strong>Pepe Mart\u00ed<\/strong> no campeonato.<\/p>\n\n\n\n<p class=\"wp-block-paragraph\">A&nbsp;<strong>F\u00f3rmula E<\/strong>&nbsp;volta \u00e0 pista ainda neste s\u00e1bado (16). \u00c0s 9h30, voc\u00ea acompanha todas as emo\u00e7\u00f5es do&nbsp;<strong>eP de M\u00f4naco 1<\/strong>. O&nbsp;<strong>GRANDE PR\u00caMIO<\/strong>&nbsp;transmite o evento completo&nbsp;<strong>AO VIVO e COM IMAGENS<\/strong>&nbsp;no&nbsp;<strong>YouTube<\/strong>&nbsp;e na&nbsp;<strong>GPTV<\/strong>.<\/p>\n\n\n\n<p class=\"wp-block-paragraph\">\u25b6\ufe0f<strong>&nbsp;Inscreva-se nos dois canais do GRANDE PR\u00caMIO no YouTube:&nbsp;<a href=\"https:\/\/www.youtube.com\/channel\/UC9OlHEgxoaY6QY6nWPoiqQg?sub_confirmation=1\">GP<\/a>&nbsp;|&nbsp;<a href=\"https:\/\/www.youtube.com\/channel\/UC9csiS6q_C3C0FYhyr1rnFA?sub_confirmation=1\">GPTV<\/a><\/strong><\/p>\n\n\n\n<h2 class=\"wp-block-heading\" id=\"h-ep-de-monaco-da-formula-e-nbsp-veja-os-horarios-em-brasil-cabo-verde-nbsp-portugal-angola-e-mocambique\"><strong>eP de M\u00f4naco da F\u00f3rmula E:&nbsp;veja os hor\u00e1rios em Brasil, Cabo Verde,&nbsp;Portugal, Angola e Mo\u00e7ambique<\/strong><\/h2>\n\n\n\n<figure class=\"wp-block-table\"><table class=\"has-fixed-layout\"><tbody><tr><td class=\"has-text-align-left\" data-align=\"left\"><strong>Data<\/strong><\/td><td class=\"has-text-align-left\" data-align=\"left\"><strong>&nbsp;Sess\u00e3o<\/strong><\/td><td class=\"has-text-align-left\" data-align=\"left\"><strong>BRA*<\/strong><\/td><td class=\"has-text-align-left\" data-align=\"left\"><strong>CBV<\/strong><\/td><td class=\"has-text-align-left\" data-align=\"left\"><strong>POR<\/strong><br><strong>ANG<\/strong><\/td><td class=\"has-text-align-left\" data-align=\"left\"><strong>MOZ<\/strong><\/td><\/tr><tr><td class=\"has-text-align-left\" data-align=\"left\">S\u00e1bado (16)<\/td><td class=\"has-text-align-left\" data-align=\"left\">Corrida<\/td><td class=\"has-text-align-left\" data-align=\"left\">10:05<\/td><td class=\"has-text-align-left\" data-align=\"left\">12:05<\/td><td class=\"has-text-align-left\" data-align=\"left\">14:05<\/td><td class=\"has-text-align-left\" data-align=\"left\">15:05<\/td><\/tr><tr><td class=\"has-text-align-left\" data-align=\"left\">Domingo (17)<\/td><td class=\"has-text-align-left\" data-align=\"left\">Treino livre 3<\/td><td class=\"has-text-align-left\" data-align=\"left\">3:30<\/td><td class=\"has-text-align-left\" data-align=\"left\">5:30<\/td><td class=\"has-text-align-left\" data-align=\"left\">7:30<\/td><td class=\"has-text-align-left\" data-align=\"left\">8:30<\/td><\/tr><tr><td class=\"has-text-align-left\" data-align=\"left\">Domingo (17)<\/td><td class=\"has-text-align-left\" data-align=\"left\">Classifica\u00e7\u00e3o<\/td><td class=\"has-text-align-left\" data-align=\"left\">5:40<\/td><td class=\"has-text-align-left\" data-align=\"left\">7:40<\/td><td class=\"has-text-align-left\" data-align=\"left\">9:40<\/td><td class=\"has-text-align-left\" data-align=\"left\">10:40<\/td><\/tr><tr><td class=\"has-text-align-left\" data-align=\"left\">Domingo (17)<\/td><td class=\"has-text-align-left\" data-align=\"left\">Corrida<\/td><td class=\"has-text-align-left\" data-align=\"left\">10:05<\/td><td class=\"has-text-align-left\" data-align=\"left\">12:05<\/td><td class=\"has-text-align-left\" data-align=\"left\">14:05<\/td><td class=\"has-text-align-left\" data-align=\"left\">15:05<\/td><\/tr><\/tbody><\/table><\/figure>\n\n\n\n<p class=\"wp-block-paragraph\"><em>*Hor\u00e1rio de Bras\u00edlia<\/em><\/p>\n\n\n\n<p class=\"wp-block-paragraph\">\u25b6\ufe0f&nbsp;<strong>Inscreva-se nos dois canais do GRANDE PR\u00caMIO no YouTube:&nbsp;<a href=\"https:\/\/www.youtube.com\/channel\/UC9OlHEgxoaY6QY6nWPoiqQg?sub_confirmation=1\">GP<\/a>&nbsp;|&nbsp;<a href=\"https:\/\/www.youtube.com\/channel\/UC9csiS6q_C3C0FYhyr1rnFA?sub_confirmation=1\">GPTV<\/a><\/strong><\/p>\n\n\n\n<h2 class=\"wp-block-heading\" id=\"h-formula-e-hoje-saiba-aqui-as-noticias-mais-importantes-do-dia\"><strong>F\u00f3rmula E hoje: saiba aqui as not\u00edcias mais importantes do dia<\/strong><\/h2>\n\n\n\n<p class=\"wp-block-paragraph\">A reda\u00e7\u00e3o do&nbsp;<strong>GRANDE PR\u00caMIO<\/strong>&nbsp;selecionou as not\u00edcias mais importantes das \u00faltimas horas para voc\u00ea ficar por dentro de tudo que acontece na F\u00f3rmula E.<\/p>\n\n\n\n<p class=\"wp-block-paragraph\">\u25b6\ufe0f<strong><a href=\"https:\/\/www.grandepremio.com\/br\/formula-e\/noticias\/pepe-marti-admite-ficou-chocado-podio-ep-de-monaco-1-nao-tinha-visto-incidente\/\">Mart\u00ed admite que &#8220;ficou chocado&#8221; com p\u00f3dio no eP de M\u00f4naco 1<\/a><br>\u25b6\ufe0f<a href=\"https:\/\/www.grandepremio.com\/br\/formula-e\/noticias\/nyck-de-vries-empolga-vitoria-mahindra-monaco-ambicoes-la-em-cima\/\">De Vries se empolga com vit\u00f3ria da Mahindra no eP de M\u00f4naco 1<\/a><br>\u25b6\ufe0f<a href=\"https:\/\/www.grandepremio.com\/br\/formula-e\/noticias\/nyck-de-vries-encerra-jejum-mahindra-vence-ep-de-monaco-1-felipe-drugovich-lucas-di-grassi-pontuam\/\">De Vries encerra jejum da Mahindra e vence eP de M\u00f4naco 1. Drugovich e Di Grassi pontuam<\/a><br>\u25b6\ufe0f<a href=\"https:\/\/www.grandepremio.com\/br\/video\/formula-e\/dan-ticktum-fecha-porta-antonio-felix-da-costa-provoca-batida-feia-ep-monaco-1\/\">Ticktum fecha porta em Da Costa e provoca batida em M\u00f4naco 1<\/a><br>\u25b6\ufe0f<a href=\"https:\/\/www.grandepremio.com\/br\/formula-e\/noticias\/mitch-evans-assume-lideranca-apos-podio-monaco-1-confira-classificacao-formula-e\/\">Evans lidera ap\u00f3s M\u00f4naco 1. Confira classifica\u00e7\u00e3o da F\u00f3rmula E<\/a><\/strong><\/p>\n","protected":false},"excerpt":{"rendered":"<p>Dan Ticktum conquistou a pole-position para o eP de M\u00f4naco 1 e revelou abalo mental pelo in\u00edcio complicado de temporada na F\u00f3rmula E<\/p>\n","protected":false},"author":0,"featured_media":1001087111,"comment_status":"closed","ping_status":"closed","sticky":false,"template":"","format":"standard","meta":{"42wp_featured_image_caption":"","42wp_featured_image_credits":"","42wp_featured_video":"","42wp_featured_image_hidden":false,"42wp_authors_list":[],"footnotes":""},"categories":[19],"tags":[28679,985,25000,43531,45540,24836,28285,35442,46103,36219,43530],"42wp_author":[47167],"class_list":["post-8943","post","type-post","status-publish","format-standard","has-post-thumbnail","hentry","category-formula-e","tag-calendario-formula-e","tag-dan-ticktum","tag-formula-e-2","tag-formula-e-2026","tag-formula-e-hoje","tag-grande-premio-2","tag-grandepremio","tag-horarios-formula-e","tag-monaco-2026","tag-onde-assistir-formula-e","tag-temporada-2026-da-formula-e","42wp_author-julia-palomares-aro"],"_links":{"self":[{"href":"https:\/\/grandepremio.com\/br\/wp-json\/wp\/v2\/posts\/8943","targetHints":{"allow":["GET"]}}],"collection":[{"href":"https:\/\/grandepremio.com\/br\/wp-json\/wp\/v2\/posts"}],"about":[{"href":"https:\/\/grandepremio.com\/br\/wp-json\/wp\/v2\/types\/post"}],"replies":[{"embeddable":true,"href":"https:\/\/grandepremio.com\/br\/wp-json\/wp\/v2\/comments?post=8943"}],"version-history":[{"count":0,"href":"https:\/\/grandepremio.com\/br\/wp-json\/wp\/v2\/posts\/8943\/revisions"}],"wp:featuredmedia":[{"embeddable":true,"href":"https:\/\/grandepremio.com\/br\/wp-json\/wp\/v2\/media\/1001087111"}],"wp:attachment":[{"href":"https:\/\/grandepremio.com\/br\/wp-json\/wp\/v2\/media?parent=8943"}],"wp:term":[{"taxonomy":"category","embeddable":true,"href":"https:\/\/grandepremio.com\/br\/wp-json\/wp\/v2\/categories?post=8943"},{"taxonomy":"post_tag","embeddable":true,"href":"https:\/\/grandepremio.com\/br\/wp-json\/wp\/v2\/tags?post=8943"},{"taxonomy":"42wp_author","embeddable":true,"href":"https:\/\/grandepremio.com\/br\/wp-json\/wp\/v2\/42wp_author?post=8943"}],"curies":[{"name":"wp","href":"https:\/\/api.w.org\/{rel}","templated":true}]}}