{"id":89435,"date":"2024-01-26T12:00:08","date_gmt":"2024-01-26T15:00:08","guid":{"rendered":"https:\/\/grandepremio.com\/br\/noticias\/chefe-mclaren-fala-ascensao-garante-total-comprometimento-formula-e\/"},"modified":"2024-01-26T12:00:22","modified_gmt":"2024-01-26T15:00:22","slug":"chefe-mclaren-fala-ascensao-garante-total-comprometimento-formula-e","status":"publish","type":"post","link":"https:\/\/grandepremio.com\/br\/formula-e\/chefe-mclaren-fala-ascensao-garante-total-comprometimento-formula-e\/","title":{"rendered":"Chefe da McLaren fala em ascens\u00e3o e garante total comprometimento com F\u00f3rmula E"},"content":{"rendered":"\n<p class=\"wp-block-paragraph\">A <strong>McLaren <\/strong>n\u00e3o teve a melhor das campanhas em sua estreia na <strong>F\u00f3rmula E<\/strong> no ano passado, e come\u00e7ou a temporada 2024 com apenas um s\u00e9timo lugar no <strong>eP da Cidade do M\u00e9xico<\/strong>. Embora o desempenho ainda esteja longe do desejado, o chefe <strong>Ian James<\/strong> reiterou o compromisso da equipe com o esporte e deu como justificativa a crescente popularidade da categoria. Por isso, garantiu que estar\u00e1 no grid quando os<a href=\"https:\/\/www.grandepremio.com\/br\/formula-e\/noticias\/pacotes-aerodinamicos-energia-sem-fim-formula-e-lanca-edital-gen4-2026\/\"> carros de Gen4<\/a> forem introduzidos em 2026.<\/p>\n\n\n\n<p class=\"wp-block-paragraph\">Impulsionada pelo trem de for\u00e7a da <strong>Nissan<\/strong>, a McLaren foi apenas a oitava colocada entre as equipes depois de somar 88 pontos e apenas um p\u00f3dio na \u00faltima temporada da F\u00f3rmula E. A fornecedora japonesa ficou uma posi\u00e7\u00e3o \u00e0 frente, sem p\u00f3dios e com 95 tentos.&nbsp;<\/p>\n\n\n\n<p class=\"wp-block-paragraph\">Na primeira corrida de 2024, no <strong>eP da Cidade do M\u00e9xico<\/strong>, o time brit\u00e2nico conquistou apenas seis pontos com a s\u00e9tima posi\u00e7\u00e3o de <strong>Jake Hughes<\/strong>. Apesar da falta de desempenho, a McLaren est\u00e1 contente com os retornos positivos que a participa\u00e7\u00e3o na F\u00f3rmula E tem gerado. Por isso, planeja seguir no esporte.<\/p>\n\n\n\n<p class=\"wp-block-paragraph\">\u201cA McLaren est\u00e1 totalmente comprometida. Acredito que a F\u00f3rmula E est\u00e1 em uma trajet\u00f3ria ascendente. Se olharmos at\u00e9 mesmo para o in\u00edcio desta temporada, o envolvimento que temos e os n\u00fameros de audi\u00eancia, estamos caminhando novamente na dire\u00e7\u00e3o certa. O calend\u00e1rio parece realmente muito bom, tanto com corridas que j\u00e1 realizamos h\u00e1 algum tempo, mas tamb\u00e9m com alguns novos locais. Ent\u00e3o, tudo est\u00e1 correndo bem\u201d, contou James.<\/p>\n\n\n\n<figure class=\"wp-block-image size-large\"><img decoding=\"async\" src=\"https:\/\/www.grandepremio.com\/br\/wp-content\/uploads\/2024\/01\/GExGR4hXcAAM-_N-683x1024.jpeg\" alt=\"\" class=\"wp-image-772264\"\/><figcaption class=\"wp-element-caption\">Jake Hughes somou os primeiros pontos da McLaren em 2024 (Foto: McLaren)<\/figcaption><\/figure>\n\n\n\n<p class=\"wp-block-paragraph\">\u201cEstamos muito engajados com a FIA, com a F\u00f3rmula E, para realmente definir como ser\u00e3o os planos para o futuro. Portanto, a Gen4 est\u00e1 se preparando para ser um avan\u00e7o significativo em rela\u00e7\u00e3o \u00e0 Gen3. Acho que \u00e9 cedo para dizer no momento como ser\u00e1 o futuro da Gen4, mas estamos muito bem preparados como equipe para poder agregar mais valor e influ\u00eancia ao processo de desenvolvimento\u201d, finalizou o chefe da McLaren.<\/p>\n\n\n\n<p class=\"wp-block-paragraph\">\u00a0<strong>eP da Cidade de\u00a0<a href=\"https:\/\/www.grandepremio.com\/br\/circuito\/diriyah\/\" target=\"_blank\" rel=\"noreferrer noopener\">Diriyah<\/a>\u00a01<\/strong>\u00a0est\u00e1 marcado para \u00e0s\u00a0<strong>14h<\/strong>,\u00a0<a href=\"https:\/\/youtu.be\/XBQOog9QugI\">com\u00a0<\/a><a href=\"https:\/\/formula1aovivo.com\/\" target=\"_blank\" rel=\"noreferrer noopener\">transmiss\u00e3o<\/a>\u00a0iniciando \u00e0s 13h30 pelo\u00a0<strong>GRANDE PR\u00caMIO<\/strong>, emissora oficial da\u00a0<strong><a href=\"https:\/\/www.grandepremio.com\/br\/formula-e\/\" target=\"_blank\" rel=\"noreferrer noopener\">F\u00f3rmula E<\/a><\/strong>\u00a0no Brasil, que transmite todas as atividades de pista\u00a0<strong>AO VIVO e COM IMAGENS<\/strong>\u00a0no\u00a0<strong><a href=\"https:\/\/www.youtube.com\/c\/GrandePremioTV\" target=\"_blank\" rel=\"noreferrer noopener\">YouTube<\/a><\/strong>\u00a0e no\u00a0<strong><a href=\"https:\/\/m.kwai.com\/user\/@grandepremio\" target=\"_blank\" rel=\"noreferrer noopener\">Kwai<\/a><\/strong>.<\/p>\n\n\n\n<p class=\"wp-block-paragraph\"><strong>\u25b6\ufe0f\u00a0Inscreva-se nos dois canais do GRANDE PR\u00caMIO no YouTube:\u00a0<a href=\"https:\/\/www.youtube.com\/channel\/UC9OlHEgxoaY6QY6nWPoiqQg?sub_confirmation=1\" target=\"_blank\" rel=\"noreferrer noopener\">GP<\/a>\u00a0|\u00a0<a href=\"https:\/\/www.youtube.com\/channel\/UC9csiS6q_C3C0FYhyr1rnFA?sub_confirmation=1\" target=\"_blank\" rel=\"noreferrer noopener\">GP2<\/a><\/strong><br><strong>\u25b6\ufe0f\u00a0<a href=\"https:\/\/www.twitch.tv\/grandepremio\" target=\"_blank\" rel=\"noreferrer noopener\">Conhe\u00e7a o canal do GRANDE PR\u00caMIO na Twitch clicando aqui!<\/a><\/strong><\/p>\n\n\n\n<figure class=\"wp-block-embed is-type-video is-provider-youtube wp-block-embed-youtube wp-embed-aspect-16-9 wp-has-aspect-ratio\"><div class=\"wp-block-embed__wrapper\">\n<iframe loading=\"lazy\" title=\"WEHRLEIN reacende PORSCHE e d\u00e1 recado: JAGUAR QUE SE CUIDE na F\u00d3RMULA E | GP \u00e0s 10\" width=\"500\" height=\"281\" src=\"https:\/\/www.youtube.com\/embed\/CvmDJ7TI12I?feature=oembed\" frameborder=\"0\" allow=\"accelerometer; autoplay; clipboard-write; encrypted-media; gyroscope; picture-in-picture; web-share\" referrerpolicy=\"strict-origin-when-cross-origin\" allowfullscreen><\/iframe>\n<\/div><\/figure>\n","protected":false},"excerpt":{"rendered":"<p>Apesar dos resultados n\u00e3o muito convincentes no in\u00edcio do projeto na F\u00f3rmula E, Ian James, chefe da McLaren, refor\u00e7ou o compromisso da equipe com a categoria<\/p>\n","protected":false},"author":0,"featured_media":1000769680,"comment_status":"closed","ping_status":"closed","sticky":false,"template":"","format":"standard","meta":{"42wp_featured_image_caption":"","42wp_featured_image_credits":"","42wp_featured_video":"","42wp_featured_image_hidden":false,"42wp_authors_list":[],"footnotes":""},"categories":[19],"tags":[28679,840,35967,1491,28285,4621,90,894,36219,34650],"42wp_author":[47149],"class_list":["post-89435","post","type-post","status-publish","format-standard","has-post-thumbnail","hentry","category-formula-e","tag-calendario-formula-e","tag-formula-e","tag-formula-e-2024","tag-grande-premio","tag-grandepremio","tag-jake-hughes","tag-mclaren","tag-nissan","tag-onde-assistir-formula-e","tag-transmissao-formula-e","42wp_author-bernardo-castro"],"_links":{"self":[{"href":"https:\/\/grandepremio.com\/br\/wp-json\/wp\/v2\/posts\/89435","targetHints":{"allow":["GET"]}}],"collection":[{"href":"https:\/\/grandepremio.com\/br\/wp-json\/wp\/v2\/posts"}],"about":[{"href":"https:\/\/grandepremio.com\/br\/wp-json\/wp\/v2\/types\/post"}],"replies":[{"embeddable":true,"href":"https:\/\/grandepremio.com\/br\/wp-json\/wp\/v2\/comments?post=89435"}],"version-history":[{"count":0,"href":"https:\/\/grandepremio.com\/br\/wp-json\/wp\/v2\/posts\/89435\/revisions"}],"wp:featuredmedia":[{"embeddable":true,"href":"https:\/\/grandepremio.com\/br\/wp-json\/wp\/v2\/media\/1000769680"}],"wp:attachment":[{"href":"https:\/\/grandepremio.com\/br\/wp-json\/wp\/v2\/media?parent=89435"}],"wp:term":[{"taxonomy":"category","embeddable":true,"href":"https:\/\/grandepremio.com\/br\/wp-json\/wp\/v2\/categories?post=89435"},{"taxonomy":"post_tag","embeddable":true,"href":"https:\/\/grandepremio.com\/br\/wp-json\/wp\/v2\/tags?post=89435"},{"taxonomy":"42wp_author","embeddable":true,"href":"https:\/\/grandepremio.com\/br\/wp-json\/wp\/v2\/42wp_author?post=89435"}],"curies":[{"name":"wp","href":"https:\/\/api.w.org\/{rel}","templated":true}]}}