{"id":89459,"date":"2024-01-26T10:28:32","date_gmt":"2024-01-26T13:28:32","guid":{"rendered":"https:\/\/grandepremio.com\/br\/noticias\/pascal-wehrlein-descarta-corrida-maluca-ve-arabia-saudita-semelhante-mexico\/"},"modified":"2024-01-26T10:28:44","modified_gmt":"2024-01-26T13:28:44","slug":"pascal-wehrlein-descarta-corrida-maluca-ve-arabia-saudita-semelhante-mexico","status":"publish","type":"post","link":"https:\/\/grandepremio.com\/br\/formula-e\/pascal-wehrlein-descarta-corrida-maluca-ve-arabia-saudita-semelhante-mexico\/","title":{"rendered":"Wehrlein descarta &#8220;corrida maluca&#8221; e v\u00ea Ar\u00e1bia Saudita semelhante ao M\u00e9xico"},"content":{"rendered":"\n<p class=\"wp-block-paragraph\"><strong>Pascal Wehrlein<\/strong> n\u00e3o espera uma corrida da<strong> F\u00f3rmula E<\/strong> das mais movimentadas na<strong> Ar\u00e1bia Saudita<\/strong>. Na vis\u00e3o do piloto alem\u00e3o, o fim de semana da categoria dos monopostos el\u00e9tricos no<strong> eP de Diriyah<\/strong> at\u00e9 pode ser mais movimentado do que foi o <strong>eP da Cidade do M\u00e9xico<\/strong>. Mas ainda assim, o titular da <strong>Porsche <\/strong>conteve as expectativas e descartou a possibilidade de uma \u201ccorrida maluca\u201d.<\/p>\n\n\n\n<p class=\"wp-block-paragraph\">A primeira corrida da temporada 2024 da F\u00f3rmula E foi o eP da Cidade do M\u00e9xico, no <strong>Aut\u00f3dromo Hermano<\/strong>, no \u00faltimo dia 13. A prova, no entanto, foi menos movimentada do que o esperado e o vencedor Wehrlein venceu de ponta a ponta sem maiores dificuldades. Na verdade, a etapa como um todo foi marcada pela monotonia e pelas pouqu\u00edssimas ultrapassagens.<\/p>\n\n\n\n<p class=\"wp-block-paragraph\">Pascal explicou que a sess\u00e3o pacata teve rela\u00e7\u00e3o direta com a economia de energia. Afinal, os pilotos fizeram isso de forma eficiente e conseguiram for\u00e7ar o ritmo durante praticamente toda a prova. O alem\u00e3o, inclusive, afirmou que se o eP da Cidade do M\u00e9xico fosse um pouco mais longo, ele certamente seria mais movimentado.<\/p>\n\n\n\n<p class=\"wp-block-paragraph\">\u201cChega um ponto da corrida em que estamos praticamente o tempo inteiro com o p\u00e9 embaixo porque j\u00e1 economizamos energia o suficiente. Mas se voc\u00ea est\u00e1 no v\u00e1cuo, voc\u00ea chega a esse ponto antes dos pilotos que est\u00e3o \u00e0 sua frente. O ponto em que n\u00e3o precisamos mais economizar energia foi alcan\u00e7ado muito r\u00e1pido\u201d, disse Wehrlein.<\/p>\n\n\n\n<figure class=\"wp-block-image size-large\"><img decoding=\"async\" src=\"https:\/\/www.grandepremio.com\/br\/wp-content\/uploads\/2024\/01\/EPS1001_151654SMG_5208-2048x2048-1-1024x683.jpg\" alt=\"\" class=\"wp-image-769722\"\/><figcaption class=\"wp-element-caption\">Wehrlein foi o grande nome da F\u00f3rmula E na Cidade do M\u00e9xico (Foto: F\u00f3rmula E)<\/figcaption><\/figure>\n\n\n\n<p class=\"wp-block-paragraph\">\u201cSe tiv\u00e9ssemos prolongado a corrida em duas voltas, por exemplo, teriam me alcan\u00e7ado e seria poss\u00edvel fazer uma ultrapassagem. N\u00e3o temos ferramentas como DRS ou KERS, que ajudam na ultrapassagem. A forma como fazemos isso \u00e9 poupar energia, o que cria oportunidades para os carros que est\u00e3o logo atr\u00e1s\u201d, continuou Pascal.<\/p>\n\n\n\n<p class=\"wp-block-paragraph\">Para o eP de Diriyah, que acontece neste fim de semana, o titular da Porsche espera uma corrida um pouco mais interessante e com mais ultrapassagens.<\/p>\n\n\n\n<p class=\"wp-block-paragraph\">\u201cAcho que este fim de semana ser\u00e1 semelhante ao do M\u00e9xico, mas um pouco mais f\u00e1cil de ultrapassar. N\u00e3o ser\u00e1 uma corrida maluca como a que fizemos em Portland ou Berlim, mas certamente n\u00e3o ser\u00e1 t\u00e3o dif\u00edcil quanto a do M\u00e9xico\u201d, finalizou Wehrlein.<\/p>\n\n\n\n<p class=\"wp-block-paragraph\">O eP de\u00a0<a href=\"https:\/\/www.grandepremio.com\/br\/circuito\/diriyah\/\" target=\"_blank\" rel=\"noreferrer noopener\">Diriyah<\/a>\u00a0acontece entre os dias\u00a0<strong>25\u00a0<\/strong>e\u00a0<strong>27\u00a0<\/strong>de janeiro, na Ar\u00e1bia Saudita. O\u00a0<strong>GRANDE PR\u00caMIO\u00a0<\/strong>\u00e9\u00a0<strong>EMISSORA OFICIAL\u00a0<\/strong>da\u00a0<a href=\"https:\/\/www.grandepremio.com\/br\/formula-e\/\" target=\"_blank\" rel=\"noreferrer noopener\">F\u00f3rmula E<\/a>\u00a0no Brasil e transmite todas as atividades\u00a0<strong><a href=\"https:\/\/www.youtube.com\/c\/GrandePremioTV\" target=\"_blank\" rel=\"noreferrer noopener\">AO VIVO E COM IMAGENS<\/a><\/strong>. A\u00a0<a href=\"https:\/\/formula1aovivo.com\/\" target=\"_blank\" rel=\"noreferrer noopener\">transmiss\u00e3o<\/a>\u00a0da classifica\u00e7\u00e3o abre a partir das 8h50 (hor\u00e1rio de Bras\u00edlia), enquanto a corrida come\u00e7a \u00e0s 13h30.<\/p>\n\n\n\n<p class=\"wp-block-paragraph\"><strong>\u25b6\ufe0f\u00a0Inscreva-se nos dois canais do GRANDE PR\u00caMIO no YouTube:\u00a0<a href=\"https:\/\/www.youtube.com\/channel\/UC9OlHEgxoaY6QY6nWPoiqQg?sub_confirmation=1\" target=\"_blank\" rel=\"noreferrer noopener\">GP<\/a>\u00a0|\u00a0<a href=\"https:\/\/www.youtube.com\/channel\/UC9csiS6q_C3C0FYhyr1rnFA?sub_confirmation=1\" target=\"_blank\" rel=\"noreferrer noopener\">GP2<\/a><\/strong><br><strong>\u25b6\ufe0f\u00a0<a href=\"https:\/\/www.twitch.tv\/grandepremio\" target=\"_blank\" rel=\"noreferrer noopener\">Conhe\u00e7a o canal do GRANDE PR\u00caMIO na Twitch clicando aqui!<\/a><\/strong><\/p>\n\n\n\n<figure class=\"wp-block-embed is-type-video is-provider-youtube wp-block-embed-youtube wp-embed-aspect-4-3 wp-has-aspect-ratio\"><div class=\"wp-block-embed__wrapper\">\n<iframe loading=\"lazy\" title=\"F\u00d3RMULA E 2024 - eP de Diriyah | 2\u00aa etapa | Classifica\u00e7\u00e3o\" width=\"500\" height=\"281\" src=\"https:\/\/www.youtube.com\/embed\/eBm2yf5nUaI?feature=oembed\" frameborder=\"0\" allow=\"accelerometer; autoplay; clipboard-write; encrypted-media; gyroscope; picture-in-picture; web-share\" referrerpolicy=\"strict-origin-when-cross-origin\" allowfullscreen><\/iframe>\n<\/div><\/figure>\n","protected":false},"excerpt":{"rendered":"<p>Pascal Wehrlein falou sobre as dificuldades de ultrapassar no M\u00e9xico e afirmou que a prova na Ar\u00e1bia Saudita tende a ser parecida, embora um pouco mais movimentada<\/p>\n","protected":false},"author":0,"featured_media":1000769388,"comment_status":"closed","ping_status":"closed","sticky":false,"template":"","format":"standard","meta":{"42wp_featured_image_caption":"","42wp_featured_image_credits":"","42wp_featured_video":"","42wp_featured_image_hidden":false,"42wp_authors_list":[],"footnotes":""},"categories":[19],"tags":[28679,27360,840,35967,36219,1194,736,34650,14738],"42wp_author":[47149],"class_list":["post-89459","post","type-post","status-publish","format-standard","has-post-thumbnail","hentry","category-formula-e","tag-calendario-formula-e","tag-ep-de-diriyah","tag-formula-e","tag-formula-e-2024","tag-onde-assistir-formula-e","tag-pascal-wehrlein","tag-porsche","tag-transmissao-formula-e","tag-wehrlein","42wp_author-bernardo-castro"],"_links":{"self":[{"href":"https:\/\/grandepremio.com\/br\/wp-json\/wp\/v2\/posts\/89459","targetHints":{"allow":["GET"]}}],"collection":[{"href":"https:\/\/grandepremio.com\/br\/wp-json\/wp\/v2\/posts"}],"about":[{"href":"https:\/\/grandepremio.com\/br\/wp-json\/wp\/v2\/types\/post"}],"replies":[{"embeddable":true,"href":"https:\/\/grandepremio.com\/br\/wp-json\/wp\/v2\/comments?post=89459"}],"version-history":[{"count":0,"href":"https:\/\/grandepremio.com\/br\/wp-json\/wp\/v2\/posts\/89459\/revisions"}],"wp:featuredmedia":[{"embeddable":true,"href":"https:\/\/grandepremio.com\/br\/wp-json\/wp\/v2\/media\/1000769388"}],"wp:attachment":[{"href":"https:\/\/grandepremio.com\/br\/wp-json\/wp\/v2\/media?parent=89459"}],"wp:term":[{"taxonomy":"category","embeddable":true,"href":"https:\/\/grandepremio.com\/br\/wp-json\/wp\/v2\/categories?post=89459"},{"taxonomy":"post_tag","embeddable":true,"href":"https:\/\/grandepremio.com\/br\/wp-json\/wp\/v2\/tags?post=89459"},{"taxonomy":"42wp_author","embeddable":true,"href":"https:\/\/grandepremio.com\/br\/wp-json\/wp\/v2\/42wp_author?post=89459"}],"curies":[{"name":"wp","href":"https:\/\/api.w.org\/{rel}","templated":true}]}}