{"id":89695,"date":"2024-01-23T10:31:59","date_gmt":"2024-01-23T13:31:59","guid":{"rendered":"https:\/\/grandepremio.com\/br\/noticias\/formula-1-diz-que-gp-de-madri-nao-tira-chance-seguir-barcelona-estamos-conversando\/"},"modified":"2024-01-23T16:55:52","modified_gmt":"2024-01-23T19:55:52","slug":"formula-1-diz-que-gp-de-madri-nao-tira-chance-seguir-barcelona-estamos-conversando","status":"publish","type":"post","link":"https:\/\/grandepremio.com\/br\/f1\/formula-1-diz-que-gp-de-madri-nao-tira-chance-seguir-barcelona-estamos-conversando\/","title":{"rendered":"F1 diz que GP de Madri &#8220;n\u00e3o tira chance&#8221; de seguir em Barcelona: &#8220;Estamos conversando&#8221;"},"content":{"rendered":"\n<p class=\"wp-block-paragraph\">Casa do <strong>GP da Espanha<\/strong> de <strong>F\u00f3rmula 1<\/strong> desde 1991, <strong>Barcelona<\/strong> est\u00e1 em situa\u00e7\u00e3o complicada. Na manh\u00e3 desta ter\u00e7a-feira (23), <strong><a href=\"https:\/\/www.grandepremio.com\/br\/f1\/noticias\/formula-1-confirma-acordo-madri-vira-casa-f1-espanha-partir-2026\/\" class=\"ek-link\">a categoria confirmou o GP de Madri<\/a><\/strong>, numa pista de rua na capital espanhola, a partir de 2026. H\u00e1 quem acredite que significa a sa\u00edda da <strong>pista da Catalunha<\/strong> do cen\u00e1rio, mas n\u00e3o \u00e9 o que afirma<strong> Stefano Domenicali<\/strong>, chef\u00e3o da F1.<\/p>\n\n\n\n<p class=\"wp-block-paragraph\">Nos \u00faltimos anos, Barcelona \u00e9 uma das pistas que convivem com in\u00fameras amea\u00e7as de sa\u00edda do calend\u00e1rio, uma vez que n\u00e3o se mexeu para alguma grande reforma de infraestrutura como outras pistas tradicionais da Europa, <strong><a href=\"https:\/\/www.grandepremio.com\/br\/f1\/noticias\/monza-da-resposta-inicia-obras-manter-gp-italia-formula-1\/\" class=\"ek-link\">como Monza<\/a><\/strong> e <strong><a href=\"https:\/\/www.grandepremio.com\/br\/outras\/noticias\/spa-francorchamps-divulga-resultado-obras-132-milhoes-aumentar-seguranca\/\" class=\"ek-link\">at\u00e9 Spa<\/a><\/strong>. Al\u00e9m disso, \u00e9 constantemente vista como um dos tra\u00e7ados que menos oferece possibilidades de ultrapassagem na categoria.<\/p>\n\n\n\n<p class=\"wp-block-paragraph\">Mesmo com isso tudo e ainda a chegada a Madri, Domenicali garante que a F1 est\u00e1 em conversas com a cidade para uma poss\u00edvel renova\u00e7\u00e3o contratual para manter o evento \u2014 e ainda como GP da Espanha, uma vez que a corrida da capital ser\u00e1 o GP de Madri.<\/p>\n\n\n\n<p class=\"wp-block-paragraph\">&#8220;Para evitar qualquer d\u00favida e esclarecer tudo, o fato de estarmos em Madri n\u00e3o exclui a possibilidade de continuar em Barcelona para o futuro&#8221;, afirmou.<\/p>\n\n\n\n<figure class=\"wp-block-image size-large\"><img decoding=\"async\" src=\"https:\/\/www.grandepremio.com\/br\/wp-content\/uploads\/2023\/06\/GPF2-1024x768.jpg\" alt=\"\" class=\"wp-image-689145\"\/><figcaption class=\"wp-element-caption\">O Circuito da Barcelona-Catalunha (Foto: Eric Calduch\/GRANDE PR\u00caMIO)<\/figcaption><\/figure>\n\n\n\n<p class=\"wp-block-paragraph\">&#8220;Olhando adiante, h\u00e1 discuss\u00f5es em curso para para avaliar se podemos realmente esticar nossa colabora\u00e7\u00e3o com Barcelona, com quem temos uma \u00f3tima rela\u00e7\u00e3o, para o futuro&#8221;, contou.<\/p>\n\n\n\n<p class=\"wp-block-paragraph\">&#8220;A Espanha era um mercado que, h\u00e1 apenas alguns anos, n\u00e3o estava no centro de nossos olhos. Agora, \u00e9 muito importante. Assinamos um novo acordo com o DAZN como detentor dos direitos de transmiss\u00e3o na Espanha at\u00e9 o fim de 2026&#8221;, continuou.<\/p>\n\n\n\n<p class=\"wp-block-paragraph\">&#8220;\u00c9 um bom problema para ter, contar com m\u00faltiplas cidades, algumas no mesmo pa\u00eds, querendo realizar um GP. Mostra os nossos valores. Precisamos, entretanto, continuar concentrados nos motivos para o sucesso e garantir que n\u00e3o sejamos complacentes&#8221;, pontuou.<\/p>\n\n\n\n<p class=\"wp-block-paragraph\">Barcelona ainda tem contrato para sediar as corridas de 2024 e 2025, antes que Madri receba o primeiro evento dela, em 2026.<\/p>\n\n\n\n<p class=\"wp-block-paragraph\">A&nbsp;<a href=\"https:\/\/www.grandepremio.com\/formula-1\/\" target=\"_blank\" rel=\"noreferrer noopener\"><\/a><a href=\"https:\/\/www.grandepremio.com\/formula-1\/\" target=\"_blank\" rel=\"noreferrer noopener\">F\u00f3rmula 1<\/a>&nbsp;retorna \u00e0s pistas de 21 a 23 de fevereiro, com os testes coletivos da pr\u00e9-temporada no Bahrein, no circuito de&nbsp;<a href=\"https:\/\/www.grandepremio.com\/br\/circuito\/sakhir\/\" target=\"_blank\" rel=\"noreferrer noopener\">Sakhir<\/a>.<\/p>\n\n\n\n<p class=\"wp-block-paragraph\"><strong>&nbsp;Inscreva-se nos dois canais do GRANDE PR\u00caMIO no YouTube:&nbsp;<a href=\"https:\/\/www.youtube.com\/channel\/UC9OlHEgxoaY6QY6nWPoiqQg?sub_confirmation=1\" target=\"_blank\" rel=\"noreferrer noopener\">GP<\/a>&nbsp;|&nbsp;<a href=\"https:\/\/www.youtube.com\/channel\/UC9csiS6q_C3C0FYhyr1rnFA?sub_confirmation=1\" target=\"_blank\" rel=\"noreferrer noopener\">GP2<\/a><\/strong><br><strong><a href=\"https:\/\/www.twitch.tv\/grandepremio\" target=\"_blank\" rel=\"noreferrer noopener\">Conhe\u00e7a o canal do GRANDE PR\u00caMIO na Twitch clicando aqui!<\/a><\/strong><\/p>\n\n\n\n<figure class=\"wp-block-embed is-type-video is-provider-youtube wp-block-embed-youtube wp-embed-aspect-16-9 wp-has-aspect-ratio\"><div class=\"wp-block-embed__wrapper\">\n<iframe loading=\"lazy\" title=\"Por que F1 ERRA ao colocar MADRI no calend\u00e1rio? | GP \u00e0s 10\" width=\"500\" height=\"281\" src=\"https:\/\/www.youtube.com\/embed\/0UCap93qtms?feature=oembed\" frameborder=\"0\" allow=\"accelerometer; autoplay; clipboard-write; encrypted-media; gyroscope; picture-in-picture; web-share\" referrerpolicy=\"strict-origin-when-cross-origin\" allowfullscreen><\/iframe>\n<\/div><figcaption class=\"wp-element-caption\">Por que F1 ERRA ao colocar MADRI no calend\u00e1rio? | GP \u00e0s 10<\/figcaption><\/figure>\n","protected":false},"excerpt":{"rendered":"<p>Stefano Domenicali, chef\u00e3o da F\u00f3rmula 1, negou que a ida da categoria para Madri signifique a certeza do adeus a Barcelona<\/p>\n","protected":false},"author":0,"featured_media":1000689733,"comment_status":"closed","ping_status":"closed","sticky":false,"template":"","format":"standard","meta":{"42wp_featured_image_caption":"","42wp_featured_image_credits":"","42wp_featured_video":"","42wp_featured_image_hidden":false,"42wp_authors_list":[],"footnotes":""},"categories":[2],"tags":[304,5660,3230,642,35707,7105,907],"42wp_author":[47120],"class_list":["post-89695","post","type-post","status-publish","format-standard","has-post-thumbnail","hentry","category-f1","tag-barcelona","tag-classificacao","tag-f1-2024","tag-f1-ao-vivo","tag-gp-de-madri","tag-madri","tag-stefano-domenicali","42wp_author-pedro-henrique-marum"],"_links":{"self":[{"href":"https:\/\/grandepremio.com\/br\/wp-json\/wp\/v2\/posts\/89695","targetHints":{"allow":["GET"]}}],"collection":[{"href":"https:\/\/grandepremio.com\/br\/wp-json\/wp\/v2\/posts"}],"about":[{"href":"https:\/\/grandepremio.com\/br\/wp-json\/wp\/v2\/types\/post"}],"replies":[{"embeddable":true,"href":"https:\/\/grandepremio.com\/br\/wp-json\/wp\/v2\/comments?post=89695"}],"version-history":[{"count":0,"href":"https:\/\/grandepremio.com\/br\/wp-json\/wp\/v2\/posts\/89695\/revisions"}],"wp:featuredmedia":[{"embeddable":true,"href":"https:\/\/grandepremio.com\/br\/wp-json\/wp\/v2\/media\/1000689733"}],"wp:attachment":[{"href":"https:\/\/grandepremio.com\/br\/wp-json\/wp\/v2\/media?parent=89695"}],"wp:term":[{"taxonomy":"category","embeddable":true,"href":"https:\/\/grandepremio.com\/br\/wp-json\/wp\/v2\/categories?post=89695"},{"taxonomy":"post_tag","embeddable":true,"href":"https:\/\/grandepremio.com\/br\/wp-json\/wp\/v2\/tags?post=89695"},{"taxonomy":"42wp_author","embeddable":true,"href":"https:\/\/grandepremio.com\/br\/wp-json\/wp\/v2\/42wp_author?post=89695"}],"curies":[{"name":"wp","href":"https:\/\/api.w.org\/{rel}","templated":true}]}}