{"id":90104,"date":"2024-01-17T04:15:00","date_gmt":"2024-01-17T07:15:00","guid":{"rendered":"https:\/\/grandepremio.com\/br\/noticias\/pascal-wehrlein-domina-brasileiros-caos-positivos-negativos-formula-e-mexico\/"},"modified":"2024-01-16T14:19:07","modified_gmt":"2024-01-16T17:19:07","slug":"pascal-wehrlein-domina-brasileiros-caos-positivos-negativos-formula-e-mexico","status":"publish","type":"post","link":"https:\/\/grandepremio.com\/br\/formula-e\/pascal-wehrlein-domina-brasileiros-caos-positivos-negativos-formula-e-mexico\/","title":{"rendered":"Wehrlein domina e brasileiros vivem caos: positivos e negativos da F\u00f3rmula E no M\u00e9xico"},"content":{"rendered":"\n<p class=\"wp-block-paragraph\">A <strong>F\u00f3rmula E<\/strong> fez sua <a aria-label=\" (opens in a new tab)\" href=\"https:\/\/www.youtube.com\/watch?v=XBQOog9QugI\" target=\"_blank\" rel=\"noreferrer noopener\" class=\"ek-link\">estreia na temporada 2023\/24 no \u00faltimo s\u00e1bado (13)<\/a>, no <strong>eP da Cidade do M\u00e9xico<\/strong>, e <strong>Pascal Wehrlein <\/strong>mais uma vez deu aula no Aut\u00f3dromo Hermanos Rodr\u00edguez. <a aria-label=\" (opens in a new tab)\" href=\"https:\/\/www.grandepremio.com\/br\/formula-e\/noticias\/pascal-wehrlein-reafirma-posto-senor-mexico-formula-e-pista-precisa-revista\/\" target=\"_blank\" rel=\"noreferrer noopener\" class=\"ek-link\">Dono de uma rela\u00e7\u00e3o especial com a pista mexicana<\/a>, o alem\u00e3o emendou seu <strong>terceiro <\/strong>p\u00f3dio consecutivo no local com uma vit\u00f3ria dominante, e isso logo ap\u00f3s conquistar sua primeira pole em dois anos \u2014 justamente no mesmo lugar da \u00faltima.<\/p>\n\n\n\n<p class=\"wp-block-paragraph\">Segundo colocado, <strong>S\u00e9bastien<\/strong> <strong>Buemi <\/strong>come\u00e7ou a temporada forte e d\u00e1 pinta de que est\u00e1 mais pr\u00f3ximo do que nunca de quebrar o inc\u00f4modo jejum de vit\u00f3rias na F\u00f3rmula E, enquanto <strong>Nick Cassidy <\/strong>fechou o p\u00f3dio em sua estreia pela <strong>Jaguar<\/strong>. Consistente, <strong>Maximilian G\u00fcnther <\/strong>foi o quarto colocado com a <strong>Maserati<\/strong>, uma posi\u00e7\u00e3o \u00e0 frente de <strong>Mitch Evans<\/strong>, <a href=\"https:\/\/www.grandepremio.com\/br\/formula-e\/noticias\/mitch-evans-reclama-sentir-volante-absurdamente-pesado-mexico-frustrado-irritado\/\" target=\"_blank\" aria-label=\" (opens in a new tab)\" rel=\"noreferrer noopener\" class=\"ek-link\">que sofreu com a dire\u00e7\u00e3o do carro<\/a>.<\/p>\n\n\n\n<p class=\"wp-block-paragraph\"><strong>Jean-\u00c8ric Vergne<\/strong> fechou na sexta coloca\u00e7\u00e3o com a <strong>DS Penske<\/strong>, um posto \u00e0 frente de <strong>Jake Hughes<\/strong>, que deu \u00e0 <strong>McLaren <\/strong>seus primeiros pontos na temporada. Por fim, <strong>Stoffel Vandoorne<\/strong>, <strong>Jake Dennis <\/strong>e <strong>Norman Nato <\/strong>completaram os dez primeiros em uma corrida com muito menos ultrapassagens do que o habitual para a categoria.<\/p>\n\n\n\n<p class=\"wp-block-paragraph\">Entre os brasileiros, caos completo. <strong>Lucas Di Grassi<\/strong> abandonou ainda nos primeiros momentos da prova <a aria-label=\" (opens in a new tab)\" href=\"https:\/\/www.grandepremio.com\/br\/formula-e\/noticias\/lucas-di-grassi-revela-problema-freios-lamenta-abandono-mexico-nao-foi-nosso-dia\/\" target=\"_blank\" rel=\"noreferrer noopener\" class=\"ek-link\">ap\u00f3s sofrer com um problema nos freios<\/a> que o impediu de continuar, enquanto <strong>S\u00e9rgio Sette C\u00e2mara <\/strong>teve um dia ainda pior e nem sequer conseguiu largar.<\/p>\n\n\n\n<p class=\"wp-block-paragraph\">A cada fim de semana de corrida, o <strong>GRANDE PR\u00caMIO <\/strong>traz alguns nomes que deixam a etapa em alta e outros que saem de forma negativa. Confira todos os escolhidos ap\u00f3s a estreia da temporada na <strong>Cidade do M\u00e9xico<\/strong>.<\/p>\n\n\n\n<figure class=\"wp-block-image size-large\"><img decoding=\"async\" src=\"https:\/\/www.grandepremio.com\/br\/wp-content\/uploads\/2024\/01\/EPS1001_151654SMG_5208-2048x2048-1-1024x683.jpg\" alt=\"\" class=\"wp-image-769722\"\/><figcaption class=\"wp-element-caption\">Wehrlein foi o grande nome da F\u00f3rmula E na Cidade do M\u00e9xico (Foto: F\u00f3rmula E)<\/figcaption><\/figure>\n\n\n\n<h2 class=\"wp-block-heading\" id=\"h-polegar-para-cima\">\ud83d\udc4d POLEGAR PARA CIMA \ud83d\udc4d<\/h2>\n\n\n\n<h3 class=\"wp-block-heading\" id=\"h-pascal-wehrlein\">Pascal Wehrlein<\/h3>\n\n\n\n<p class=\"wp-block-paragraph\">O vencedor do dia n\u00e3o apenas deu o recado de que a <strong>Porsche <\/strong>segue fort\u00edssima na F\u00f3rmula E, mas dominou a corrida de maneira a n\u00e3o dar nenhuma chance aos advers\u00e1rios. Perfeito a cada volta, Wehrlein n\u00e3o cometeu erros e executou a estrat\u00e9gia da equipe com exatid\u00e3o e compet\u00eancia.<\/p>\n\n\n\n<p class=\"wp-block-paragraph\">Al\u00e9m do triunfo, \u00e9 claro, a \u00f3tima not\u00edcia do dia ficou pela pole do alem\u00e3o, que voltou \u00e0 posi\u00e7\u00e3o de honra pela primeira vez desde o <strong>eP da Cidade do M\u00e9xico de 2022<\/strong>. \u00c9 um in\u00edcio de al\u00edvio para a Porsche, que sofreu com as classifica\u00e7\u00f5es ao longo de todo o ano de 2023. Precisa apenas provar que o ritmo de volta lan\u00e7ada est\u00e1 l\u00e1 para ficar, mas o in\u00edcio foi praticamente perfeito.<\/p>\n\n\n\n<h3 class=\"wp-block-heading\" id=\"h-sebastien-buemi\">S\u00e9bastien Buemi<\/h3>\n\n\n\n<p class=\"wp-block-paragraph\">Dono do maior jejum de vit\u00f3rias da F\u00f3rmula E, com <strong>61 <\/strong>corridas sem saber o que \u00e9 vencer, Buemi contrasta a seca com o tamanho de um dos maiores da hist\u00f3ria da categoria. Ao menos, a marca parece estar mais pr\u00f3xima do que nunca de ser batida. O su\u00ed\u00e7o fez mais uma corrida forte e permaneceu pr\u00f3ximo a Wehrlein durante boa parte do tempo, mas cometeu um erro que permitiu ao alem\u00e3o abrir mais de <strong>2s <\/strong>de vantagem.<\/p>\n\n\n\n<p class=\"wp-block-paragraph\">No entanto, evitou um gasto de energia exagerado dali em diante e apenas controlou Cassidy, uma amea\u00e7a e tanto depois da excelente temporada que fez em 2023 \u2014 com direito a parceria explosiva entre os dois na <strong>Envision<\/strong>. Seria \u00f3timo para a F\u00f3rmula E ter Buemi novamente como um postulante real ao t\u00edtulo, mas s\u00f3 a sequ\u00eancia da temporada pode dizer.<\/p>\n\n\n\n<figure class=\"wp-block-image size-large\"><img decoding=\"async\" src=\"https:\/\/www.grandepremio.com\/br\/wp-content\/uploads\/2024\/01\/EPS1001_151637ZALS0050-2048x2048-1-1024x683.jpg\" alt=\"\" class=\"wp-image-769721\"\/><figcaption class=\"wp-element-caption\">Buemi chegou a 31 p\u00f3dios na F\u00f3rmula E, mas a vit\u00f3ria escapou mais uma vez (Foto: F\u00f3rmula E)<\/figcaption><\/figure>\n\n\n\n<h3 class=\"wp-block-heading\" id=\"h-maximilian-gunther\">Maximilian G\u00fcnther<\/h3>\n\n\n\n<p class=\"wp-block-paragraph\">Tudo bem que G\u00fcnther perdeu uma posi\u00e7\u00e3o em rela\u00e7\u00e3o \u00e0 largada, mas a verdade \u00e9 que a perda esperada era maior ainda. O alem\u00e3o se recuperou <a aria-label=\" (opens in a new tab)\" href=\"https:\/\/www.grandepremio.com\/br\/video\/formula-e\/maximilian-gunther-arrasta-traseira-maserati-muro-interrompe-tl1-formula-mexico\/\" target=\"_blank\" rel=\"noreferrer noopener\" class=\"ek-link\">de uma batida no TL1<\/a> que o impediu de participar da primeira atividade de testes e, mesmo assim, fez mais uma classifica\u00e7\u00e3o forte com o motor <strong>DS<\/strong>. Aproveitando as puni\u00e7\u00f5es da Jaguar, &#8216;Max&#8217; largou em terceiro e s\u00f3 perdeu um posto para Cassidy ao obedecer comando da Maserati e ativar o modo ataque, abrindo passagem para o neozeland\u00eas. <\/p>\n\n\n\n<p class=\"wp-block-paragraph\">N\u00e3o conseguiu alcan\u00e7ar o rival, que disp\u00f5e de um conjunto mais eficiente, mas nem deu chances \u00e0 aproxima\u00e7\u00e3o de Evans e segurou o ritmo at\u00e9 o fim sem cometer erros. Em seus melhores dias, \u00e9 um real competidor ao p\u00f3dio da F\u00f3rmula E.<\/p>\n\n\n\n<h2 class=\"wp-block-heading\" id=\"h-polegar-para-baixo\">\ud83d\udc4e POLEGAR PARA BAIXO \ud83d\udc4e<\/h2>\n\n\n\n<h3 class=\"wp-block-heading\" id=\"h-sergio-sette-camara\">S\u00e9rgio Sette C\u00e2mara<\/h3>\n\n\n\n<p class=\"wp-block-paragraph\">Nem tanto por culpa do brasileiro, mas a verdade \u00e9 que a estreia da temporada foi um <strong>desastre<\/strong>. Sette C\u00e2mara atingiu o muro e abreviou sua participa\u00e7\u00e3o no <strong>TL2<\/strong>, mas at\u00e9 fez uma boa classifica\u00e7\u00e3o para os padr\u00f5es permitidos pelo fraco carro da <strong>ERT<\/strong>. O fim de semana, entretanto, acabou por ali mesmo, j\u00e1 que o piloto nem conseguiu largar para a prova.<\/p>\n\n\n\n<p class=\"wp-block-paragraph\">Um problema <a aria-label=\" (opens in a new tab)\" href=\"https:\/\/www.grandepremio.com\/br\/formula-e\/noticias\/sergio-sette-camara-explosao-carro-ert-nao-largar-mexico-muita-fumaca\/\" target=\"_blank\" rel=\"noreferrer noopener\" class=\"ek-link\">com direito a explos\u00e3o na traseira do carro<\/a>, ainda durante o caminho para o grid, impediu que S\u00e9rgio participasse da corrida, na qual <strong>Dan Ticktum <\/strong>\u2014 seu companheiro \u2014 foi o \u00faltimo. Ao menos na primeira prova, a equipe parece ter estagnado, enquanto o trem de for\u00e7a <strong>Mahindra <\/strong>avan\u00e7ou levemente. Corre s\u00e9rio risco de se tornar o pior time do grid.<\/p>\n\n\n\n<figure class=\"wp-block-video\"><video class=\"video-js vjs-big-play-centered\" data-gp-vjs=\"1\" controls src=\"https:\/\/www.grandepremio.com\/br\/wp-content\/uploads\/2024\/01\/Batida-entre-Muller-e-Da-Costa.mp4\"><\/video><figcaption class=\"wp-element-caption\">Da Costa bateu em M\u00fcller e abandonou a corrida logo no in\u00edcio (V\u00eddeo: F\u00f3rmula E\/GRANDE PR\u00caMIO)<\/figcaption><\/figure>\n\n\n\n<h3 class=\"wp-block-heading\" id=\"h-antonio-felix-da-costa\">Ant\u00f3nio F\u00e9lix da Costa<\/h3>\n\n\n\n<p class=\"wp-block-paragraph\">Enquanto o companheiro Wehrlein garantiu a pole, Da Costa caiu na fase de grupos da classifica\u00e7\u00e3o e largou apenas em <strong>16\u00ba<\/strong>. Sem se entender com o acerto do carro durante todo o fim de semana, o portugu\u00eas partiu para uma corrida de recupera\u00e7\u00e3o e acertou <strong>Nico M\u00fcller <\/strong><a href=\"https:\/\/www.grandepremio.com\/br\/video\/formula-e\/antonio-felix-da-costa-leva-pior-enrosco-nico-muller-abandona-ep-cidade-do-mexico\/\" target=\"_blank\" aria-label=\" (opens in a new tab)\" rel=\"noreferrer noopener\" class=\"ek-link\">ainda na terceira volta<\/a>, quebrando a suspens\u00e3o dianteira e abandonando a prova. Pela batida, <a href=\"https:\/\/www.grandepremio.com\/br\/formula-e\/noticias\/antonio-felix-da-costa-punido-toque-nico-muller-perde-tres-posicoes-grid-diriyah\/\" target=\"_blank\" aria-label=\" (opens in a new tab)\" rel=\"noreferrer noopener\" class=\"ek-link\">vai perder tr\u00eas posi\u00e7\u00f5es no grid de largada<\/a> do <strong>eP de Diriyah 1<\/strong>. Desastre total.<\/p>\n\n\n\n<p class=\"wp-block-paragraph\">Em seu segundo ano de Porsche, Da Costa terminou a \u00faltima temporada em alta, parece mais adaptado ao time e em condi\u00e7\u00f5es de fazer bem mais do que no ano passado \u2014 ao menos, \u00e9 o que se espera de um dos campe\u00f5es do grid. O come\u00e7o, por\u00e9m, foi muito ruim, lembrando os piores dias de 2023.<\/p>\n\n\n\n<h3 class=\"wp-block-heading\" id=\"h-jehan-daruvala\">Jehan Daruvala<\/h3>\n\n\n\n<p class=\"wp-block-paragraph\">Ao contr\u00e1rio de Hughes e <strong>Sacha Fenestraz<\/strong>, que estrearam na F\u00f3rmula E fazendo barulho em 2023 \u2014 principalmente nas classifica\u00e7\u00f5es \u2014, Daruvala nem apareceu em seu primeiro fim de semana oficial na categoria. Nono colocado em seu grupo, ficou atr\u00e1s at\u00e9 da Mahindra de <strong>Edoardo Mortara <\/strong>e largou apenas em <strong>17\u00ba <\/strong>\u2014 por muito, a pior posi\u00e7\u00e3o de largada dos carros com trem de for\u00e7a <strong>DS<\/strong>.<\/p>\n\n\n\n<p class=\"wp-block-paragraph\">Em uma corrida sem muitas ultrapassagens, o indiano n\u00e3o conseguiu aproveitar os abandonos ao redor \u2014 mesmo com um carro consideravelmente melhor que Mahindra e <strong>Nissan<\/strong>, por exemplo \u2014 e s\u00f3 ficou \u00e0 frente de M\u00fcller, que tomou uma pancada de Da Costa, e Ticktum, que apostou em uma estrat\u00e9gia bizarra de gerenciamento de energia e terminou mais de <strong>1min <\/strong>atr\u00e1s do vencedor. Estreia desanimadora.<\/p>\n\n\n\n<p class=\"wp-block-paragraph\">O campeonato retorna entre os dias&nbsp;<strong>25&nbsp;<\/strong>e&nbsp;<strong>27&nbsp;<\/strong>de janeiro, na Ar\u00e1bia Saudita, com o&nbsp;<strong>eP de&nbsp;<a href=\"https:\/\/www.grandepremio.com\/br\/circuito\/diriyah\/\" target=\"_blank\" rel=\"noreferrer noopener\">Diriyah<\/a><\/strong>. O&nbsp;<strong>GRANDE PR\u00caMIO<\/strong>&nbsp;\u00e9&nbsp;<strong>EMISSORA OFICIAL<\/strong>&nbsp;da&nbsp;<a href=\"https:\/\/www.grandepremio.com\/br\/formula-e\/\" target=\"_blank\" rel=\"noreferrer noopener\">F\u00f3rmula E<\/a>&nbsp;no Brasil e transmite todas as atividades&nbsp;<strong>AO VIVO E COM IMAGENS<\/strong>.<\/p>\n\n\n\n<p class=\"wp-block-paragraph\"><strong>\u25b6\ufe0f\u00a0Inscreva-se nos dois canais do GRANDE PR\u00caMIO no YouTube:\u00a0<a href=\"https:\/\/www.youtube.com\/channel\/UC9OlHEgxoaY6QY6nWPoiqQg?sub_confirmation=1\" target=\"_blank\" rel=\"noreferrer noopener\">GP<\/a>\u00a0|\u00a0<a href=\"https:\/\/www.youtube.com\/channel\/UC9csiS6q_C3C0FYhyr1rnFA?sub_confirmation=1\" target=\"_blank\" rel=\"noreferrer noopener\">GP2<\/a><\/strong><br><strong>\u25b6\ufe0f\u00a0<a href=\"https:\/\/www.twitch.tv\/grandepremio\" target=\"_blank\" rel=\"noreferrer noopener\">Conhe\u00e7a o canal do GRANDE PR\u00caMIO na Twitch clicando aqui!<\/a><\/strong><\/p>\n\n\n\n<figure class=\"wp-block-embed is-type-video is-provider-youtube wp-block-embed-youtube wp-embed-aspect-16-9 wp-has-aspect-ratio\"><div class=\"wp-block-embed__wrapper\">\n<iframe loading=\"lazy\" title=\"WEHRLEIN reacende PORSCHE e d\u00e1 recado: JAGUAR QUE SE CUIDE na F\u00d3RMULA E | GP \u00e0s 10\" width=\"500\" height=\"281\" src=\"https:\/\/www.youtube.com\/embed\/CvmDJ7TI12I?feature=oembed\" frameborder=\"0\" allow=\"accelerometer; autoplay; clipboard-write; encrypted-media; gyroscope; picture-in-picture; web-share\" referrerpolicy=\"strict-origin-when-cross-origin\" allowfullscreen><\/iframe>\n<\/div><\/figure>\n\n\n\n<h2 class=\"wp-block-heading\" id=\"h-assista-a-corrida-completa-do-ep-da-cidade-do-mexico\">Assista \u00e0 corrida completa do eP da Cidade do M\u00e9xico:<\/h2>\n\n\n\n<figure class=\"wp-block-embed is-type-video is-provider-youtube wp-block-embed-youtube wp-embed-aspect-16-9 wp-has-aspect-ratio\"><div class=\"wp-block-embed__wrapper\">\n<iframe loading=\"lazy\" title=\"F\u00d3RMULA E 2024 - eP da Cidade do M\u00e9xico | 1\u00aa etapa | Corrida\" width=\"500\" height=\"281\" src=\"https:\/\/www.youtube.com\/embed\/XBQOog9QugI?feature=oembed\" frameborder=\"0\" allow=\"accelerometer; autoplay; clipboard-write; encrypted-media; gyroscope; picture-in-picture; web-share\" referrerpolicy=\"strict-origin-when-cross-origin\" allowfullscreen><\/iframe>\n<\/div><\/figure>\n","protected":false},"excerpt":{"rendered":"<p>Na abertura da F\u00f3rmula E em 2024, Pascal Wehrlein deu nova demonstra\u00e7\u00e3o de que \u00e9 o grande nome da pista na categoria e dominou completamente a corrida. Os brasileiros, por outro lado, viveram um dia desanimador. Confira quem deixa o M\u00e9xico em alta e em baixa<\/p>\n","protected":false},"author":0,"featured_media":1000769619,"comment_status":"closed","ping_status":"closed","sticky":false,"template":"","format":"standard","meta":{"42wp_featured_image_caption":"","42wp_featured_image_credits":"","42wp_featured_video":"","42wp_featured_image_hidden":false,"42wp_authors_list":[],"footnotes":""},"categories":[19],"tags":[25774,12603,33214,28679,6853,10437,30836,36858,379,36881,840,35967,1601,1491,30103,28285,2971,8870,912,36219,1194,736,876,1025],"42wp_author":[47142],"class_list":["post-90104","post","type-post","status-publish","format-standard","has-post-thumbnail","hentry","category-formula-e","tag-antonio-felix-da-costa","tag-autodromo-hermanos-rodriguez","tag-calendario-fe","tag-calendario-formula-e","tag-classificacao-formula-e","tag-envision","tag-ep-da-cidade-do-mexico","tag-ert","tag-fe","tag-fe-2024","tag-formula-e","tag-formula-e-2024","tag-gen3","tag-grande-premio","tag-grande-premio-f1","tag-grandepremio","tag-jehan-daruvala","tag-maserati","tag-maximilian-gunther","tag-onde-assistir-formula-e","tag-pascal-wehrlein","tag-porsche","tag-sebastien-buemi","tag-sergio-sette-camara","42wp_author-jp-nascimento"],"_links":{"self":[{"href":"https:\/\/grandepremio.com\/br\/wp-json\/wp\/v2\/posts\/90104","targetHints":{"allow":["GET"]}}],"collection":[{"href":"https:\/\/grandepremio.com\/br\/wp-json\/wp\/v2\/posts"}],"about":[{"href":"https:\/\/grandepremio.com\/br\/wp-json\/wp\/v2\/types\/post"}],"replies":[{"embeddable":true,"href":"https:\/\/grandepremio.com\/br\/wp-json\/wp\/v2\/comments?post=90104"}],"version-history":[{"count":0,"href":"https:\/\/grandepremio.com\/br\/wp-json\/wp\/v2\/posts\/90104\/revisions"}],"wp:featuredmedia":[{"embeddable":true,"href":"https:\/\/grandepremio.com\/br\/wp-json\/wp\/v2\/media\/1000769619"}],"wp:attachment":[{"href":"https:\/\/grandepremio.com\/br\/wp-json\/wp\/v2\/media?parent=90104"}],"wp:term":[{"taxonomy":"category","embeddable":true,"href":"https:\/\/grandepremio.com\/br\/wp-json\/wp\/v2\/categories?post=90104"},{"taxonomy":"post_tag","embeddable":true,"href":"https:\/\/grandepremio.com\/br\/wp-json\/wp\/v2\/tags?post=90104"},{"taxonomy":"42wp_author","embeddable":true,"href":"https:\/\/grandepremio.com\/br\/wp-json\/wp\/v2\/42wp_author?post=90104"}],"curies":[{"name":"wp","href":"https:\/\/api.w.org\/{rel}","templated":true}]}}