{"id":90122,"date":"2024-01-16T14:50:03","date_gmt":"2024-01-16T17:50:03","guid":{"rendered":"https:\/\/grandepremio.com\/br\/noticias\/mclaren-cita-trabalho-arduo-diz-objetivo-topo-grid-mcl38\/"},"modified":"2024-01-16T14:50:17","modified_gmt":"2024-01-16T17:50:17","slug":"mclaren-cita-trabalho-arduo-diz-objetivo-topo-grid-mcl38","status":"publish","type":"post","link":"https:\/\/grandepremio.com\/br\/f1\/mclaren-cita-trabalho-arduo-diz-objetivo-topo-grid-mcl38\/","title":{"rendered":"McLaren cita \u201ctrabalho \u00e1rduo\u201d e diz que objetivo \u00e9 \u201ctopo do grid\u201d com MCL38"},"content":{"rendered":"\n<p class=\"wp-block-paragraph\">A <strong>McLaren<\/strong> surpreendeu a todos e, sem aviso pr\u00e9vio, <a href=\"https:\/\/www.grandepremio.com\/br\/f1\/noticias\/mclaren-antecipa-lancamento-oficial-divulga-pintura-carro-formula-1-2024\/\" class=\"ek-link\">apresentou a pintura do <strong>MCL38<\/strong><\/a>, carro que vai utilizar para competir na temporada 2024 da<strong> F\u00f3rmula 1<\/strong>. Ap\u00f3s o lan\u00e7amento, <strong>Andrea Stella<\/strong>, chefe da equipe, falou sobre o \u201ctrabalho \u00e1rduo\u201d de todos os funcion\u00e1rios no projeto, e reiterou que o objetivo para o ano \u00e9 seguir na caminhada rumo ao topo do grid.<\/p>\n\n\n\n<p class=\"wp-block-paragraph\">Embora tenha conclu\u00eddo a \u00faltima temporada da F\u00f3rmula 1 no quarto lugar no <strong>Mundial de Construtores<\/strong>, a McLaren terminou a campanha como a segunda for\u00e7a do grid. No entanto, o resultado na tabela s\u00f3 n\u00e3o foi melhor porque a equipe errou na concep\u00e7\u00e3o do <strong>MCL60 <\/strong>e s\u00f3 conseguiu ter um carro competitivo a partir do<strong> GP da \u00c1ustria<\/strong>.<\/p>\n\n\n\n<p class=\"wp-block-paragraph\">Por isso, para a campanha que se aproxima, Stella refor\u00e7ou que a equipe trabalhou duro e criou \u201cbases s\u00f3lidas\u201d para atingir o objetivo de voltar ao topo da F1. Por isso, o foco \u00e9 come\u00e7ar o ano com o p\u00e9 direito.<\/p>\n\n\n\n<p class=\"wp-block-paragraph\">\u201cDepois de um per\u00edodo agitado ap\u00f3s o fim da \u00faltima temporada, chegamos em 2024 com o objetivo de continuar a caminhada rumo ao topo do grid&#8221;, disse Stella. &#8220;No ano passado a equipe estabeleceu uma base s\u00f3lida para o futuro atrav\u00e9s do compromisso, esfor\u00e7o e do trabalho. Com as nossas novas atualiza\u00e7\u00f5es de infraestrutura e as pessoas j\u00e1 adaptadas, podemos continuar elevando nossos padr\u00f5es e vamos colocar o m\u00e1ximo de desempenho em tudo que fazemos\u201d, seguiu o chefe da McLaren.<\/p>\n\n\n\n<figure class=\"wp-block-image size-large\"><img decoding=\"async\" src=\"https:\/\/www.grandepremio.com\/br\/wp-content\/uploads\/2024\/01\/McLaren-F1-2024-Livery-Front-1024x653.jpg\" alt=\"\" class=\"wp-image-770319\"\/><figcaption class=\"wp-element-caption\">McLaren abandonou os tons em azul e apostou no preto e laranja para 2024 (Foto: McLaren)<\/figcaption><\/figure>\n\n\n\n<p class=\"wp-block-paragraph\">\u201cA pintura de 2024 parece \u00f3tima e estou ansioso para ver Lando e Oscar levarem o MCL38 para a pista em fevereiro&#8221;, continuou. &#8220;O apoio de nossos parceiros comerciais e f\u00e3s v\u00e3o desempenhar um papel importante \u00e0 medida que continuamos unidos como uma equipe em 2024. Ainda temos muito trabalho a fazer antes de entrarmos na pista para a primeira corrida no Bahrein, mas estamos todos focados em cumprir os nossos objetivos e come\u00e7ar a temporada com o p\u00e9 direito\u201d, finalizou Stella.<\/p>\n\n\n\n<p class=\"wp-block-paragraph\">A equipe inglesa soltou o layout do seu novo carro nas redes sociais na tarde desta ter\u00e7a-feira (16). A nova pintura do MCL 38, nome de batismo do carro, mant\u00e9m a estrutura laranja com diversas partes na cor preta e, como maior mudan\u00e7a, retira a cor azul que brindava trechos espec\u00edficos do b\u00f3lido.<\/p>\n\n\n\n<p class=\"wp-block-paragraph\">A equipe de Woking confirmou o lan\u00e7amento oficial do carro para o dia 14 de fevereiro. A <strong>F\u00f3rmula 1<\/strong> retorna \u00e0s pistas de 21 a 23 de fevereiro, com os testes coletivos da pr\u00e9-temporada, no <strong>Bahrein<\/strong>.<\/p>\n\n\n\n<p class=\"wp-block-paragraph\"><strong>\u25b6\ufe0f\u00a0Inscreva-se nos dois canais do GRANDE PR\u00caMIO no YouTube:\u00a0<a href=\"https:\/\/www.youtube.com\/channel\/UC9OlHEgxoaY6QY6nWPoiqQg?sub_confirmation=1\" target=\"_blank\" rel=\"noreferrer noopener\">GP<\/a>\u00a0|\u00a0<a href=\"https:\/\/www.youtube.com\/channel\/UC9csiS6q_C3C0FYhyr1rnFA?sub_confirmation=1\" target=\"_blank\" rel=\"noreferrer noopener\">GP2<\/a><\/strong><br><strong>\u25b6\ufe0f\u00a0<a href=\"https:\/\/www.twitch.tv\/grandepremio\" target=\"_blank\" rel=\"noreferrer noopener\">Conhe\u00e7a o canal do GRANDE PR\u00caMIO na Twitch clicando aqui!<\/a><\/strong><\/p>\n\n\n\n<figure class=\"wp-block-embed is-type-video is-provider-youtube wp-block-embed-youtube wp-embed-aspect-16-9 wp-has-aspect-ratio\"><div class=\"wp-block-embed__wrapper\">\n<iframe loading=\"lazy\" title=\"Norris est\u00e1 ERRADO! \u00c9 PRECISO se defender de Verstappen MESMO sem ter MELHOR CARRO | GP \u00e0s 10\" width=\"500\" height=\"281\" src=\"https:\/\/www.youtube.com\/embed\/2Na2BkFaG6w?feature=oembed\" frameborder=\"0\" allow=\"accelerometer; autoplay; clipboard-write; encrypted-media; gyroscope; picture-in-picture; web-share\" referrerpolicy=\"strict-origin-when-cross-origin\" allowfullscreen><\/iframe>\n<\/div><\/figure>\n","protected":false},"excerpt":{"rendered":"<p>Andrea Stella, chefe da McLaren, valorizou o trabalho da equipe na concep\u00e7\u00e3o do MCL38 e espera come\u00e7ar 2024 \u201ccom o p\u00e9 direito\u201d para voltar ao topo do grid da F1<\/p>\n","protected":false},"author":0,"featured_media":1000770305,"comment_status":"closed","ping_status":"closed","sticky":false,"template":"","format":"standard","meta":{"42wp_featured_image_caption":"","42wp_featured_image_credits":"","42wp_featured_video":"","42wp_featured_image_hidden":false,"42wp_authors_list":[],"footnotes":""},"categories":[2],"tags":[7094,3230,180,30909,1491,28285,38002,90,4928,37605],"42wp_author":[47149],"class_list":["post-90122","post","type-post","status-publish","format-standard","has-post-thumbnail","hentry","category-f1","tag-andrea-stella","tag-f1-2024","tag-formula-1","tag-formula-1-2024","tag-grande-premio","tag-grandepremio","tag-mcl38","tag-mclaren","tag-mclaren-f1","tag-mclaren-formula-1","42wp_author-bernardo-castro"],"_links":{"self":[{"href":"https:\/\/grandepremio.com\/br\/wp-json\/wp\/v2\/posts\/90122","targetHints":{"allow":["GET"]}}],"collection":[{"href":"https:\/\/grandepremio.com\/br\/wp-json\/wp\/v2\/posts"}],"about":[{"href":"https:\/\/grandepremio.com\/br\/wp-json\/wp\/v2\/types\/post"}],"replies":[{"embeddable":true,"href":"https:\/\/grandepremio.com\/br\/wp-json\/wp\/v2\/comments?post=90122"}],"version-history":[{"count":0,"href":"https:\/\/grandepremio.com\/br\/wp-json\/wp\/v2\/posts\/90122\/revisions"}],"wp:featuredmedia":[{"embeddable":true,"href":"https:\/\/grandepremio.com\/br\/wp-json\/wp\/v2\/media\/1000770305"}],"wp:attachment":[{"href":"https:\/\/grandepremio.com\/br\/wp-json\/wp\/v2\/media?parent=90122"}],"wp:term":[{"taxonomy":"category","embeddable":true,"href":"https:\/\/grandepremio.com\/br\/wp-json\/wp\/v2\/categories?post=90122"},{"taxonomy":"post_tag","embeddable":true,"href":"https:\/\/grandepremio.com\/br\/wp-json\/wp\/v2\/tags?post=90122"},{"taxonomy":"42wp_author","embeddable":true,"href":"https:\/\/grandepremio.com\/br\/wp-json\/wp\/v2\/42wp_author?post=90122"}],"curies":[{"name":"wp","href":"https:\/\/api.w.org\/{rel}","templated":true}]}}