{"id":9014,"date":"2026-05-14T16:06:23","date_gmt":"2026-05-14T19:06:23","guid":{"rendered":"https:\/\/grandepremio.com\/br\/noticias\/ralf-schumacher-relata-experiencia-como-irmao-michael-schumacher-f1-queria-paz\/"},"modified":"2026-05-14T16:08:16","modified_gmt":"2026-05-14T19:08:16","slug":"ralf-schumacher-relata-experiencia-como-irmao-michael-schumacher-f1-queria-paz","status":"publish","type":"post","link":"https:\/\/grandepremio.com\/br\/f1\/ralf-schumacher-relata-experiencia-como-irmao-michael-schumacher-f1-queria-paz\/","title":{"rendered":"Ralf Schumacher relata experi\u00eancia como irm\u00e3o de Michael e titular na F1: &#8220;Queria paz&#8221;"},"content":{"rendered":"\n<p class=\"wp-block-paragraph\"><strong>Ralf Schumacher<\/strong> teve uma carreira bem respeit\u00e1vel no come\u00e7o dos anos 2000 na <strong>F\u00f3rmula 1<\/strong>. Ainda assim, passou por um lado que descreveu como &#8220;desagrad\u00e1vel&#8221; na categoria, sendo exposto e julgado constantemente e sendo for\u00e7ado para fora da zona de conforto. Somado a isso, o fato de ser irm\u00e3o de <strong>Michael Schumacher<\/strong> s\u00f3 &#8220;dificultou&#8221; neste quesito. <\/p>\n\n\n\n<p class=\"wp-block-paragraph\">Em entrevista ao portal alem\u00e3o <em>Abendzeitung M\u00fcnchen<\/em>, Ralf explicou que n\u00e3o estava preparado para tamanha exposi\u00e7\u00e3o quando chegou \u00e0 <strong>F1<\/strong> e disse que perdeu qualquer privacidade quando virou uma das estrelas do grid. Para o alem\u00e3o, que se destacou em especial com a <strong>Williams<\/strong>, a sensa\u00e7\u00e3o era de que estava sendo constantemente observado e julgado. <\/p>\n\n\n\n<figure class=\"wp-block-embed is-type-video is-provider-youtube wp-block-embed-youtube wp-embed-aspect-16-9 wp-has-aspect-ratio\"><div class=\"wp-block-embed__wrapper\">\n<iframe loading=\"lazy\" title=\"F1: MERCEDES PREPARA REVANCHE E GUCCI PODE VIRAR EQUIPE | TTGP #219\" width=\"500\" height=\"281\" src=\"https:\/\/www.youtube.com\/embed\/4_AmCtzopnQ?feature=oembed\" frameborder=\"0\" allow=\"accelerometer; autoplay; clipboard-write; encrypted-media; gyroscope; picture-in-picture; web-share\" referrerpolicy=\"strict-origin-when-cross-origin\" allowfullscreen><\/iframe>\n<\/div><\/figure>\n\n\n\n<p class=\"wp-block-paragraph\">\u201cN\u00e3o acho que algu\u00e9m pudesse estar realmente preparado para o que aconteceu. Isso mexe com voc\u00ea quando precisa sair da zona de conforto. Voc\u00ea deixa de ter qualquer privacidade. N\u00e3o importa onde esteja ou o que fa\u00e7a, sente que est\u00e1 sendo observado \u2014 e, acima de tudo, julgado. Isso \u00e9 desagrad\u00e1vel\u201d, comentou Schumacher. <\/p>\n\n\n\n<p class=\"wp-block-paragraph\">Para Ralf, o fato de ser irm\u00e3o do heptacampe\u00e3o <strong>Michael Schumacher<\/strong> s\u00f3 dificultou ainda mais a situa\u00e7\u00e3o. No final, para o ex-piloto alem\u00e3o, era imposs\u00edvel ter &#8220;paz e tranquilidade&#8221; no mundo da F1. <\/p>\n\n\n\n<p class=\"wp-block-paragraph\">\u201cNo meu caso, claro, foi um pouco mais dif\u00edcil porque eu tinha um irm\u00e3o extremamente bem-sucedido. Sempre quis ter paz e tranquilidade. Voc\u00ea n\u00e3o pode dizer a algu\u00e9m: \u2018Por favor, hoje eu n\u00e3o quero isso. Estou aqui no restaurante com meus amigos&#8217;. Ent\u00e3o fica parecendo que sou t\u00e3o arrogante que nem consigo levantar para tirar uma foto\u201d, finalizou. <\/p>\n\n\n\n<p class=\"wp-block-paragraph\">Ralf Schumacher competiu na F1 entre 1997 e 2007 e passou a maior parte da carreira dividindo o grid com o irm\u00e3o, Michael, no auge. Os dois protagonizaram disputas marcantes, especialmente em 2001, temporada em que Ralf viveu um grande momento com a Williams ao conquistar a primeira vit\u00f3ria em <strong>\u00cdmola <\/strong>e derrotar Michael outras duas vezes no ano. <\/p>\n\n\n\n<p class=\"wp-block-paragraph\">Depois, foi para a Toyota em 2005, per\u00edodo que coincidiu com a despedida inicial do irm\u00e3o da F1. Schumacher ainda voltaria ao grid em 2010, pela Mercedes. Ralf se aposentou em 2007. <\/p>\n\n\n\n<p class=\"wp-block-paragraph\">A&nbsp;<strong>F\u00f3rmula 1<\/strong>&nbsp;volta de&nbsp;<strong>22 a 24 de maio<\/strong>, com o&nbsp;<strong>GP do Canad\u00e1<\/strong>, quinta etapa da&nbsp;<strong>temporada 2026<\/strong>.<\/p>\n\n\n\n<p class=\"wp-block-paragraph\">\u00a0<strong>Inscreva-se nos dois canais do GRANDE PR\u00caMIO no YouTube:\u00a0<a href=\"https:\/\/www.youtube.com\/channel\/UC9OlHEgxoaY6QY6nWPoiqQg?sub_confirmation=1\">GP<\/a>\u00a0|\u00a0<a href=\"https:\/\/www.youtube.com\/channel\/UC9csiS6q_C3C0FYhyr1rnFA?sub_confirmation=1\">GPTV<\/a><\/strong><\/p>\n\n\n\n<h2 class=\"wp-block-heading\" id=\"h-f1-hoje-saiba-aqui-as-noticias-mais-importantes-do-dia-da-formula-1\"><strong>F1 hoje: saiba aqui as not\u00edcias mais importantes do dia da F\u00f3rmula 1<\/strong><\/h2>\n\n\n\n<p class=\"wp-block-paragraph\">A reda\u00e7\u00e3o do&nbsp;<strong>GRANDE PR\u00caMIO<\/strong>&nbsp;selecionou as not\u00edcias mais importantes das \u00faltimas horas para voc\u00ea ficar por dentro de tudo que acontece na F1.<\/p>\n\n\n\n<p class=\"wp-block-paragraph\">\u00a0<strong><a href=\"https:\/\/www.grandepremio.com\/br\/f1\/noticias\/mercedes-leva-bote-miami-vai-canada-atualizacoes-precisam-dar-certo\/\"><\/a><a href=\"https:\/\/www.grandepremio.com\/br\/f1\/noticias\/george-russell-perde-cabeca-voa-longe-ponta-formula-1-mas-derrocada-nao-faz-sentido\/\">Russell perde cabe\u00e7a e voa para longe da ponta da F1. Mas derrocada n\u00e3o faz sentido<\/a><\/strong><br> <a href=\"https:\/\/www.grandepremio.com\/br\/f1\/noticias\/rafael-camara-guia-carro-f1-primeira-vez-teste-privado-ferrari-hungria\/\"><strong>C\u00e2mara guia carro de F1 pela primeira vez em teste privado da Ferrari na Hungria<\/strong><\/a><br>\u00a0<strong><a href=\"https:\/\/www.grandepremio.com\/br\/f1\/noticias\/ex-manchester-united-chelsea-explica-plano-reerguer-financas-williams-f1\/\"><\/a><a href=\"https:\/\/www.grandepremio.com\/br\/f1\/noticias\/mclaren-recebe-sinal-verde-ampliacao-fabrica-f1-inglaterra\/\">McLaren recebe sinal verde para amplia\u00e7\u00e3o de f\u00e1brica da F1 na Inglaterra<\/a><\/strong><br>\u00a0<strong><a href=\"https:\/\/www.grandepremio.com\/br\/f1\/noticias\/mercedes-reconhece-falhas-george-russell-mas-garante-vai-voltar-mais-forte-canada\/\"><\/a><a href=\"https:\/\/www.grandepremio.com\/br\/f1\/noticias\/nico-hulkenberg-dispara-contra-criticos-formula-1-2026-nao-gosta-nao-precisa-assistir\/\">H\u00fclkenberg dispara contra cr\u00edticos da F1 2026: \u201cSe n\u00e3o gosta, n\u00e3o precisa assistir\u201d<\/a><\/strong><br>\u00a0<strong><a href=\"https:\/\/www.grandepremio.com\/br\/f1\/noticias\/reducao-peso-correcao-largadas-mercedes-prepara-gp-canada\/\"><\/a><a href=\"https:\/\/www.grandepremio.com\/br\/f1\/noticias\/felipe-massa-novak-djokovic-acionistas-le-mans-volta-elite-futebol-frances-16-anos\/\">Com Massa e Djokovic acionistas, Le Mans volta \u00e0 elite do futebol franc\u00eas ap\u00f3s 16 anos<\/a><br><\/strong>\u00a0<strong><a href=\"https:\/\/www.grandepremio.com\/br\/f1\/noticias\/diretor-audi-explica-como-vida-piloto-ajuda-ver-pelos-olhos-gabriel-bortoleto\/\"><\/a><a href=\"https:\/\/www.grandepremio.com\/br\/f1\/noticias\/asa-macarena-aletas-halo-como-influencia-frederic-vasseur-novidades-ferrari\/\"><\/a><a href=\"https:\/\/www.grandepremio.com\/br\/f1\/noticias\/alpine-aproxima-ex-chefe-aerodinamica-fia-prepara-anuncio\/\">Alpine se aproxima de ex-chefe de aerodin\u00e2mica da FIA e prepara an\u00fancio<\/a><\/strong><a href=\"https:\/\/www.grandepremio.com\/br\/chefao\/\" target=\"_blank\" rel=\"noreferrer noopener\"><\/a><\/p>\n","protected":false},"excerpt":{"rendered":"<p>Em entrevista ao portal alem\u00e3o Abendzeitung M\u00fcnchen, Ralf Schumacher lembrou os anos na F\u00f3rmula 1 e o lado mais &#8220;desagrad\u00e1vel&#8221; do esporte<\/p>\n","protected":false},"author":0,"featured_media":1001000726,"comment_status":"closed","ping_status":"closed","sticky":false,"template":"","format":"standard","meta":{"42wp_featured_image_caption":"","42wp_featured_image_credits":"","42wp_featured_video":"","42wp_featured_image_hidden":false,"42wp_authors_list":[],"footnotes":""},"categories":[2],"tags":[26271,5273,147,29516,29148,180,31425,28995,1491,28285,30840,35129,2423,31470,215],"42wp_author":[47162],"class_list":["post-9014","post","type-post","status-publish","format-standard","has-post-thumbnail","hentry","category-f1","tag-calendario-f1","tag-classificacao-f1","tag-f1","tag-f1-2026","tag-f1-hoje","tag-formula-1","tag-formula-1-2026","tag-formula-1-hoje","tag-grande-premio","tag-grandepremio","tag-horarios-f1","tag-onde-assistir-f1","tag-ralf-schumacher","tag-temporada-2026-f1","tag-williams","42wp_author-giovani-danjo"],"_links":{"self":[{"href":"https:\/\/grandepremio.com\/br\/wp-json\/wp\/v2\/posts\/9014","targetHints":{"allow":["GET"]}}],"collection":[{"href":"https:\/\/grandepremio.com\/br\/wp-json\/wp\/v2\/posts"}],"about":[{"href":"https:\/\/grandepremio.com\/br\/wp-json\/wp\/v2\/types\/post"}],"replies":[{"embeddable":true,"href":"https:\/\/grandepremio.com\/br\/wp-json\/wp\/v2\/comments?post=9014"}],"version-history":[{"count":0,"href":"https:\/\/grandepremio.com\/br\/wp-json\/wp\/v2\/posts\/9014\/revisions"}],"wp:featuredmedia":[{"embeddable":true,"href":"https:\/\/grandepremio.com\/br\/wp-json\/wp\/v2\/media\/1001000726"}],"wp:attachment":[{"href":"https:\/\/grandepremio.com\/br\/wp-json\/wp\/v2\/media?parent=9014"}],"wp:term":[{"taxonomy":"category","embeddable":true,"href":"https:\/\/grandepremio.com\/br\/wp-json\/wp\/v2\/categories?post=9014"},{"taxonomy":"post_tag","embeddable":true,"href":"https:\/\/grandepremio.com\/br\/wp-json\/wp\/v2\/tags?post=9014"},{"taxonomy":"42wp_author","embeddable":true,"href":"https:\/\/grandepremio.com\/br\/wp-json\/wp\/v2\/42wp_author?post=9014"}],"curies":[{"name":"wp","href":"https:\/\/api.w.org\/{rel}","templated":true}]}}