{"id":90173,"date":"2024-01-16T09:16:12","date_gmt":"2024-01-16T12:16:12","guid":{"rendered":"https:\/\/grandepremio.com\/br\/noticias\/mercedes-isenta-zeropod-diz-w14-nao-deu-certo-bico-carro-traseira\/"},"modified":"2024-01-16T09:46:50","modified_gmt":"2024-01-16T12:46:50","slug":"mercedes-isenta-zeropod-diz-w14-nao-deu-certo-bico-carro-traseira","status":"publish","type":"post","link":"https:\/\/grandepremio.com\/br\/f1\/mercedes-isenta-zeropod-diz-w14-nao-deu-certo-bico-carro-traseira\/","title":{"rendered":"Mercedes isenta &#8216;zeropod&#8217; e diz que W14 &#8220;n\u00e3o deu certo do bico do carro \u00e0 traseira&#8221;"},"content":{"rendered":"\n<p class=\"wp-block-paragraph\"><strong>Toto Wolff<\/strong> pode at\u00e9 ter confessado que insistir no famigerado &#8216;<strong>zeropod<\/strong>&#8216; \u2014 as entradas de ar laterais mais estreitas do carro \u2014 foi &#8220;o maior erro dos \u00faltimos anos&#8221; cometido pela <strong>Mercedes<\/strong>, mas a solu\u00e7\u00e3o aerodin\u00e2mica esteve longe de ser a vil\u00e3 do desempenho oscilante do time alem\u00e3o desde <strong>2022<\/strong>. Ao menos essa \u00e9 a vis\u00e3o do diretor-t\u00e9cnico,<strong> James Allison<\/strong>, que assegurou que, na verdade, o <strong>W14 <\/strong>n\u00e3o funcionou &#8220;do bico do carro \u00e0 parte traseira&#8221;.<\/p>\n\n\n\n<p class=\"wp-block-paragraph\">Allison falou \u00e0 emissora brit\u00e2nica Sky Sports sobre o &#8220;emblem\u00e1tico&#8221; sidepod que a Mercedes introduziu no <strong>W13<\/strong>, o primeiro carro concebido sob o regulamento atual, que tem como mudan\u00e7a mais significativa a volta do efeito-solo. A base em Brackley, por\u00e9m, viu sua era de dom\u00ednio desmoronar de forma at\u00e9 surpreendente. Como era a \u00fanica no grid com um mudan\u00e7a t\u00e3o not\u00e1vel no carro, logo o &#8216;zeropod&#8217; come\u00e7ou a ser apontado como raz\u00e3o para a falta de competitividade.<\/p>\n\n\n\n<p class=\"wp-block-paragraph\">Wolff ainda afirmou em entrevista recente que a dobradinha no GP de S\u00e3o Paulo de 2022, com George Russell e Lewis Hamilton, passou a falsa impress\u00e3o de que se tratava de um caminho promissor. Na primeira metade da temporada 2023, contudo, foi preciso abandonar de vez os sidepods verticais e adotar um modelo mais convencional.<\/p>\n\n\n\n<p class=\"wp-block-paragraph\">S\u00f3 que Allison rejeita a teoria de que a pe\u00e7a foi a \u00fanica respons\u00e1vel pela queda de performance da Mercedes. O engenheiro explicou que todo o conjunto foi o problema. &#8220;N\u00e3o vejo as coisas da mesma maneira que voc\u00eas, que olham para um sidepod e decidem que \u00e9 um conceito.&#8221;<\/p>\n\n\n\n<figure class=\"wp-block-image size-large\"><img decoding=\"async\" src=\"https:\/\/www.grandepremio.com\/br\/wp-content\/uploads\/2023\/11\/abu-dhabi-2023-f1-classificacao-mercedes-lewis-hamilton-03-1024x682.jpg\" alt=\"\" class=\"wp-image-758916\"\/><figcaption class=\"wp-element-caption\">Mercedes mexeu no desenho do sidepod com a temporada em andamento (Foto: Mercedes)<\/figcaption><\/figure>\n\n\n\n<p class=\"wp-block-paragraph\">\u201cPercorremos um caminho com nosso carro, diria que da ponta do bico at\u00e9 a parte de tr\u00e1s da traseira, mas n\u00e3o foi competitivo. O aspecto mais visualmente not\u00e1vel disso foram nossos sidepods, mas de forma alguma foi o fator definitivo [da falta de desempenho]&#8221;, assegurou.<\/p>\n\n\n\n<p class=\"wp-block-paragraph\">&#8220;N\u00e3o deu certo do in\u00edcio ao fim, foi com isso que tivemos de aprender e tivemos de lidar, e tomou mais tempo do que gostar\u00edamos. Os sidepods talvez sejam o emblema de uma equipe que demorou um pouco para descobrir qual era o caminho a seguir, mas de forma alguma, o diferencial que selou nosso destino&#8221;, frisou Allison.<\/p>\n\n\n\n<p class=\"wp-block-paragraph\">O diretor-t\u00e9cnico tamb\u00e9m esclareceu a quest\u00e3o do conceito no desenvolvimento de um projeto. O W15, por exemplo, <a href=\"https:\/\/www.grandepremio.com\/br\/f1\/noticias\/mercedes-uma-chance-contra-red-bull-mudar-quase-todos-componentes-w15\/\" class=\"ek-link\">vai passar por uma revis\u00e3o dr\u00e1stica<\/a>.<\/p>\n\n\n\n<p class=\"wp-block-paragraph\">&#8220;Para a mente de um designer ou de algu\u00e9m de performance na F1, o conceito n\u00e3o tem nada a ver com o carro. \u00c9 um processo atrav\u00e9s do qual se decide o que \u00e9 bom e o que \u00e9 ruim. \u00c9 a metodologia para peneirar todas in\u00fameras coisas que podem ser colocadas no carro e encontrar apenas aquelas que acreditamos que v\u00e3o adicionar tempo de volta. O carro em si \u00e9 apenas o resultado desse m\u00e9todo&#8221;, completou.<\/p>\n\n\n\n<p class=\"wp-block-paragraph\">A Mercedes far\u00e1 o lan\u00e7amento do W15 em 14 de fevereiro. As primeiras impress\u00f5es concretas come\u00e7ar\u00e3o a ser dadas a partir de 21 de fevereiro, com o in\u00edcio dos testes coletivos da pr\u00e9-temporada da F\u00f3rmula 1 2024, no Bahrein.<\/p>\n\n\n\n<p class=\"wp-block-paragraph\"><strong>\u25b6\ufe0f\u00a0Inscreva-se nos dois canais do GRANDE PR\u00caMIO no YouTube:\u00a0<a href=\"https:\/\/www.youtube.com\/channel\/UC9OlHEgxoaY6QY6nWPoiqQg?sub_confirmation=1\" target=\"_blank\" rel=\"noreferrer noopener\">GP<\/a>\u00a0|\u00a0<a href=\"https:\/\/www.youtube.com\/channel\/UC9csiS6q_C3C0FYhyr1rnFA?sub_confirmation=1\" target=\"_blank\" rel=\"noreferrer noopener\">GP2<\/a><\/strong><br><strong>\u25b6\ufe0f\u00a0<a href=\"https:\/\/www.twitch.tv\/grandepremio\" target=\"_blank\" rel=\"noreferrer noopener\">Conhe\u00e7a o canal do GRANDE PR\u00caMIO na Twitch clicando aqui!<\/a><\/strong><\/p>\n\n\n\n<figure class=\"wp-block-embed is-type-video is-provider-youtube wp-block-embed-youtube wp-embed-aspect-16-9 wp-has-aspect-ratio\"><div class=\"wp-block-embed__wrapper\">\n<iframe loading=\"lazy\" title=\"Wolff RENOVA com Mercedes at\u00e9 2026 + Estreia da F\u00f3rmula E no M\u00e9xico | Paddock Sprint\" width=\"500\" height=\"281\" src=\"https:\/\/www.youtube.com\/embed\/glCAK5FI6yg?feature=oembed\" frameborder=\"0\" allow=\"accelerometer; autoplay; clipboard-write; encrypted-media; gyroscope; picture-in-picture; web-share\" referrerpolicy=\"strict-origin-when-cross-origin\" allowfullscreen><\/iframe>\n<\/div><\/figure>\n","protected":false},"excerpt":{"rendered":"<p>James Allison, diretor-t\u00e9cnico da Mercedes, disse que o famigerado &#8216;zeropod&#8217; foi o aspecto mais vis\u00edvel de um carro que n\u00e3o foi competitivo num todo, mas esteve longe de ser o vil\u00e3o<\/p>\n","protected":false},"author":0,"featured_media":1000658203,"comment_status":"closed","ping_status":"closed","sticky":false,"template":"","format":"standard","meta":{"42wp_featured_image_caption":"","42wp_featured_image_credits":"","42wp_featured_video":"","42wp_featured_image_hidden":false,"42wp_authors_list":[],"footnotes":""},"categories":[2],"tags":[26271,5273,147,6533,3230,180,30909,1491,28285,30840,2301,82,35129,33301,150,30389,32317,37313,34052],"42wp_author":[47147],"class_list":["post-90173","post","type-post","status-publish","format-standard","has-post-thumbnail","hentry","category-f1","tag-calendario-f1","tag-classificacao-f1","tag-f1","tag-f1-2023","tag-f1-2024","tag-formula-1","tag-formula-1-2024","tag-grande-premio","tag-grandepremio","tag-horarios-f1","tag-james-allison","tag-mercedes","tag-onde-assistir-f1","tag-temporada-2024-f1","tag-toto-wolff","tag-w13","tag-w14","tag-w15","tag-zeropod","42wp_author-luana-marino"],"_links":{"self":[{"href":"https:\/\/grandepremio.com\/br\/wp-json\/wp\/v2\/posts\/90173","targetHints":{"allow":["GET"]}}],"collection":[{"href":"https:\/\/grandepremio.com\/br\/wp-json\/wp\/v2\/posts"}],"about":[{"href":"https:\/\/grandepremio.com\/br\/wp-json\/wp\/v2\/types\/post"}],"replies":[{"embeddable":true,"href":"https:\/\/grandepremio.com\/br\/wp-json\/wp\/v2\/comments?post=90173"}],"version-history":[{"count":0,"href":"https:\/\/grandepremio.com\/br\/wp-json\/wp\/v2\/posts\/90173\/revisions"}],"wp:featuredmedia":[{"embeddable":true,"href":"https:\/\/grandepremio.com\/br\/wp-json\/wp\/v2\/media\/1000658203"}],"wp:attachment":[{"href":"https:\/\/grandepremio.com\/br\/wp-json\/wp\/v2\/media?parent=90173"}],"wp:term":[{"taxonomy":"category","embeddable":true,"href":"https:\/\/grandepremio.com\/br\/wp-json\/wp\/v2\/categories?post=90173"},{"taxonomy":"post_tag","embeddable":true,"href":"https:\/\/grandepremio.com\/br\/wp-json\/wp\/v2\/tags?post=90173"},{"taxonomy":"42wp_author","embeddable":true,"href":"https:\/\/grandepremio.com\/br\/wp-json\/wp\/v2\/42wp_author?post=90173"}],"curies":[{"name":"wp","href":"https:\/\/api.w.org\/{rel}","templated":true}]}}