{"id":90178,"date":"2024-01-16T08:43:34","date_gmt":"2024-01-16T11:43:34","guid":{"rendered":"https:\/\/grandepremio.com\/br\/noticias\/consultor-red-bull-guenther-steiner-queria-comprar-acoes-gene-haas-nao-gostou\/"},"modified":"2024-01-16T08:49:05","modified_gmt":"2024-01-16T11:49:05","slug":"consultor-red-bull-guenther-steiner-queria-comprar-acoes-gene-haas-nao-gostou","status":"publish","type":"post","link":"https:\/\/grandepremio.com\/br\/f1\/consultor-red-bull-guenther-steiner-queria-comprar-acoes-gene-haas-nao-gostou\/","title":{"rendered":"Consultor da Red Bull diz que Steiner queria comprar a\u00e7\u00f5es da Haas: &#8220;Gene n\u00e3o gostou&#8221;"},"content":{"rendered":"\n<p class=\"wp-block-paragraph\">A demiss\u00e3o de <strong>Guenther Steiner <\/strong>do posto de chefe da <strong>Haas <\/strong>ap\u00f3s oito temporadas na <strong>F\u00f3rmula 1<\/strong>, <a href=\"https:\/\/www.grandepremio.com\/br\/f1\/noticias\/haas-muda-rumo-demite-guenther-steiner-apos-oito-temporadas-chefe-formula-1\/\" target=\"_blank\" aria-label=\" (opens in a new tab)\" rel=\"noreferrer noopener\" class=\"ek-link\">oficializada na \u00faltima semana<\/a>, gerou repercuss\u00e3o imediata no universo da principal categoria do esporte a motor \u2014 mas a surpresa para aqueles que costumam frequentar o paddock n\u00e3o foi t\u00e3o grande assim. Para <strong>Helmut Marko<\/strong>, consultor-esportivo da <strong>Red Bull<\/strong>, o italiano foi v\u00edtima de sua pr\u00f3pria popularidade, catapultada por suas participa\u00e7\u00f5es caricatas no programa &#8216;Drive to Survive&#8217;.<\/p>\n\n\n\n<p class=\"wp-block-paragraph\">As tens\u00f5es crescentes entre Steiner e o dono da equipe americana, <strong>Gene Haas<\/strong>, chegaram ao limite com a \u00faltima coloca\u00e7\u00e3o no Mundial de Construtores da F1 em 2023, e Marko pontuou que Guenther tinha interesse em ser n\u00e3o apenas chefe, mas tamb\u00e9m acionista da escuderia. Gene, por sua vez, n\u00e3o gostou nada da hist\u00f3ria.<\/p>\n\n\n\n<p class=\"wp-block-paragraph\">&#8220;Vamos colocar desta forma: se voc\u00ea se torna muito popular por meio de um document\u00e1rio da Netflix, voc\u00ea tende a decolar&#8221;, disse Marko ao portal <em>F1 Insider<\/em>. &#8220;Mas, se estiver voando muito alto e muito r\u00e1pido, tende a bater&#8221;, analisou o consultor da Red Bull.<\/p>\n\n\n\n<p class=\"wp-block-paragraph\">&#8220;Ouvi apenas que ele [Steiner] queria converter sua popularidade em a\u00e7\u00f5es da equipe. E o dono, Gene Haas, n\u00e3o gostou disso. Tamb\u00e9m \u00e9 um daqueles casos do esporte em que o time est\u00e1 sempre acima do indiv\u00edduo. Steiner se tornou v\u00edtima de sua pr\u00f3pria popularidade&#8221;, completou.<\/p>\n\n\n\n<figure class=\"wp-block-image size-large\"><img decoding=\"async\" src=\"https:\/\/www.grandepremio.com\/br\/wp-content\/uploads\/2023\/07\/f1-2023-austria-corrida-redbull-helmutmarko-afp-01-1024x713.jpg\" alt=\"\" class=\"wp-image-703363\"\/><figcaption class=\"wp-element-caption\">Marko n\u00e3o escondeu sua opini\u00e3o sobre a demiss\u00e3o de Steiner da Haas (Foto: AFP) <\/figcaption><\/figure>\n\n\n\n<p class=\"wp-block-paragraph\">De forma ainda mais cr\u00edtica, <strong>Bernie Ecclestone <\/strong>classificou Steiner como &#8220;malsucedido&#8221; e disse que a transforma\u00e7\u00e3o do dirigente em &#8220;astro&#8221; aconteceu apenas devido \u00e0s suas participa\u00e7\u00f5es no show da Netflix. Segundo o ex-chefe da F1, isso n\u00e3o existia na \u00e9poca em que comandava a categoria, pois a performance era &#8220;a \u00fanica coisa que contava&#8221;.<\/p>\n\n\n\n<p class=\"wp-block-paragraph\">&#8220;Nunca houve um chefe de equipe t\u00e3o malsucedido na F1 que, mesmo assim, se tornou um astro gra\u00e7as a um document\u00e1rio americano&#8221;, criticou Ecclestone. &#8220;Na minha \u00e9poca, quando a performance era a \u00fanica coisa que contava, isso n\u00e3o existia&#8221;, disparou.<\/p>\n\n\n\n<p class=\"wp-block-paragraph\">Para o posto de Steiner, a Haas <a href=\"https:\/\/www.grandepremio.com\/br\/f1\/noticias\/haas-busca-solucao-interna-promove-ayao-komatsu-demissao-guenther-steiner\/\" target=\"_blank\" aria-label=\" (opens in a new tab)\" rel=\"noreferrer noopener\" class=\"ek-link\">rapidamente confirmou a promo\u00e7\u00e3o<\/a> de <strong>Ayao Komatsu<\/strong>, antigo diretor de engenharia da equipe. Ex-<strong>BAR <\/strong>e <strong>Renault<\/strong>, o japon\u00eas assume o cargo pela primeira vez na carreira. Guenther, por sua vez, disse que <a href=\"https:\/\/www.grandepremio.com\/br\/f1\/noticias\/guenther-steiner-esnoba-futuro-haas-f1-apos-demissao-nao-estou-interessado-nisso\/\" target=\"_blank\" aria-label=\" (opens in a new tab)\" rel=\"noreferrer noopener\" class=\"ek-link\">&#8220;n\u00e3o est\u00e1 interessado&#8221;<\/a> em saber como ser\u00e1 o futuro do time na F\u00f3rmula 1.<\/p>\n\n\n\n<figure class=\"wp-block-image size-large\"><img decoding=\"async\" src=\"https:\/\/www.grandepremio.com\/br\/wp-content\/uploads\/2024\/01\/ayao_web-1024x576.jpg\" alt=\"\" class=\"wp-image-768605\"\/><figcaption class=\"wp-element-caption\">Promovido, Ayao Komatsu \u00e9 o novo chefe da Haas (Foto: Divulga\u00e7\u00e3o\/Haas)<\/figcaption><\/figure>\n\n\n\n<p class=\"wp-block-paragraph\">Em 2023, a Haas conseguiu apenas <strong>12 <\/strong>pontos em toda a temporada e terminou na \u00faltima posi\u00e7\u00e3o do Mundial de Construtores, atr\u00e1s da <strong>Alfa Romeo <\/strong>[16]. Enquanto <strong>Nico H\u00fclkenberg <\/strong>somou <strong>nove <\/strong>tentos, <strong>Kevin Magnussen <\/strong>conquistou os outros <strong>tr\u00eas<\/strong>.<\/p>\n\n\n\n<p class=\"wp-block-paragraph\">A&nbsp;<a href=\"https:\/\/www.grandepremio.com\/formula-1\/\" target=\"_blank\" rel=\"noreferrer noopener\"><strong><\/strong><\/a><strong><a href=\"https:\/\/www.grandepremio.com\/formula-1\/\" target=\"_blank\" rel=\"noreferrer noopener\">F\u00f3rmula 1<\/a><\/strong>&nbsp;retorna apenas no dia&nbsp;<strong>2 de mar\u00e7o<\/strong>, com a estreia do campeonato no&nbsp;<strong>GP do Bahrein<\/strong>. Antes, em fevereiro, realiza os testes de pr\u00e9-temporada.<\/p>\n\n\n\n<p class=\"wp-block-paragraph\"><strong>\u25b6\ufe0f\u00a0Inscreva-se nos dois canais do GRANDE PR\u00caMIO no YouTube:\u00a0<a href=\"https:\/\/www.youtube.com\/channel\/UC9OlHEgxoaY6QY6nWPoiqQg?sub_confirmation=1\" target=\"_blank\" rel=\"noreferrer noopener\">GP<\/a>\u00a0|\u00a0<a href=\"https:\/\/www.youtube.com\/channel\/UC9csiS6q_C3C0FYhyr1rnFA?sub_confirmation=1\" target=\"_blank\" rel=\"noreferrer noopener\">GP2<\/a><\/strong><br><strong>\u25b6\ufe0f\u00a0<a href=\"https:\/\/www.twitch.tv\/grandepremio\" target=\"_blank\" rel=\"noreferrer noopener\">Conhe\u00e7a o canal do GRANDE PR\u00caMIO na Twitch clicando aqui!<\/a><\/strong><\/p>\n\n\n\n<figure class=\"wp-block-embed is-type-video is-provider-youtube wp-block-embed-youtube wp-embed-aspect-16-9 wp-has-aspect-ratio\"><div class=\"wp-block-embed__wrapper\">\n<iframe loading=\"lazy\" title=\"A Haas tem SALVA\u00c7\u00c3O? Tr\u00eas pontos de aten\u00e7\u00e3o para F1 2024 | GP \u00e0s 10\" width=\"500\" height=\"281\" src=\"https:\/\/www.youtube.com\/embed\/qO8qMs6kdu0?feature=oembed\" frameborder=\"0\" allow=\"accelerometer; autoplay; clipboard-write; encrypted-media; gyroscope; picture-in-picture; web-share\" referrerpolicy=\"strict-origin-when-cross-origin\" allowfullscreen><\/iframe>\n<\/div><\/figure>\n","protected":false},"excerpt":{"rendered":"<p>Segundo Helmut Marko, consultor-esportivo da Red Bull, Guenther Steiner queria &#8220;converter popularidade&#8221; em a\u00e7\u00f5es da Haas. No entanto, Gene Haas, dono do time, n\u00e3o gostou da hist\u00f3ria \u2014 e as tens\u00f5es crescentes entre os dois levaram \u00e0 demiss\u00e3o do ex-chefe de equipe<\/p>\n","protected":false},"author":0,"featured_media":1000681074,"comment_status":"closed","ping_status":"closed","sticky":false,"template":"","format":"standard","meta":{"42wp_featured_image_caption":"","42wp_featured_image_credits":"","42wp_featured_video":"","42wp_featured_image_hidden":false,"42wp_authors_list":[],"footnotes":""},"categories":[2],"tags":[539,3230,642,1491,32667,1490,119,258,204],"42wp_author":[47142],"class_list":["post-90178","post","type-post","status-publish","format-standard","has-post-thumbnail","hentry","category-f1","tag-bernie-ecclestone","tag-f1-2024","tag-f1-ao-vivo","tag-grande-premio","tag-grandepremio-f1","tag-guenther-steiner","tag-haas","tag-helmut-marko","tag-red-bull","42wp_author-jp-nascimento"],"_links":{"self":[{"href":"https:\/\/grandepremio.com\/br\/wp-json\/wp\/v2\/posts\/90178","targetHints":{"allow":["GET"]}}],"collection":[{"href":"https:\/\/grandepremio.com\/br\/wp-json\/wp\/v2\/posts"}],"about":[{"href":"https:\/\/grandepremio.com\/br\/wp-json\/wp\/v2\/types\/post"}],"replies":[{"embeddable":true,"href":"https:\/\/grandepremio.com\/br\/wp-json\/wp\/v2\/comments?post=90178"}],"version-history":[{"count":0,"href":"https:\/\/grandepremio.com\/br\/wp-json\/wp\/v2\/posts\/90178\/revisions"}],"wp:featuredmedia":[{"embeddable":true,"href":"https:\/\/grandepremio.com\/br\/wp-json\/wp\/v2\/media\/1000681074"}],"wp:attachment":[{"href":"https:\/\/grandepremio.com\/br\/wp-json\/wp\/v2\/media?parent=90178"}],"wp:term":[{"taxonomy":"category","embeddable":true,"href":"https:\/\/grandepremio.com\/br\/wp-json\/wp\/v2\/categories?post=90178"},{"taxonomy":"post_tag","embeddable":true,"href":"https:\/\/grandepremio.com\/br\/wp-json\/wp\/v2\/tags?post=90178"},{"taxonomy":"42wp_author","embeddable":true,"href":"https:\/\/grandepremio.com\/br\/wp-json\/wp\/v2\/42wp_author?post=90178"}],"curies":[{"name":"wp","href":"https:\/\/api.w.org\/{rel}","templated":true}]}}