{"id":90196,"date":"2024-01-16T04:15:00","date_gmt":"2024-01-16T07:15:00","guid":{"rendered":"https:\/\/grandepremio.com\/br\/noticias\/pascal-wehrlein-contem-animos-evita-cravar-melhora-porsche-classificacao-muito-cedo\/"},"modified":"2024-01-14T15:10:44","modified_gmt":"2024-01-14T18:10:44","slug":"pascal-wehrlein-contem-animos-evita-cravar-melhora-porsche-classificacao-muito-cedo","status":"publish","type":"post","link":"https:\/\/grandepremio.com\/br\/formula-e\/pascal-wehrlein-contem-animos-evita-cravar-melhora-porsche-classificacao-muito-cedo\/","title":{"rendered":"Wehrlein cont\u00e9m \u00e2nimos e evita cravar melhora da Porsche em classifica\u00e7\u00e3o: &#8220;\u00c9 cedo&#8221;"},"content":{"rendered":"\n<p class=\"wp-block-paragraph\">Se o grande problema da <strong>Porsche<\/strong> na temporada 2023 da <strong><a href=\"https:\/\/www.grandepremio.com\/br\/formula-e\/\" class=\"ek-link\">F\u00f3rmula E<\/a><\/strong> foi a dificuldade para fazer o carro render em ritmo de classifica\u00e7\u00e3o, a abertura do campeonato 2024 mostrou resposta interessante: <strong>Pascal Wehrlein<\/strong> <strong><a href=\"https:\/\/www.grandepremio.com\/br\/formula-e\/noticias\/pascal-wehrlein-quebra-jejum-supera-sebastien-buemi-anota-pole-ep-cidade-mexico\/\" class=\"ek-link\">conquistou a pole-position<\/a><\/strong> e ainda caminhou para <strong><a href=\"https:\/\/www.grandepremio.com\/br\/formula-e\/noticias\/pascal-wehrlein-controla-sebastien-buemi-domina-vence-ep-cidade-do-mexico-formula-e\/\" class=\"ek-link\">vencer com certa tranquilidade<\/a><\/strong> no <strong>eP da Cidade do M\u00e9xico<\/strong> do \u00faltimo fim de semana. Em entrevista ao <strong>GRANDE PR\u00caMIO<\/strong>, o piloto, entretanto, evitou dizer que os problemas est\u00e3o resolvidos.<\/p>\n\n\n\n<p class=\"wp-block-paragraph\">Antes de ir \u00e0 pista para os primeiros treinos, <strong>Ant\u00f3nio F\u00e9lix da Costa<\/strong>, companheiro de equipe de Wehrlein na Porsche, dissera exclusivamente ao <strong>GP<\/strong> que &#8220;90%&#8221; do trabalho de pr\u00e9-temporada da equipe foi voltado para o ritmo de voltas lan\u00e7adas.<\/p>\n\n\n\n<p class=\"wp-block-paragraph\">Com a pole, ent\u00e3o, a resposta foi importante. Mas Wehrlein destacou: a equipe sempre anda bem no M\u00e9xico. \u00c9 melhor esperar.<\/p>\n\n\n\n<p class=\"wp-block-paragraph\">&#8220;\u00c9 muito cedo para dizer isso, mas definitivamente \u00e9 um bom come\u00e7o para a temporada&#8221;, admitiu.<\/p>\n\n\n\n<figure class=\"wp-block-embed is-type-video is-provider-youtube wp-block-embed-youtube wp-embed-aspect-16-9 wp-has-aspect-ratio\"><div class=\"wp-block-embed__wrapper\">\n<iframe loading=\"lazy\" title=\"F\u00d3RMULA E 2024 - eP da Cidade do M\u00e9xico | 1\u00aa etapa | Corrida\" width=\"500\" height=\"281\" src=\"https:\/\/www.youtube.com\/embed\/XBQOog9QugI?feature=oembed\" frameborder=\"0\" allow=\"accelerometer; autoplay; clipboard-write; encrypted-media; gyroscope; picture-in-picture; web-share\" referrerpolicy=\"strict-origin-when-cross-origin\" allowfullscreen><\/iframe>\n<\/div><figcaption class=\"wp-element-caption\">F\u00d3RMULA E 2024 &#8211; eP da Cidade do M\u00e9xico | 1\u00aa etapa | Corrida<\/figcaption><\/figure>\n\n\n\n<p class=\"wp-block-paragraph\">&#8220;Sempre gosto de esperar algumas corridas e ver como ser\u00e1 em outras pistas, porque o M\u00e9xico sempre \u00e9 uma pista especial para n\u00f3s. Vou esperar para fazer esse coment\u00e1rio&#8221;, seguiu.<\/p>\n\n\n\n<p class=\"wp-block-paragraph\">Al\u00e9m disso, ainda <strong><a href=\"https:\/\/www.grandepremio.com\/br\/formula-e\/noticias\/pascal-wehrlein-admite-forca-brinca-motivo-ser-senhor-mexico-pessoas-ou-comidas\/\" class=\"ek-link\">tentou responder qual o motivo de tanto sucesso no M\u00e9xico<\/a><\/strong>, onde j\u00e1 tem quatro poles, tr\u00eas poles e duas vit\u00f3rias nas \u00faltimas quatro visitas \u2014 e teria uma terceira vit\u00f3ria e quarto p\u00f3dio, mas acabou desclassificado em Puebla, 2021, por uma infra\u00e7\u00e3o t\u00e9cnica da equipe.<\/p>\n\n\n\n<p class=\"wp-block-paragraph\">&#8220;\u00c9 uma boa pergunta, eu n\u00e3o sei o que \u00e9. [Talvez] as pessoas daqui, a comida, n\u00e3o sei&#8221;, brincou.<\/p>\n\n\n\n<p class=\"wp-block-paragraph\">&#8220;Mas sempre parecemos vir fortes. Hoje foi muito importante. Era fundamental ter boa classifica\u00e7\u00e3o, porque as ultrapassagens n\u00e3o estavam f\u00e1ceis. Temos de continuar esse trabalho duro e, a\u00ed, tenho certeza que vamos brigar de novo pelo campeonato&#8221;<\/p>\n\n\n\n<figure class=\"wp-block-image size-large\"><img decoding=\"async\" src=\"https:\/\/www.grandepremio.com\/br\/wp-content\/uploads\/2024\/01\/GPF1-3-1024x683.jpg\" alt=\"\" class=\"wp-image-769619\"\/><figcaption class=\"wp-element-caption\">Pascal Wehrlein n\u00e3o sabe de onde vem, mas que h\u00e1 magia, h\u00e1 (Foto: F\u00f3rmula E)<\/figcaption><\/figure>\n\n\n\n<p class=\"wp-block-paragraph\">Por fim, mandou recado ao p\u00fablico do Brasil, que recebe o<strong> eP de S\u00e3o Paulo<\/strong> da F\u00f3rmula E no fim de semana de 16 de mar\u00e7o.<\/p>\n\n\n\n<p class=\"wp-block-paragraph\">&#8220;Adoro ir a S\u00e3o Paulo. \u00c9 uma \u00f3tima pista, gostei muito ano passado. E tem muita gente, muito apoio. Estou ansioso para essa corrida&#8221;, finalizou.<\/p>\n\n\n\n<p class=\"wp-block-paragraph\">O campeonato retorna entre os dias 25 e 27 de janeiro, na Ar\u00e1bia Saudita, com o eP de&nbsp;<a href=\"https:\/\/www.grandepremio.com\/br\/circuito\/diriyah\/\" target=\"_blank\" rel=\"noreferrer noopener\">Diriyah<\/a>. O&nbsp;<strong>GRANDE PR\u00caMIO<\/strong>&nbsp;\u00e9&nbsp;<strong>EMISSORA OFICIAL<\/strong>&nbsp;da&nbsp;<a href=\"https:\/\/www.grandepremio.com\/br\/formula-e\/\" target=\"_blank\" rel=\"noreferrer noopener\">F\u00f3rmula E<\/a>&nbsp;no Brasil e transmite todas as atividades&nbsp;<strong><a href=\"https:\/\/www.youtube.com\/@GrandePremio1\">AO VIVO E COM IMAGENS<\/a><\/strong>.<\/p>\n\n\n\n<p class=\"wp-block-paragraph\"><a href=\"https:\/\/bit.ly\/epSP2024GP\" target=\"_blank\" rel=\"noreferrer noopener\"><strong>Compre aqui os ingressos do eP de S\u00e3o Paulo 2024 da&nbsp;<\/strong><\/a><strong><a href=\"https:\/\/www.grandepremio.com\/br\/formula-e\/\" target=\"_blank\" rel=\"noreferrer noopener\">F\u00f3rmula E<\/a>&nbsp;com o cupom GRANDEPREMIO10<\/strong>.<\/p>\n\n\n\n<figure class=\"wp-block-video\"><video class=\"video-js vjs-big-play-centered\" data-gp-vjs=\"1\" controls src=\"https:\/\/www.grandepremio.com\/br\/wp-content\/uploads\/2024\/01\/ultima-volta-ep-da-cidade-do-mexico.mp4\"><\/video><figcaption class=\"wp-element-caption\">Volta 37 e \u00faltima do eP da Cidade do M\u00e9xico (V\u00eddeo: F\u00f3rmula E\/GRANDE PR\u00caMIO)<\/figcaption><\/figure>\n","protected":false},"excerpt":{"rendered":"<p>Em entrevista concedida ao GRANDE PR\u00caMIO na Cidade do M\u00e9xico, Pascal Wehrlein evitou se empolgar com a pole da estreia da F\u00f3rmula E 2024<\/p>\n","protected":false},"author":0,"featured_media":1000769720,"comment_status":"closed","ping_status":"closed","sticky":false,"template":"","format":"standard","meta":{"42wp_featured_image_caption":"","42wp_featured_image_credits":"","42wp_featured_video":"","42wp_featured_image_hidden":false,"42wp_authors_list":[],"footnotes":""},"categories":[19],"tags":[5660,30836,35967,34647,37545,33841,37745,1194,736],"42wp_author":[47159,47120],"class_list":["post-90196","post","type-post","status-publish","format-standard","has-post-thumbnail","hentry","category-formula-e","tag-classificacao","tag-ep-da-cidade-do-mexico","tag-formula-e-2024","tag-formula-e-ao-vivo","tag-formula-e-live","tag-formula-e-no-grande-premio","tag-formula-e-tv-2024","tag-pascal-wehrlein","tag-porsche","42wp_author-geferson-kern","42wp_author-pedro-henrique-marum"],"_links":{"self":[{"href":"https:\/\/grandepremio.com\/br\/wp-json\/wp\/v2\/posts\/90196","targetHints":{"allow":["GET"]}}],"collection":[{"href":"https:\/\/grandepremio.com\/br\/wp-json\/wp\/v2\/posts"}],"about":[{"href":"https:\/\/grandepremio.com\/br\/wp-json\/wp\/v2\/types\/post"}],"replies":[{"embeddable":true,"href":"https:\/\/grandepremio.com\/br\/wp-json\/wp\/v2\/comments?post=90196"}],"version-history":[{"count":0,"href":"https:\/\/grandepremio.com\/br\/wp-json\/wp\/v2\/posts\/90196\/revisions"}],"wp:featuredmedia":[{"embeddable":true,"href":"https:\/\/grandepremio.com\/br\/wp-json\/wp\/v2\/media\/1000769720"}],"wp:attachment":[{"href":"https:\/\/grandepremio.com\/br\/wp-json\/wp\/v2\/media?parent=90196"}],"wp:term":[{"taxonomy":"category","embeddable":true,"href":"https:\/\/grandepremio.com\/br\/wp-json\/wp\/v2\/categories?post=90196"},{"taxonomy":"post_tag","embeddable":true,"href":"https:\/\/grandepremio.com\/br\/wp-json\/wp\/v2\/tags?post=90196"},{"taxonomy":"42wp_author","embeddable":true,"href":"https:\/\/grandepremio.com\/br\/wp-json\/wp\/v2\/42wp_author?post=90196"}],"curies":[{"name":"wp","href":"https:\/\/api.w.org\/{rel}","templated":true}]}}