{"id":9023,"date":"2026-05-14T12:27:35","date_gmt":"2026-05-14T15:27:35","guid":{"rendered":"https:\/\/grandepremio.com\/br\/noticias\/formula-e-leva-gen4-monaco-faz-1a-exibicao-pista-aberta-publico\/"},"modified":"2026-05-14T12:33:55","modified_gmt":"2026-05-14T15:33:55","slug":"formula-e-leva-gen4-monaco-faz-1a-exibicao-pista-aberta-publico","status":"publish","type":"post","link":"https:\/\/grandepremio.com\/br\/formula-e\/formula-e-leva-gen4-monaco-faz-1a-exibicao-pista-aberta-publico\/","title":{"rendered":"F\u00f3rmula E leva carro Gen4 a M\u00f4naco e faz 1\u00aa exibi\u00e7\u00e3o em pista aberta para p\u00fablico"},"content":{"rendered":"\n<p class=\"wp-block-paragraph\">A <strong>F\u00f3rmula E<\/strong> vai apresentar o carro <strong>Gen4 <\/strong>ao p\u00fablico em pista pela primeira vez durante o fim de semana do <strong>eP de M\u00f4naco<\/strong>. A categoria vai realizar uma demonstra\u00e7\u00e3o especial do novo modelo neste domingo (17), antes da segunda classifica\u00e7\u00e3o da rodada dupla, com <strong>David Coulthard<\/strong> respons\u00e1vel por pilotar o monoposto nas ruas do Principado.<\/p>\n\n\n\n<p class=\"wp-block-paragraph\">O Gen4 estrear\u00e1 oficialmente nas pistas a partir da temporada 2026\/27 e \u00e9 tratado como o maior salto t\u00e9cnico da hist\u00f3ria da F\u00f3rmula E. A nova gera\u00e7\u00e3o promete carros mais r\u00e1pidos, potentes e eficientes, em um movimento que busca aproximar ainda mais a categoria el\u00e9trica da <strong>F\u00f3rmula 1<\/strong> em termos de desempenho.<\/p>\n\n\n\n<figure class=\"wp-block-embed is-type-video is-provider-youtube wp-block-embed-youtube wp-embed-aspect-16-9 wp-has-aspect-ratio\"><div class=\"wp-block-embed__wrapper\">\n<iframe loading=\"lazy\" title=\"F\u00d3RMULA E 2026 | CORRIDA 2 eP DE BERLIM COMPLETA E DRUGOVICH | 8\u00aa ETAPA\" width=\"500\" height=\"281\" src=\"https:\/\/www.youtube.com\/embed\/C7M593yoVpQ?feature=oembed\" frameborder=\"0\" allow=\"accelerometer; autoplay; clipboard-write; encrypted-media; gyroscope; picture-in-picture; web-share\" referrerpolicy=\"strict-origin-when-cross-origin\" allowfullscreen><\/iframe>\n<\/div><\/figure>\n\n\n\n<h3 class=\"wp-block-heading\" id=\"h-gp-experience-o-novo-produto-do-grande-premio-conecta-voce-aos-maiores-eventos-de-esporte-a-motor-do-mundo-va-para-indianapolis-com-a-gente-saiba-aqui-todos-os-detalhes\"><strong><mark style=\"background-color:rgba(0, 0, 0, 0)\" class=\"has-inline-color has-vivid-red-color\">+ GP EXPERIENCE: o novo produto do GRANDE PR\u00caMIO conecta voc\u00ea aos maiores eventos de esporte a motor do mundo. V\u00e1 para Indian\u00e1polis com a gente:\u00a0<a href=\"https:\/\/gpexperience.tur.br\/\">saiba aqui todos os detalhes<\/a>.<\/mark><\/strong><\/h3>\n\n\n\n<p class=\"wp-block-paragraph\">Segundo o portal <em>SoyMotor<\/em>, o local foi escolhido para a primeira exibi\u00e7\u00e3o p\u00fablica justamente pelo peso simb\u00f3lico do circuito no calend\u00e1rio. O tra\u00e7ado de Monte Carlo \u00e9 o \u00fanico utilizado tanto pela F\u00f3rmula E quanto pela F1 na mesma configura\u00e7\u00e3o.<\/p>\n\n\n\n<p class=\"wp-block-paragraph\">A demonstra\u00e7\u00e3o faz parte da estrat\u00e9gia de promo\u00e7\u00e3o do Gen4 antes da estreia oficial. At\u00e9 o fim da temporada, a F\u00f3rmula E planeja manter carros da nova gera\u00e7\u00e3o em exposi\u00e7\u00e3o est\u00e1tica em diferentes etapas do campeonato e tamb\u00e9m realizar novas exibi\u00e7\u00f5es em pista.<\/p>\n\n\n\n\n\n\n\n<p class=\"wp-block-paragraph\">No Principado, a demonstra\u00e7\u00e3o ficar\u00e1 a cargo de Coulthard. O ex-piloto de F\u00f3rmula 1 dar\u00e1 algumas voltas com o novo carro e ainda ter\u00e1 comunica\u00e7\u00e3o por r\u00e1dio exibida ao p\u00fablico presente no circuito. A atividade, por\u00e9m, n\u00e3o contar\u00e1 com transmiss\u00e3o oficial para quem estiver fora do evento, embora imagens sejam exibidas nos tel\u00f5es da Fan Village.<\/p>\n\n\n\n<p class=\"wp-block-paragraph\">Diretora de marketing da F\u00f3rmula E, <strong>Ellie Norman<\/strong> destacou o entusiasmo gerado pelo Gen4 desde a <a href=\"https:\/\/www.grandepremio.com\/br\/formula-e\/noticias\/formula-e-sonhado-salto-tecnologico-carro-gen4-mundo-franca\/\">apresenta\u00e7\u00e3o inicial em <strong>Paul Ricard<\/strong><\/a> e afirmou que levar o novo carro a M\u00f4naco representa uma oportunidade importante para aproximar os f\u00e3s da pr\u00f3xima era da categoria.<\/p>\n\n\n\n<p class=\"wp-block-paragraph\">&#8220;Estudamos bastante essa possibilidade. Mesmo depois do evento em Paul Ricard, a rea\u00e7\u00e3o positiva ao carro foi absolutamente incr\u00edvel. Certamente aproveitar\u00edamos essa oportunidade de colocar o Gen4 em M\u00f4naco&#8221;, afirmou.<\/p>\n\n\n\n<p class=\"wp-block-paragraph\">Norman tamb\u00e9m ressaltou o impacto causado pelo modelo exposto durante o <strong>eP de Berlim<\/strong>. Um Gen4 da <strong>Porsche <\/strong>ficou em exibi\u00e7\u00e3o est\u00e1tica na Fan Village ao lado de carros hist\u00f3ricos da marca e se transformou em uma das principais atra\u00e7\u00f5es do fim de semana.<\/p>\n\n\n\n<figure class=\"wp-block-image size-large\"><img decoding=\"async\" src=\"https:\/\/www.grandepremio.com\/br\/wp-content\/uploads\/2026\/04\/332832_3928x5895-1200x782.jpg\" alt=\"\" class=\"wp-image-1078662\"\/><figcaption class=\"wp-element-caption\">Um modelo Gen4 da Porsche foi exibido para os f\u00e3s durante o eP de Berlim (Foto: Porsche)<\/figcaption><\/figure>\n\n\n\n<p class=\"wp-block-paragraph\">&#8220;Foi um dos carros que mais chamou aten\u00e7\u00e3o dos f\u00e3s. Muita gente quis tirar fotos ao lado dele. \u00c9 impressionante o quanto esse carro est\u00e1 se tornando popular. Estamos ganhando muito impulso&#8221;, acrescentou.<\/p>\n\n\n\n<p class=\"wp-block-paragraph\">A&nbsp;<strong>F\u00f3rmula E<\/strong>&nbsp;volta neste fim de semana com a rodada dupla do&nbsp;<strong>eP de M\u00f4naco<\/strong>, entre os dias&nbsp;<strong>15 e 17 de maio<\/strong>. A categoria el\u00e9trica corre pelo tradicional circuito montado nas ruas de Monte Carlo, o mesmo utilizado pela F\u00f3rmula 1. Emissora oficial no Brasil, o&nbsp;<strong>GRANDE PR\u00caMIO&nbsp;<\/strong>transmite todas as atividades de pista&nbsp;<strong>AO VIVO<\/strong>&nbsp;e&nbsp;<strong>COM IMAGENS<\/strong>&nbsp;no&nbsp;<strong><a href=\"https:\/\/www.youtube.com\/@GrandePremio1\">YouTube<\/a>&nbsp;<\/strong>e na&nbsp;<strong>GPTV<\/strong>.<\/p>\n\n\n\n<p class=\"wp-block-paragraph\">\u25b6\ufe0f<strong>\u00a0Inscreva-se nos dois canais do GRANDE PR\u00caMIO no YouTube:\u00a0<a href=\"https:\/\/www.youtube.com\/channel\/UC9OlHEgxoaY6QY6nWPoiqQg?sub_confirmation=1\">GP<\/a>\u00a0|\u00a0<a href=\"https:\/\/www.youtube.com\/channel\/UC9csiS6q_C3C0FYhyr1rnFA?sub_confirmation=1\">GPTV<\/a><\/strong><\/p>\n\n\n\n<h2 class=\"wp-block-heading\" id=\"h-ep-de-monaco-da-formula-e-nbsp-veja-os-horarios-em-brasil-cabo-verde-nbsp-portugal-angola-e-mocambique\"><strong>eP de M\u00f4naco da F\u00f3rmula E:&nbsp;veja os hor\u00e1rios em Brasil, Cabo Verde,&nbsp;Portugal, Angola e Mo\u00e7ambique<\/strong><\/h2>\n\n\n\n<figure class=\"wp-block-table\"><table class=\"has-fixed-layout\"><tbody><tr><td class=\"has-text-align-left\" data-align=\"left\"><strong>Data<\/strong><\/td><td class=\"has-text-align-left\" data-align=\"left\"><strong>&nbsp;Sess\u00e3o<\/strong><\/td><td class=\"has-text-align-left\" data-align=\"left\"><strong>BRA*<\/strong><\/td><td class=\"has-text-align-left\" data-align=\"left\"><strong>CBV<\/strong><\/td><td class=\"has-text-align-left\" data-align=\"left\"><strong>POR<\/strong><br><strong>ANG<\/strong><\/td><td class=\"has-text-align-left\" data-align=\"left\"><strong>MOZ<\/strong><\/td><\/tr><tr><td class=\"has-text-align-left\" data-align=\"left\">S\u00e1bado (16)<\/td><td class=\"has-text-align-left\" data-align=\"left\">Treino livre 1<\/td><td class=\"has-text-align-left\" data-align=\"left\">2:30<\/td><td class=\"has-text-align-left\" data-align=\"left\">4:30<\/td><td class=\"has-text-align-left\" data-align=\"left\">6:30<\/td><td class=\"has-text-align-left\" data-align=\"left\">7:30<\/td><\/tr><tr><td class=\"has-text-align-left\" data-align=\"left\">S\u00e1bado (16)<\/td><td class=\"has-text-align-left\" data-align=\"left\">Treino livre 2<\/td><td class=\"has-text-align-left\" data-align=\"left\">4:10<\/td><td class=\"has-text-align-left\" data-align=\"left\">6:10<\/td><td class=\"has-text-align-left\" data-align=\"left\">8:10<\/td><td class=\"has-text-align-left\" data-align=\"left\">9:10<\/td><\/tr><tr><td class=\"has-text-align-left\" data-align=\"left\">S\u00e1bado (16)<\/td><td class=\"has-text-align-left\" data-align=\"left\">Classifica\u00e7\u00e3o<\/td><td class=\"has-text-align-left\" data-align=\"left\">5:40<\/td><td class=\"has-text-align-left\" data-align=\"left\">7:40<\/td><td class=\"has-text-align-left\" data-align=\"left\">9:40<\/td><td class=\"has-text-align-left\" data-align=\"left\">10:40<\/td><\/tr><tr><td class=\"has-text-align-left\" data-align=\"left\">S\u00e1bado (16)<\/td><td class=\"has-text-align-left\" data-align=\"left\">Corrida<\/td><td class=\"has-text-align-left\" data-align=\"left\">10:05<\/td><td class=\"has-text-align-left\" data-align=\"left\">12:05<\/td><td class=\"has-text-align-left\" data-align=\"left\">14:05<\/td><td class=\"has-text-align-left\" data-align=\"left\">15:05<\/td><\/tr><tr><td class=\"has-text-align-left\" data-align=\"left\">Domingo (17)<\/td><td class=\"has-text-align-left\" data-align=\"left\">Treino livre 3<\/td><td class=\"has-text-align-left\" data-align=\"left\">3:30<\/td><td class=\"has-text-align-left\" data-align=\"left\">5:30<\/td><td class=\"has-text-align-left\" data-align=\"left\">7:30<\/td><td class=\"has-text-align-left\" data-align=\"left\">8:30<\/td><\/tr><tr><td class=\"has-text-align-left\" data-align=\"left\">Domingo (17)<\/td><td class=\"has-text-align-left\" data-align=\"left\">Classifica\u00e7\u00e3o<\/td><td class=\"has-text-align-left\" data-align=\"left\">5:40<\/td><td class=\"has-text-align-left\" data-align=\"left\">7:40<\/td><td class=\"has-text-align-left\" data-align=\"left\">9:40<\/td><td class=\"has-text-align-left\" data-align=\"left\">10:40<\/td><\/tr><tr><td class=\"has-text-align-left\" data-align=\"left\">Domingo (17)<\/td><td class=\"has-text-align-left\" data-align=\"left\">Corrida<\/td><td class=\"has-text-align-left\" data-align=\"left\">10:05<\/td><td class=\"has-text-align-left\" data-align=\"left\">12:05<\/td><td class=\"has-text-align-left\" data-align=\"left\">14:05<\/td><td class=\"has-text-align-left\" data-align=\"left\">15:05<\/td><\/tr><\/tbody><\/table><\/figure>\n\n\n\n<p class=\"wp-block-paragraph\"><em>*Hor\u00e1rio de Bras\u00edlia<\/em><a href=\"https:\/\/www.grandepremio.com\/br\/chefao\/\" target=\"_blank\" rel=\"noreferrer noopener\"><\/a><a href=\"https:\/\/www.grandepremio.com\/br\/chefao\/\" target=\"_blank\" rel=\"noreferrer noopener\"><\/a><a href=\"https:\/\/www.grandepremio.com\/br\/chefao\/\" target=\"_blank\" rel=\"noreferrer noopener\"><\/a><\/p>\n","protected":false},"excerpt":{"rendered":"<p>Carro Gen4 da F\u00f3rmula E ser\u00e1 guiado por David Coulthard em demonstra\u00e7\u00e3o especial no Principado. Ser\u00e1 primeira vez que novo modelo \u00e9 mostrado em pista para p\u00fablico geral<\/p>\n","protected":false},"author":0,"featured_media":1001079128,"comment_status":"closed","ping_status":"closed","sticky":false,"template":"","format":"standard","meta":{"42wp_featured_image_caption":"","42wp_featured_image_credits":"","42wp_featured_video":"","42wp_featured_image_hidden":false,"42wp_authors_list":[],"footnotes":""},"categories":[19],"tags":[28679,6853,548,840,43531,45540,34849,1491,28285,35442,36219,736,43530],"42wp_author":[47164],"class_list":["post-9023","post","type-post","status-publish","format-standard","has-post-thumbnail","hentry","category-formula-e","tag-calendario-formula-e","tag-classificacao-formula-e","tag-david-coulthard","tag-formula-e","tag-formula-e-2026","tag-formula-e-hoje","tag-gen4","tag-grande-premio","tag-grandepremio","tag-horarios-formula-e","tag-onde-assistir-formula-e","tag-porsche","tag-temporada-2026-da-formula-e","42wp_author-marcos-gil-ribeiro"],"_links":{"self":[{"href":"https:\/\/grandepremio.com\/br\/wp-json\/wp\/v2\/posts\/9023","targetHints":{"allow":["GET"]}}],"collection":[{"href":"https:\/\/grandepremio.com\/br\/wp-json\/wp\/v2\/posts"}],"about":[{"href":"https:\/\/grandepremio.com\/br\/wp-json\/wp\/v2\/types\/post"}],"replies":[{"embeddable":true,"href":"https:\/\/grandepremio.com\/br\/wp-json\/wp\/v2\/comments?post=9023"}],"version-history":[{"count":0,"href":"https:\/\/grandepremio.com\/br\/wp-json\/wp\/v2\/posts\/9023\/revisions"}],"wp:featuredmedia":[{"embeddable":true,"href":"https:\/\/grandepremio.com\/br\/wp-json\/wp\/v2\/media\/1001079128"}],"wp:attachment":[{"href":"https:\/\/grandepremio.com\/br\/wp-json\/wp\/v2\/media?parent=9023"}],"wp:term":[{"taxonomy":"category","embeddable":true,"href":"https:\/\/grandepremio.com\/br\/wp-json\/wp\/v2\/categories?post=9023"},{"taxonomy":"post_tag","embeddable":true,"href":"https:\/\/grandepremio.com\/br\/wp-json\/wp\/v2\/tags?post=9023"},{"taxonomy":"42wp_author","embeddable":true,"href":"https:\/\/grandepremio.com\/br\/wp-json\/wp\/v2\/42wp_author?post=9023"}],"curies":[{"name":"wp","href":"https:\/\/api.w.org\/{rel}","templated":true}]}}