{"id":90242,"date":"2024-01-15T10:44:14","date_gmt":"2024-01-15T13:44:14","guid":{"rendered":"https:\/\/grandepremio.com\/br\/noticias\/haas-abre-red-bull-encerra-formula-1-2024-lancamentos-confirmados\/"},"modified":"2024-01-26T12:33:18","modified_gmt":"2024-01-26T15:33:18","slug":"haas-abre-red-bull-encerra-formula-1-2024-lancamentos-confirmados","status":"publish","type":"post","link":"https:\/\/grandepremio.com\/br\/f1\/haas-abre-red-bull-encerra-formula-1-2024-lancamentos-confirmados\/","title":{"rendered":"Haas abre e Red Bull encerra: confira o calend\u00e1rio completo dos lan\u00e7amentos da F1"},"content":{"rendered":"\n<p class=\"wp-block-paragraph\">O calend\u00e1rio de lan\u00e7amentos da <strong>F\u00f3rmula 1<\/strong> 2024 est\u00e1 oficialmente completo. A <strong>Haas<\/strong> encerrou o mist\u00e9rio e <a href=\"https:\/\/www.grandepremio.com\/br\/f1\/noticias\/haas-encerra-misterio-fura-fila-anuncia-data-lancamento-vf-24-fevereiro\/\" class=\"ek-link\">anunciou nesta sexta-feira (26) que vai revelar o <strong>VF-24<\/strong> pela primeira vez daqui a uma semana<\/a>, no dia 2 de fevereiro. O time americano foi o \u00faltimo a divulgar a data de lan\u00e7amento, mas n\u00e3o deu muitos detalhes sobre o evento.<\/p>\n\n\n\n<p class=\"wp-block-paragraph\">Com isso, a equipe que agora ser\u00e1 chefiada por Ayao Komatsu vai abrir a temporada de lan\u00e7amentos. At\u00e9 ent\u00e3o, o <a href=\"https:\/\/www.grandepremio.com\/br\/f1\/noticias\/williams-sauber-escolhem-5-de-fevereiro-data-lancamento-carro-2024\/\" class=\"ek-link\">pontap\u00e9 inicial seria dado por <strong>Stake <\/strong>e <strong>Williams<\/strong>, com lan\u00e7amentos programados para 5 de fevereiro.<\/a> A ex-Alfa Romeo ainda n\u00e3o deu detalhes, como local e hora, sobre o evento, enquanto o time de Grove revelar\u00e1 o <strong>FW46<\/strong> ao mundo em Nova York, nos <strong>Estados Unidos<\/strong>.<\/p>\n\n\n\n<p class=\"wp-block-paragraph\">A <strong>Alpine<\/strong> vir\u00e1 na sequ\u00eancia. A equipe francesa apresentar\u00e1 o b\u00f3lido para a <strong>F1 2024<\/strong> <a href=\"https:\/\/www.grandepremio.com\/br\/f1\/noticias\/alpine-aproveita-evento-unico-fevereiro-lancamento-carros-f1-2024-wec\/\" class=\"ek-link\">no dia 7 de fevereiro<\/a>. Na mesma ocasi\u00e3o, tamb\u00e9m vai mostrar o hipercarro que vai disputar o<strong> Mundial de Endurance<\/strong> este ano e ser\u00e1 guiado, entre outros pilotos, por <strong>Mick Schumacher<\/strong>.<\/p>\n\n\n\n<figure class=\"wp-block-image size-large\"><img decoding=\"async\" src=\"https:\/\/www.grandepremio.com\/br\/wp-content\/uploads\/2024\/01\/download-1024x683.jpg\" alt=\"\" class=\"wp-image-771691\"\/><figcaption class=\"wp-element-caption\">Visa Cash App RB \u00e9 o novo nome da AlphaTauri (Foto: Reprodu\u00e7\u00e3o)<\/figcaption><\/figure>\n\n\n\n<p class=\"wp-block-paragraph\">Logo no dia seguinte, uma quinta-feira, <a href=\"https:\/\/www.grandepremio.com\/br\/f1\/noticias\/alphatauri-muda-nome-identidade-passa-chamar-visa-cash-app-rb-formula-1\/\" class=\"ek-link\">ser\u00e1 a vez da <strong>Visa Cash App RB<\/strong><\/a>, que <a href=\"https:\/\/www.grandepremio.com\/br\/f1\/noticias\/visa-cash-app-rb-marca-data-lancamento-nova-pintura-formula-1-2024\/\" class=\"ek-link\">vai realizar um evento em&nbsp;<strong>Las Vegas<\/strong><\/a>, que recebeu sua primeira corrida da principal categoria do automobilismo no final do \u00faltimo ano. A equipe B da <strong>Red Bull<\/strong> deve revelar apenas sua nova identidade visual, e n\u00e3o o carro que deve ir para as pistas ao longo de 2024.<\/p>\n\n\n\n<p class=\"wp-block-paragraph\"><strong>Aston Martin <\/strong><a href=\"https:\/\/www.grandepremio.com\/br\/f1\/noticias\/aston-martin-marca-data-lancamento-carro-2024-12-fevereiro\/\" class=\"ek-link\">reservou o dia 12<\/a> para lan\u00e7ar o <strong>AMR24<\/strong>. O carro que ser\u00e1 conduzido por Fernando Alonso e Lance Stroll ser\u00e1 conhecido num evento em Silverstone, na Inglaterra.<\/p>\n\n\n\n<p class=\"wp-block-paragraph\">A <strong>Ferrari<\/strong>, que saiu na frente e contou durante o tradicional almo\u00e7o de Natal oferecido \u00e0 imprensa no final do ano os planos para 2024, trar\u00e1 o novo carro a p\u00fablico no dia seguinte, <a href=\"https:\/\/www.grandepremio.com\/br\/f1\/noticias\/ferrari-confirma-fevereiro-lancamento-carro-temporada-2024-formula-1\/\" class=\"ek-link\">13 de fevereiro<\/a>. O modelo ainda n\u00e3o tem nome oficial.<\/p>\n\n\n\n<p class=\"wp-block-paragraph\"><strong>\u25b6\ufe0f&nbsp;Inscreva-se nos dois canais do GRANDE PR\u00caMIO no YouTube:&nbsp;<a href=\"https:\/\/www.youtube.com\/channel\/UC9OlHEgxoaY6QY6nWPoiqQg?sub_confirmation=1\" target=\"_blank\" rel=\"noreferrer noopener\">GP<\/a>&nbsp;|&nbsp;<a href=\"https:\/\/www.youtube.com\/channel\/UC9csiS6q_C3C0FYhyr1rnFA?sub_confirmation=1\" target=\"_blank\" rel=\"noreferrer noopener\">GP2<\/a><\/strong><br><strong>\u25b6\ufe0f&nbsp;<a href=\"https:\/\/www.twitch.tv\/grandepremio\" target=\"_blank\" rel=\"noreferrer noopener\">Conhe\u00e7a o canal do GRANDE PR\u00caMIO na Twitch clicando aqui!<\/a><\/strong><\/p>\n\n\n\n<figure class=\"wp-block-image size-large\"><img decoding=\"async\" src=\"https:\/\/www.grandepremio.com\/br\/wp-content\/uploads\/2023\/11\/abu-dhabi-2023-f1-classificacao-ferrari-charles-leclerc-afp-02-1024x683.jpg\" alt=\"\" class=\"wp-image-758682\"\/><figcaption class=\"wp-element-caption\">Ferrari foi a primeira a revelar a data  (Foto: AFP) <\/figcaption><\/figure>\n\n\n\n<p class=\"wp-block-paragraph\">A Mercedes apresentar\u00e1 o <strong>W15<\/strong> <a href=\"https:\/\/www.grandepremio.com\/br\/f1\/noticias\/mercedes-anuncia-lancamento-w15-temporada-2024-f1-fevereiro\/\" class=\"ek-link\">no dia 14<\/a>. A expectativa \u00e9 que o modelo a ser guiado por Lewis Hamilton e George Russell traga mudan\u00e7as conceituais significativas, conforme prometido pelo chefe, Toto Wolff.<\/p>\n\n\n\n<p class=\"wp-block-paragraph\">No mesmo dia, a <strong>McLaren<\/strong> tamb\u00e9m far\u00e1 a apresenta\u00e7\u00e3o oficial do <strong>MCL38<\/strong>. <a href=\"https:\/\/www.grandepremio.com\/br\/f1\/noticias\/mclaren-antecipa-lancamento-oficial-divulga-pintura-carro-formula-1-2024\/\" class=\"ek-link\">A equipe brit\u00e2nica acabou se antecipando \u00e0s rivais e revelou na \u00faltima semana a pintura do carro<\/a>, com o fim dos detalhes azuis e a manuten\u00e7\u00e3o da estrutura laranja e preta.<\/p>\n\n\n\n<p class=\"wp-block-paragraph\">Por fim, no in\u00edcio da tarde do dia 15 de janeiro, a atual campe\u00e3 <strong>Red Bull<\/strong> usou as redes sociais para confirmar que o <strong>RB20<\/strong> ser\u00e1 revelado em <a href=\"https:\/\/www.grandepremio.com\/br\/f1\/noticias\/red-bull-encerra-suspense-marca-data-lancamento-rb20-para-fevereiro\/\" class=\"ek-link\">15 de fevereiro<\/a>, fechando assim a temporada de lan\u00e7amentos para a F\u00f3rmula 1 2024.<\/p>\n\n\n\n<p class=\"wp-block-paragraph\">A&nbsp;<a href=\"https:\/\/www.grandepremio.com\/formula-1\/\" target=\"_blank\" rel=\"noreferrer noopener\"><\/a><a href=\"https:\/\/www.grandepremio.com\/formula-1\/\" target=\"_blank\" rel=\"noreferrer noopener\">F\u00f3rmula 1<\/a>&nbsp;retorna \u00e0s pistas em&nbsp;<strong>fevereiro de 2024<\/strong>, dos dias 21 a 23, no&nbsp;<strong>Bahrein<\/strong>, para os testes coletivos da<strong>&nbsp;pr\u00e9-temporada<\/strong>.<\/p>\n\n\n\n<h2 class=\"wp-block-heading\" id=\"h-calendario-de-lancamentos-da-formula-1-2024\">Calend\u00e1rio de lan\u00e7amentos da F\u00f3rmula 1 2024:<\/h2>\n\n\n\n<figure class=\"wp-block-table\"><table><tbody><tr><td>Haas<\/td><td>2 de fevereiro<\/td><\/tr><tr><td>Stake Sauber<\/td><td>5 de fevereiro<\/td><\/tr><tr><td>Williams<\/td><td>5 de fevereiro<\/td><\/tr><tr><td>Alpine<\/td><td>7 de fevereiro<\/td><\/tr><tr><td>RB<\/td><td>8 de fevereiro<\/td><\/tr><tr><td>Aston Martin<\/td><td>12 de fevereiro<\/td><\/tr><tr><td>Ferrari<\/td><td>13 de fevereiro<\/td><\/tr><tr><td>Mercedes<\/td><td>14 de fevereiro<\/td><\/tr><tr><td>McLaren<\/td><td>14 de fevereiro<\/td><\/tr><tr><td>Red Bull<\/td><td>15 de fevereiro<\/td><\/tr><\/tbody><\/table><\/figure>\n\n\n\n<figure class=\"wp-block-embed is-type-video is-provider-youtube wp-block-embed-youtube wp-embed-aspect-16-9 wp-has-aspect-ratio\"><div class=\"wp-block-embed__wrapper\">\n<iframe loading=\"lazy\" title=\"Come\u00e7ou cedo? Alonso j\u00e1 TOCA O TERROR na Aston Martin de olho NA VIT\u00d3RIA #33 | Paddock Sprint\" width=\"500\" height=\"281\" src=\"https:\/\/www.youtube.com\/embed\/A49fqTizh-w?feature=oembed\" frameborder=\"0\" allow=\"accelerometer; autoplay; clipboard-write; encrypted-media; gyroscope; picture-in-picture; web-share\" referrerpolicy=\"strict-origin-when-cross-origin\" allowfullscreen><\/iframe>\n<\/div><\/figure>\n","protected":false},"excerpt":{"rendered":"<p>Depois de semanas de mist\u00e9rio, a Haas furou a fila e confirmou oficialmente sua data de lan\u00e7amento do carro para a temporada 2024 da F\u00f3rmula 1. Confira o calend\u00e1rio completo<\/p>\n","protected":false},"author":0,"featured_media":1000757429,"comment_status":"closed","ping_status":"closed","sticky":false,"template":"","format":"standard","meta":{"42wp_featured_image_caption":"","42wp_featured_image_credits":"","42wp_featured_video":"","42wp_featured_image_hidden":false,"42wp_authors_list":[],"footnotes":""},"categories":[2],"tags":[20491,309,26271,5273,147,3230,207,180,30909,1491,28285,30840,82,35129,33655,33301,215],"42wp_author":[47144,47147],"class_list":["post-90242","post","type-post","status-publish","format-standard","has-post-thumbnail","hentry","category-f1","tag-alpine","tag-aston-martin","tag-calendario-f1","tag-classificacao-f1","tag-f1","tag-f1-2024","tag-ferrari","tag-formula-1","tag-formula-1-2024","tag-grande-premio","tag-grandepremio","tag-horarios-f1","tag-mercedes","tag-onde-assistir-f1","tag-stake","tag-temporada-2024-f1","tag-williams","42wp_author-andre-netto","42wp_author-luana-marino"],"_links":{"self":[{"href":"https:\/\/grandepremio.com\/br\/wp-json\/wp\/v2\/posts\/90242","targetHints":{"allow":["GET"]}}],"collection":[{"href":"https:\/\/grandepremio.com\/br\/wp-json\/wp\/v2\/posts"}],"about":[{"href":"https:\/\/grandepremio.com\/br\/wp-json\/wp\/v2\/types\/post"}],"replies":[{"embeddable":true,"href":"https:\/\/grandepremio.com\/br\/wp-json\/wp\/v2\/comments?post=90242"}],"version-history":[{"count":0,"href":"https:\/\/grandepremio.com\/br\/wp-json\/wp\/v2\/posts\/90242\/revisions"}],"wp:featuredmedia":[{"embeddable":true,"href":"https:\/\/grandepremio.com\/br\/wp-json\/wp\/v2\/media\/1000757429"}],"wp:attachment":[{"href":"https:\/\/grandepremio.com\/br\/wp-json\/wp\/v2\/media?parent=90242"}],"wp:term":[{"taxonomy":"category","embeddable":true,"href":"https:\/\/grandepremio.com\/br\/wp-json\/wp\/v2\/categories?post=90242"},{"taxonomy":"post_tag","embeddable":true,"href":"https:\/\/grandepremio.com\/br\/wp-json\/wp\/v2\/tags?post=90242"},{"taxonomy":"42wp_author","embeddable":true,"href":"https:\/\/grandepremio.com\/br\/wp-json\/wp\/v2\/42wp_author?post=90242"}],"curies":[{"name":"wp","href":"https:\/\/api.w.org\/{rel}","templated":true}]}}