{"id":90249,"date":"2024-01-15T10:31:31","date_gmt":"2024-01-15T13:31:31","guid":{"rendered":"https:\/\/grandepremio.com\/br\/noticias\/kevin-benavides-supera-irmao-luciano-benavides-vence-oitava-especial-motos-dakar\/"},"modified":"2024-01-15T12:22:18","modified_gmt":"2024-01-15T15:22:18","slug":"kevin-benavides-supera-irmao-luciano-benavides-vence-oitava-especial-motos-dakar","status":"publish","type":"post","link":"https:\/\/grandepremio.com\/br\/rally\/kevin-benavides-supera-irmao-luciano-benavides-vence-oitava-especial-motos-dakar\/","title":{"rendered":"Kevin Benavides supera irm\u00e3o Luciano e vence oitava especial das motos no Dakar"},"content":{"rendered":"\n<p class=\"wp-block-paragraph\"><strong>8\u00aa Especial<\/strong>: Al Duwadimi \u27a1\ufe0f Ha&#8217;il<br><strong>Deslocamento<\/strong>: 220 km<br><strong>Trecho cronometrado<\/strong>: 458 km<br><strong>Percurso total<\/strong>: 678 km<\/p>\n\n\n\n<p class=\"wp-block-paragraph\">O <strong>Dakar 2024<\/strong> entrou em sua semana final, com todos os pilotos usando o resto de equipamento na busca por um resultado melhor. Nesta segunda-feira (15), o maior rali do mundo saiu de <strong>Al Duwadimi<\/strong> rumo a <strong>Ha&#8217;il<\/strong> em um trecho cronometrado de <strong>458 quil\u00f4metros<\/strong> \u2014 al\u00e9m de outros 220 km de deslocamento. Nas motos, que abriram a disputa do dia, a vit\u00f3ria ficou com <strong>Kevin Benavides<\/strong>, atual campe\u00e3o.<\/p>\n\n\n\n<p class=\"wp-block-paragraph\">Em um dia de muitas varia\u00e7\u00f5es de terrenos no deserto saudita, o argentino da <strong>KTM <\/strong>terminou a especial em<strong> 3h35min03s <\/strong>e superou o irm\u00e3o <strong>Luciano Benavides<\/strong>, que ficou 31 segundos atr\u00e1s.<\/p>\n\n\n\n<p class=\"wp-block-paragraph\"><strong>Adrien Van Beveren<\/strong> acabou a disputa na terceira coloca\u00e7\u00e3o, mais de um minuto atr\u00e1s do l\u00edder, com <strong>Nacho Cornejo<\/strong> no quarto lugar e <strong>Toby Price<\/strong> ficando com o quinto lugar.<\/p>\n\n\n\n<figure class=\"wp-block-image size-large\"><img decoding=\"async\" src=\"https:\/\/www.grandepremio.com\/br\/wp-content\/uploads\/2024\/01\/SI202401140167_hires_jpeg_24bit_rgb-1024x683.jpg\" alt=\"\" class=\"wp-image-769909\"\/><figcaption class=\"wp-element-caption\">Kevin Benavides \u00e9 o atual campe\u00e3o do Dakar, mas enfrenta dificuldades em 2024 (Foto: Red Bull Content Pool)<\/figcaption><\/figure>\n\n\n\n<p class=\"wp-block-paragraph\"><strong>\u25b6\ufe0f\u00a0Inscreva-se nos dois canais do GRANDE PR\u00caMIO no YouTube:\u00a0<a href=\"https:\/\/www.youtube.com\/channel\/UC9OlHEgxoaY6QY6nWPoiqQg?sub_confirmation=1\" target=\"_blank\" rel=\"noreferrer noopener\">GP<\/a>\u00a0|\u00a0<a href=\"https:\/\/www.youtube.com\/channel\/UC9csiS6q_C3C0FYhyr1rnFA?sub_confirmation=1\" target=\"_blank\" rel=\"noreferrer noopener\">GP2<\/a><\/strong><br><strong>\u25b6\ufe0f\u00a0<a href=\"https:\/\/www.twitch.tv\/grandepremio\" target=\"_blank\" rel=\"noreferrer noopener\">Conhe\u00e7a o canal do GRANDE PR\u00caMIO na Twitch clicando aqui!<\/a><\/strong><br><strong>\u25b6\ufe0f<\/strong>\u00a0<strong><a href=\"https:\/\/www.grandepremio.com\/br\/rally\/noticias\/piloto-espanhol-cai-dakar-encaminhado-estado-grave-hospital\/\">Piloto espanhol nas motos cai e \u00e9 encaminhado em estado grave para hospital no Dakar<\/a><\/strong><\/p>\n\n\n\n<p class=\"wp-block-paragraph\">O portugu\u00eas <strong>Rui Gon\u00e7alves<\/strong> fechou o dia na sexta posi\u00e7\u00e3o, seguido por <strong>Ricky Brabec<\/strong>,<strong> Ross Branch<\/strong>, <strong>Daniel Sanders <\/strong>e <strong>Stefan Svitko<\/strong> completando o top-10 na chegada em Ha&#8217;il.<\/p>\n\n\n\n<p class=\"wp-block-paragraph\">Na classifica\u00e7\u00e3o geral, Brabec se mant\u00e9m na lideran\u00e7a, agora com <strong>36h16min31s <\/strong>no tempo acumulado. O americano, no entanto, possui apenas <strong>42s de vantagem<\/strong> para Branch. Cornejo \u00e9 o terceiro, com Van Beveren e Kevin Benavides fechando os cinco melhores.<\/p>\n\n\n\n<p class=\"wp-block-paragraph\">Nesta ter\u00e7a-feira (16), o Dakar realiza sua nona especial na Ar\u00e1bia Saudita, saindo de\u00a0<strong>Ha&#8217;il<\/strong>\u00a0rumo a\u00a0<strong>AlUla<\/strong>, com\u00a0<strong>417 km<\/strong>\u00a0de trecho cronometrado e mais 222 km de deslocamento. O\u00a0<strong>GRANDE PR\u00caMIO\u00a0<\/strong>faz a cobertura completa de todas as classes do maior evento de rali do ano.<\/p>\n\n\n\n<h3 class=\"wp-block-heading\" id=\"h-dakar-2024-motos-classificacao-geral-apos-8\u00aa-etapa\"><strong>Dakar 2024, Motos, Classifica\u00e7\u00e3o geral ap\u00f3s 8\u00aa etapa:<\/strong><\/h3>\n\n\n\n<figure class=\"wp-block-table\"><table><tbody><tr><td>1<\/td><td>R BRABEC<\/td><td>Honda<\/td><td>36:16:31<\/td><td>&nbsp;<\/td><\/tr><tr><td>2<\/td><td>R BRANCH<\/td><td>Hero<\/td><td>36:17:13<\/td><td>00:00:42<\/td><\/tr><tr><td>3<\/td><td>J IGNACIO CORNEJO<\/td><td>Honda<\/td><td>36:20:52<\/td><td>00:04:21<\/td><\/tr><tr><td>4<\/td><td>A VAN BEVEREN<\/td><td>Honda<\/td><td>36:28:29<\/td><td>00:11:58<\/td><\/tr><tr><td>5<\/td><td>K BENAVIDES<\/td><td>KTM<\/td><td>36:37:02\u00a0<\/td><td>00:20:31<\/td><\/tr><tr><td>6<\/td><td>T PRICE<\/td><td>KTM<\/td><td>36:45:41<\/td><td>00:29:10<\/td><\/tr><tr><td>7<\/td><td>D SANDERS<\/td><td>GasGas<\/td><td>36:55:14<\/td><td>00:38:43<\/td><\/tr><tr><td>8<\/td><td>L BENAVIDES<\/td><td>Husqvarna<\/td><td>36:56:06<\/td><td>00:39:35<\/td><\/tr><tr><td>9<\/td><td>S SVITKO<\/td><td>KTM<\/td><td>37:28:24<\/td><td>01:11:53<\/td><\/tr><tr><td>10<\/td><td>M MICHEK<\/td><td>Orion<\/td><td>38:13:24<\/td><td>01:56:53<\/td><\/tr><\/tbody><\/table><\/figure>\n\n\n\n<h2 class=\"wp-block-heading\" id=\"h-andujar-vence-de-novo-e-segue-na-lideranca-geral-dos-quadriciclos\"><strong>And\u00fajar vence de novo e segue na lideran\u00e7a geral dos quadriciclos<\/strong><\/h2>\n\n\n\n<p class=\"wp-block-paragraph\">Nos quadriciclos, <strong>Manuel And\u00fajar<\/strong> levou a melhor ap\u00f3s <strong>4h24min40s <\/strong>de disputa, com o franc\u00eas <strong>Alexandre Giroud <\/strong>no segundo lugar e <strong>Juraj Varga<\/strong> na terceira coloca\u00e7\u00e3o.<\/p>\n\n\n\n<p class=\"wp-block-paragraph\">Na classifica\u00e7\u00e3o geral, o argentino tamb\u00e9m aparece na frente, com <strong>45h12min40s<\/strong> no tempo acumulado e <strong>11 minutos de vantagem<\/strong> para Giroud. Varga novamente aparece com o terceiro posto.<\/p>\n\n\n\n<figure class=\"wp-block-embed is-type-video is-provider-youtube wp-block-embed-youtube wp-embed-aspect-16-9 wp-has-aspect-ratio\"><div class=\"wp-block-embed__wrapper\">\n<iframe loading=\"lazy\" title=\"M\u00c9XICO oferece DESASTRE para BRASILEIROS. O que tirar para F\u00d3RMULA E 2024? | GP \u00e0s 10\" width=\"500\" height=\"281\" src=\"https:\/\/www.youtube.com\/embed\/G__UAzdVYH0?feature=oembed\" frameborder=\"0\" allow=\"accelerometer; autoplay; clipboard-write; encrypted-media; gyroscope; picture-in-picture; web-share\" referrerpolicy=\"strict-origin-when-cross-origin\" allowfullscreen><\/iframe>\n<\/div><\/figure>\n","protected":false},"excerpt":{"rendered":"<p>Atual campe\u00e3o do Dakar, Kevin Benavides teve um bom dia no deserto saudita e levou a melhor na especial que abre a semana final do maior rali do mundo. Ricky Brabec lidera na classifica\u00e7\u00e3o geral<\/p>\n","protected":false},"author":0,"featured_media":1000769910,"comment_status":"closed","ping_status":"closed","sticky":false,"template":"","format":"standard","meta":{"42wp_featured_image_caption":"","42wp_featured_image_credits":"","42wp_featured_video":"","42wp_featured_image_hidden":false,"42wp_authors_list":[],"footnotes":""},"categories":[5],"tags":[1242,37807,37806,6791,37723,853,35344,1491,28285,37808,1065,1069,1000,37809,618,37805,998,1260,35345],"42wp_author":[47135],"class_list":["post-90249","post","type-post","status-publish","format-standard","has-post-thumbnail","hentry","category-rally","tag-arabia-saudita","tag-calendario-dakar","tag-calendario-rali-dakar","tag-classificacao-dakar","tag-classificacao-rali-dakar","tag-dakar","tag-dakar-2024","tag-grande-premio","tag-grandepremio","tag-horarios-dakar","tag-kevin-benavides","tag-luciano-benavides","tag-motos","tag-onde-assistir-dakar","tag-rali-dakar","tag-rali-dakar-2024","tag-ricky-brabec","tag-ross-branch","tag-temporada-2024","42wp_author-pedro-luis-cuenca"],"_links":{"self":[{"href":"https:\/\/grandepremio.com\/br\/wp-json\/wp\/v2\/posts\/90249","targetHints":{"allow":["GET"]}}],"collection":[{"href":"https:\/\/grandepremio.com\/br\/wp-json\/wp\/v2\/posts"}],"about":[{"href":"https:\/\/grandepremio.com\/br\/wp-json\/wp\/v2\/types\/post"}],"replies":[{"embeddable":true,"href":"https:\/\/grandepremio.com\/br\/wp-json\/wp\/v2\/comments?post=90249"}],"version-history":[{"count":0,"href":"https:\/\/grandepremio.com\/br\/wp-json\/wp\/v2\/posts\/90249\/revisions"}],"wp:featuredmedia":[{"embeddable":true,"href":"https:\/\/grandepremio.com\/br\/wp-json\/wp\/v2\/media\/1000769910"}],"wp:attachment":[{"href":"https:\/\/grandepremio.com\/br\/wp-json\/wp\/v2\/media?parent=90249"}],"wp:term":[{"taxonomy":"category","embeddable":true,"href":"https:\/\/grandepremio.com\/br\/wp-json\/wp\/v2\/categories?post=90249"},{"taxonomy":"post_tag","embeddable":true,"href":"https:\/\/grandepremio.com\/br\/wp-json\/wp\/v2\/tags?post=90249"},{"taxonomy":"42wp_author","embeddable":true,"href":"https:\/\/grandepremio.com\/br\/wp-json\/wp\/v2\/42wp_author?post=90249"}],"curies":[{"name":"wp","href":"https:\/\/api.w.org\/{rel}","templated":true}]}}