{"id":90365,"date":"2024-01-13T20:31:56","date_gmt":"2024-01-13T23:31:56","guid":{"rendered":"https:\/\/grandepremio.com\/br\/noticias\/antonio-felix-da-costa-punido-toque-nico-muller-perde-tres-posicoes-grid-diriyah\/"},"modified":"2024-01-13T20:32:07","modified_gmt":"2024-01-13T23:32:07","slug":"antonio-felix-da-costa-punido-toque-nico-muller-perde-tres-posicoes-grid-diriyah","status":"publish","type":"post","link":"https:\/\/grandepremio.com\/br\/formula-e\/antonio-felix-da-costa-punido-toque-nico-muller-perde-tres-posicoes-grid-diriyah\/","title":{"rendered":"Da Costa \u00e9 punido por toque em M\u00fcller e perde tr\u00eas posi\u00e7\u00f5es no grid em Diriyah"},"content":{"rendered":"\n<p class=\"wp-block-paragraph\"><strong>Ant\u00f3nio F\u00e9lix da Costa <\/strong>come\u00e7ou a temporada de 2024 da <strong>F\u00f3rmula E <\/strong>com o p\u00e9 esquerdo. Enquanto seu companheiro lidera o campeonato, o piloto da <strong>Porsche<\/strong> recebeu uma puni\u00e7\u00e3o ap\u00f3s um toque com <strong>Nico M\u00fcller<\/strong> durante o <strong>eP da Cidade do M\u00e9xico <\/strong>e vai perder tr\u00eas posi\u00e7\u00f5es na pr\u00f3xima corrida, em Diriyah, na Ar\u00e1bia Saudita.<\/p>\n\n\n\n<p class=\"wp-block-paragraph\">A batida aconteceu ainda no in\u00edcio da corrida, na terceira volta. O portugu\u00eas tentou uma manobra ousada para cima de M\u00fcller na curva 3, que fechou a porta. <a href=\"https:\/\/www.grandepremio.com\/br\/video\/formula-e\/antonio-felix-da-costa-leva-pior-enrosco-nico-muller-abandona-ep-cidade-do-mexico\/\" class=\"ek-link\">Os dois se tocaram e Da Costa levou a pior<\/a>, tendo que abandonar a prova.<\/p>\n\n\n\n<p class=\"wp-block-paragraph\"><strong>\u25b6\ufe0f\u00a0<a href=\"https:\/\/www.twitch.tv\/grandepremio\" target=\"_blank\" rel=\"noreferrer noopener\">Conhe\u00e7a o canal do GRANDE PR\u00caMIO na Twitch clicando aqui!<\/a><\/strong><br><strong>\u25b6\ufe0f\u00a0Inscreva-se nos dois canais do GRANDE PR\u00caMIO no YouTube:\u00a0<a href=\"https:\/\/www.youtube.com\/channel\/UC9OlHEgxoaY6QY6nWPoiqQg?sub_confirmation=1\" target=\"_blank\" rel=\"noreferrer noopener\">GP<\/a>\u00a0|\u00a0<a href=\"https:\/\/www.youtube.com\/channel\/UC9csiS6q_C3C0FYhyr1rnFA?sub_confirmation=1\" target=\"_blank\" rel=\"noreferrer noopener\">GP2<\/a><\/strong><\/p>\n\n\n\n<figure class=\"wp-block-image size-large\"><img decoding=\"async\" src=\"https:\/\/www.grandepremio.com\/br\/wp-content\/uploads\/2024\/01\/FES10T01_110040SB2_2124-2048x2048-1-1024x683.jpg\" alt=\"\" class=\"wp-image-769110\"\/><figcaption class=\"wp-element-caption\">Ant\u00f3nio F\u00e9lix da Costa vai para o segundo ano de Porsche (Foto: F\u00f3rmula E)<\/figcaption><\/figure>\n\n\n\n<p class=\"wp-block-paragraph\">A dire\u00e7\u00e3o de prova considerou o portugu\u00eas como culpado pelo toque, afirmando que o piloto da Porsche  decidiu tentar a ultrapassagem tarde demais, causando o contato entre os dois.<\/p>\n\n\n\n<p class=\"wp-block-paragraph\">O\u00a0<strong>GRANDE PR\u00caMIO<\/strong>, emissora oficial da categoria no Brasil, mostra todas as atividades\u00a0<strong>AO VIVO e COM IMAGENS<\/strong>\u00a0no\u00a0<a href=\"https:\/\/www.youtube.com\/c\/GrandePremioTV\" target=\"_blank\" rel=\"noreferrer noopener\">YouTube<\/a>\u00a0e no\u00a0<a href=\"https:\/\/m.kwai.com\/user\/@grandepremio\" target=\"_blank\" rel=\"noreferrer noopener\">Kwai<\/a>. A F\u00f3rmula E volta nos dias 26 e 27 de janeiro, com a rodada dupla em\u00a0<a href=\"https:\/\/www.grandepremio.com\/br\/circuito\/diriyah\/\" target=\"_blank\" rel=\"noreferrer noopener\">Diriyah<\/a>.<\/p>\n","protected":false},"excerpt":{"rendered":"<p>Ant\u00f3nio F\u00e9lix da Costa vai perder tr\u00eas posi\u00e7\u00f5es no grid do eP 1 de Diriyah. O portugu\u00eas foi punido pelo toque em Nico M\u00fcller durante o eP da Cidade do M\u00e9xico<\/p>\n","protected":false},"author":0,"featured_media":1000769456,"comment_status":"closed","ping_status":"closed","sticky":false,"template":"","format":"standard","meta":{"42wp_featured_image_caption":"","42wp_featured_image_credits":"","42wp_featured_video":"","42wp_featured_image_hidden":false,"42wp_authors_list":[],"footnotes":""},"categories":[19],"tags":[10187,487,25774,30836,36881,35967,34647,34649,34648,35905,1505,35904,1491,33855,34646,28285,2349,736],"42wp_author":[47144],"class_list":["post-90365","post","type-post","status-publish","format-standard","has-post-thumbnail","hentry","category-formula-e","tag-abt","tag-acidente","tag-antonio-felix-da-costa","tag-ep-da-cidade-do-mexico","tag-fe-2024","tag-formula-e-2024","tag-formula-e-ao-vivo","tag-formula-e-ao-vivo-e-com-imagens","tag-formula-e-com-imagens","tag-formula-e-londres","tag-gp-da-inglaterra","tag-gp-de-londres","tag-grande-premio","tag-grande-premio-fe","tag-grande-premio-transmite-formula-e","tag-grandepremio","tag-nico-muller","tag-porsche","42wp_author-andre-netto"],"_links":{"self":[{"href":"https:\/\/grandepremio.com\/br\/wp-json\/wp\/v2\/posts\/90365","targetHints":{"allow":["GET"]}}],"collection":[{"href":"https:\/\/grandepremio.com\/br\/wp-json\/wp\/v2\/posts"}],"about":[{"href":"https:\/\/grandepremio.com\/br\/wp-json\/wp\/v2\/types\/post"}],"replies":[{"embeddable":true,"href":"https:\/\/grandepremio.com\/br\/wp-json\/wp\/v2\/comments?post=90365"}],"version-history":[{"count":0,"href":"https:\/\/grandepremio.com\/br\/wp-json\/wp\/v2\/posts\/90365\/revisions"}],"wp:featuredmedia":[{"embeddable":true,"href":"https:\/\/grandepremio.com\/br\/wp-json\/wp\/v2\/media\/1000769456"}],"wp:attachment":[{"href":"https:\/\/grandepremio.com\/br\/wp-json\/wp\/v2\/media?parent=90365"}],"wp:term":[{"taxonomy":"category","embeddable":true,"href":"https:\/\/grandepremio.com\/br\/wp-json\/wp\/v2\/categories?post=90365"},{"taxonomy":"post_tag","embeddable":true,"href":"https:\/\/grandepremio.com\/br\/wp-json\/wp\/v2\/tags?post=90365"},{"taxonomy":"42wp_author","embeddable":true,"href":"https:\/\/grandepremio.com\/br\/wp-json\/wp\/v2\/42wp_author?post=90365"}],"curies":[{"name":"wp","href":"https:\/\/api.w.org\/{rel}","templated":true}]}}