{"id":90371,"date":"2024-01-13T19:01:56","date_gmt":"2024-01-13T22:01:56","guid":{"rendered":"https:\/\/grandepremio.com\/br\/noticias\/lucas-di-grassi-revela-problema-freios-lamenta-abandono-mexico-nao-foi-nosso-dia\/"},"modified":"2024-01-13T19:03:19","modified_gmt":"2024-01-13T22:03:19","slug":"lucas-di-grassi-revela-problema-freios-lamenta-abandono-mexico-nao-foi-nosso-dia","status":"publish","type":"post","link":"https:\/\/grandepremio.com\/br\/formula-e\/lucas-di-grassi-revela-problema-freios-lamenta-abandono-mexico-nao-foi-nosso-dia\/","title":{"rendered":"Di Grassi revela problema nos freios e lamenta abandono no M\u00e9xico: &#8220;N\u00e3o foi nosso dia&#8221;"},"content":{"rendered":"\n<p class=\"wp-block-paragraph\">O retorno de <strong>Lucas di Grassi<\/strong> \u00e0 <strong>ABT<\/strong> n\u00e3o teve o desfecho esperado por ambos. Na abertura da d\u00e9cima temporada da <strong>F\u00f3rmula E<\/strong> neste s\u00e1bado (13) no <strong>eP da Cidade do M\u00e9xico<\/strong>, o brasileiro acabou abandonando ap\u00f3s bater logo na primeira volta. Lucas voltou aos boxes, mas n\u00e3o conseguiu voltar para a prova na Cidade do M\u00e9xico. <a href=\"https:\/\/www.grandepremio.com\/br\/video\/formula-e\/lucas-di-grassi-perde-controle-chicane-bate-causa-bandeira-amarela-classificacao-mexico\/\" class=\"ek-link\">Ele tamb\u00e9m j\u00e1 havia batido durante a classifica\u00e7\u00e3o<\/a>.<\/p>\n\n\n\n<p class=\"wp-block-paragraph\">Nas suas redes sociais, Di Grassi agradeceu ao apoio dos milhares de torcedos que estiveram presentes  no Aut\u00f3dromo Hermanos Rodr\u00edguez. Ele aproveitou para explicar que um problema no sistema de freios foi o respons\u00e1vel pela batida e, consequentemente, pelo abandono da primeira etapa da temporada.<\/p>\n\n\n\n<p class=\"wp-block-paragraph\">&#8220;Tivemos que abandonar a prova por conta de um problema com o sistema de freios que tivemos desde o in\u00edcio da corrida. Tentamos consertar e voltar, mas isso n\u00e3o foi poss\u00edvel. Hoje n\u00e3o foi nosso dia aqui, mas a paix\u00e3o dos f\u00e3s compensa tudo&#8221;, disse Lucas.<\/p>\n\n\n\n<p class=\"wp-block-paragraph\"><strong>\u25b6\ufe0f\u00a0<a href=\"https:\/\/www.twitch.tv\/grandepremio\" target=\"_blank\" rel=\"noreferrer noopener\">Conhe\u00e7a o canal do GRANDE PR\u00caMIO na Twitch clicando aqui!<\/a><\/strong><br><strong>\u25b6\ufe0f\u00a0Inscreva-se nos dois canais do GRANDE PR\u00caMIO no YouTube:\u00a0<a href=\"https:\/\/www.youtube.com\/channel\/UC9OlHEgxoaY6QY6nWPoiqQg?sub_confirmation=1\" target=\"_blank\" rel=\"noreferrer noopener\">GP<\/a>\u00a0|\u00a0<a href=\"https:\/\/www.youtube.com\/channel\/UC9csiS6q_C3C0FYhyr1rnFA?sub_confirmation=1\" target=\"_blank\" rel=\"noreferrer noopener\">GP2<\/a><\/strong><\/p>\n\n\n\n<figure class=\"wp-block-image size-full\"><img decoding=\"async\" src=\"https:\/\/www.grandepremio.com\/br\/wp-content\/uploads\/2023\/10\/GPF2-1.jpg\" alt=\"\" class=\"wp-image-745634\"\/><figcaption class=\"wp-element-caption\">Di Grassi est\u00e1 de volta \u00e0 ABT para 2024 (Foto: LAT\/F\u00f3rmula E)<\/figcaption><\/figure>\n\n\n\n<p class=\"wp-block-paragraph\">&#8220;Agrade\u00e7o bastante a todo o apoio e vamos voltar mais fortes na pr\u00f3xima. At\u00e9 o fim com a ABT&#8221;, concluiu o piloto brasileiro.<\/p>\n\n\n\n<p class=\"wp-block-paragraph\">Depois de um ano complicado com a <strong>Mahindra<\/strong>, Di Grassi voltou ao time alem\u00e3o com o qual disputou oito temporadas na F\u00f3rmula E. <a href=\"https:\/\/www.grandepremio.com\/br\/formula-e\/noticias\/abt-mahindra-confirmam-rescisao-contrato-temporada-2025-formula-e\/\" class=\"ek-link\">A parceria com a montadora indiana e a ABT-Cupra inclusive foi quebrada<\/a>, e o brasileiro pode ter um carro melhor em 2025.<\/p>\n\n\n\n<p class=\"wp-block-paragraph\">O\u00a0<strong>GRANDE PR\u00caMIO<\/strong> \u00e9 emissora oficial da F\u00f3rmula E no Brasil e mostra todas as atividades\u00a0<strong>AO VIVO e COM IMAGENS<\/strong>\u00a0no\u00a0<a href=\"https:\/\/www.youtube.com\/c\/GrandePremioTV\" target=\"_blank\" rel=\"noreferrer noopener\">YouTube<\/a>\u00a0e no\u00a0<a href=\"https:\/\/m.kwai.com\/user\/@grandepremio\" target=\"_blank\" rel=\"noreferrer noopener\">Kwai<\/a>. A categoria volta agora nos dias 26 e 27 de janeiro, com a rodada dupla em\u00a0<a href=\"https:\/\/www.grandepremio.com\/br\/circuito\/diriyah\/\" target=\"_blank\" rel=\"noreferrer noopener\">Diriyah<\/a>.<\/p>\n","protected":false},"excerpt":{"rendered":"<p>Lucas di Grassi acabou batendo por conta de problemas nos freios e n\u00e3o completou o eP da Cidade do M\u00e9xico, que abriu a temporada de 2024 da F\u00f3rmula E<\/p>\n","protected":false},"author":0,"featured_media":1000769374,"comment_status":"closed","ping_status":"closed","sticky":false,"template":"","format":"standard","meta":{"42wp_featured_image_caption":"","42wp_featured_image_credits":"","42wp_featured_video":"","42wp_featured_image_hidden":false,"42wp_authors_list":[],"footnotes":""},"categories":[19],"tags":[30836,36881,35967,34647,34649,34648,35905,1505,35904,1491,33855,34646,28285,966,1172],"42wp_author":[47144],"class_list":["post-90371","post","type-post","status-publish","format-standard","has-post-thumbnail","hentry","category-formula-e","tag-ep-da-cidade-do-mexico","tag-fe-2024","tag-formula-e-2024","tag-formula-e-ao-vivo","tag-formula-e-ao-vivo-e-com-imagens","tag-formula-e-com-imagens","tag-formula-e-londres","tag-gp-da-inglaterra","tag-gp-de-londres","tag-grande-premio","tag-grande-premio-fe","tag-grande-premio-transmite-formula-e","tag-grandepremio","tag-lucas-di-grassi","tag-mahindra","42wp_author-andre-netto"],"_links":{"self":[{"href":"https:\/\/grandepremio.com\/br\/wp-json\/wp\/v2\/posts\/90371","targetHints":{"allow":["GET"]}}],"collection":[{"href":"https:\/\/grandepremio.com\/br\/wp-json\/wp\/v2\/posts"}],"about":[{"href":"https:\/\/grandepremio.com\/br\/wp-json\/wp\/v2\/types\/post"}],"replies":[{"embeddable":true,"href":"https:\/\/grandepremio.com\/br\/wp-json\/wp\/v2\/comments?post=90371"}],"version-history":[{"count":0,"href":"https:\/\/grandepremio.com\/br\/wp-json\/wp\/v2\/posts\/90371\/revisions"}],"wp:featuredmedia":[{"embeddable":true,"href":"https:\/\/grandepremio.com\/br\/wp-json\/wp\/v2\/media\/1000769374"}],"wp:attachment":[{"href":"https:\/\/grandepremio.com\/br\/wp-json\/wp\/v2\/media?parent=90371"}],"wp:term":[{"taxonomy":"category","embeddable":true,"href":"https:\/\/grandepremio.com\/br\/wp-json\/wp\/v2\/categories?post=90371"},{"taxonomy":"post_tag","embeddable":true,"href":"https:\/\/grandepremio.com\/br\/wp-json\/wp\/v2\/tags?post=90371"},{"taxonomy":"42wp_author","embeddable":true,"href":"https:\/\/grandepremio.com\/br\/wp-json\/wp\/v2\/42wp_author?post=90371"}],"curies":[{"name":"wp","href":"https:\/\/api.w.org\/{rel}","templated":true}]}}