{"id":90379,"date":"2024-01-13T14:09:46","date_gmt":"2024-01-13T17:09:46","guid":{"rendered":"https:\/\/grandepremio.com\/br\/noticias\/pascal-wehrlein-quebra-jejum-supera-sebastien-buemi-anota-pole-ep-cidade-mexico\/"},"modified":"2024-01-13T14:27:22","modified_gmt":"2024-01-13T17:27:22","slug":"pascal-wehrlein-quebra-jejum-supera-sebastien-buemi-anota-pole-ep-cidade-mexico","status":"publish","type":"post","link":"https:\/\/grandepremio.com\/br\/formula-e\/pascal-wehrlein-quebra-jejum-supera-sebastien-buemi-anota-pole-ep-cidade-mexico\/","title":{"rendered":"Wehrlein quebra jejum, supera Buemi e anota pole para eP da Cidade do M\u00e9xico"},"content":{"rendered":"\n<figure class=\"wp-block-embed is-type-video is-provider-youtube wp-block-embed-youtube wp-embed-aspect-16-9 wp-has-aspect-ratio\"><div class=\"wp-block-embed__wrapper\">\n<iframe loading=\"lazy\" title=\"F\u00d3RMULA E 2024 - eP da Cidade do M\u00e9xico | 1\u00aa etapa | Classifica\u00e7\u00e3o\" width=\"500\" height=\"281\" src=\"https:\/\/www.youtube.com\/embed\/DrY1KYJsGeM?feature=oembed\" frameborder=\"0\" allow=\"accelerometer; autoplay; clipboard-write; encrypted-media; gyroscope; picture-in-picture; web-share\" referrerpolicy=\"strict-origin-when-cross-origin\" allowfullscreen><\/iframe>\n<\/div><\/figure>\n\n\n\n<p class=\"wp-block-paragraph\"><strong>Pascal Wehrlein<\/strong> relembrou ao mundo que \u00e9 um verdadeiro especialista no circuito do <strong>eP da Cidade do M\u00e9xico<\/strong> e garantiu sua terceira pole-position no circuito ao bater <strong>S\u00e9bastien Buemi<\/strong>. Tr\u00eas das quatro poles do alem\u00e3o na categoria vieram justamente no M\u00e9xico, a \u00faltima delas em 2022, justamente 30 corridas atr\u00e1s, quebrando o segundo maior jejum da <strong>F\u00f3rmula E.<\/strong><\/p>\n\n\n\n<p class=\"wp-block-paragraph\"><strong>Mitch Evans<\/strong> e <strong>Nick Cassidy<\/strong> foram os eliminados nas semifinais, <a href=\"https:\/\/www.grandepremio.com\/br\/formula-e\/noticias\/fia-pune-mitch-evans-nick-cassidy-stoffel-vandoorne-grid-formula-e-mexico\/\" class=\"ek-link\">mas perdem uma posi\u00e7\u00e3o por conta de puni\u00e7\u00e3o<\/a> e assim <strong>Maximiliam G\u00fcnther<\/strong> largar\u00e1 em terceiro. Os brasileiros <strong>Sergio Sette C\u00e2mara<\/strong> e <strong>Lucas di Grassi<\/strong> tiveram uma tarde apagada e partem apenas em 18\u00ba e 19\u00ba.<\/p>\n\n\n\n<p class=\"wp-block-paragraph\">Apesar de n\u00e3o conseguir a primeira coloca\u00e7\u00e3o, a classifica\u00e7\u00e3o <strong>no M\u00e9xico<\/strong> deixou bem claro: a <strong>Jaguar<\/strong> e sua equipe cliente, a <strong>Envision<\/strong>, ainda s\u00e3o as principais for\u00e7as da categoria no momento. Com tr\u00eas carros entre os quatro mais r\u00e1pidos, as duas equipes devem ser as protagonistas da corrida junto da <strong>Porsche<\/strong>, <a href=\"https:\/\/www.grandepremio.com\/br\/formula-e\/noticias\/antonio-felix-da-costa-porsche-focou-90-pre-temporada-consertar-classificacao\/\" class=\"ek-link\">que parece ter trabalhado bem para corrigir o problema de ritmo de classifica\u00e7\u00e3o<\/a>.<\/p>\n\n\n\n<p class=\"wp-block-paragraph\">O <strong>eP da Cidade do M\u00e9xico<\/strong>&nbsp;est\u00e1 marcado para \u00e0s&nbsp;<strong>17h<\/strong>, <a href=\"https:\/\/youtu.be\/XBQOog9QugI\" class=\"ek-link\">com transmiss\u00e3o iniciando \u00e0s 16h30<\/a> pelo&nbsp;<strong>GRANDE PR\u00caMIO<\/strong>, emissora oficial da&nbsp;<strong><a href=\"https:\/\/www.grandepremio.com\/br\/formula-e\/\" target=\"_blank\" rel=\"noreferrer noopener\">F\u00f3rmula E<\/a><\/strong>&nbsp;no Brasil, que transmite todas as atividades de pista&nbsp;<strong>AO VIVO e COM IMAGENS<\/strong>&nbsp;no&nbsp;<strong><a href=\"https:\/\/www.youtube.com\/c\/GrandePremioTV\" target=\"_blank\" rel=\"noreferrer noopener\">YouTube<\/a><\/strong>&nbsp;e no&nbsp;<strong><a href=\"https:\/\/m.kwai.com\/user\/@grandepremio\" target=\"_blank\" rel=\"noreferrer noopener\">Kwai<\/a><\/strong>.<\/p>\n\n\n\n<h2 class=\"wp-block-heading\" id=\"h-saiba-como-foi-a-classificacao-do-ep-da-cidade-do-mexico\">Saiba como foi a classifica\u00e7\u00e3o do eP da Cidade do M\u00e9xico:<\/h2>\n\n\n\n<p class=\"wp-block-paragraph\"><strong>Grupo A<\/strong><\/p>\n\n\n\n<p class=\"wp-block-paragraph\">O primeiro grupo a ir para a pista no Aut\u00f3dromo Hermanos Rodr\u00edguez contou com <strong>Stoffel Vandoorne<\/strong>, <strong>Robin Frijns<\/strong>, Sam Bird, <strong>Lucas di Grassi<\/strong>, Norman Nato, Jehan Daruvala, Sacha Fenestraz, Dan Ticktum, <strong>Nick Cassidy<\/strong>, Edoardo Mortara e <strong>Pascal Wehrlein<\/strong>.<\/p>\n\n\n\n<p class=\"wp-block-paragraph\">Vandoorne foi o primeiro a marcar sua volta r\u00e1pida, mas rapidamente foi superado pelos rivais. Com as primeiras voltas anotadas, Sam Bird liderava com sua <strong>McLaren<\/strong> com a marca de 1min14s242, seguido por Wehrlein, Cassidy e Nato, que chegou a dar um leve toque no muro na entrada do est\u00e1dio. Com quatro minutos restantes, Wehrlein pulou para a ponta com o tempo de 1min14s208.<\/p>\n\n\n\n<p class=\"wp-block-paragraph\">A dois minutos do fim, os tempos come\u00e7aram a despencar. Vandoorne assumiu a lideran\u00e7a apenas para ser superado logo em seguida por Frijns. Nato assumiu o terceiro posto, seguido por Bird.<\/p>\n\n\n\n<p class=\"wp-block-paragraph\"><strong>\u25b6\ufe0f&nbsp;Inscreva-se nos dois canais do GRANDE PR\u00caMIO no YouTube:&nbsp;<a href=\"https:\/\/www.youtube.com\/channel\/UC9OlHEgxoaY6QY6nWPoiqQg?sub_confirmation=1\" target=\"_blank\" rel=\"noreferrer noopener\">GP<\/a>&nbsp;|&nbsp;<a href=\"https:\/\/www.youtube.com\/channel\/UC9csiS6q_C3C0FYhyr1rnFA?sub_confirmation=1\" target=\"_blank\" rel=\"noreferrer noopener\">GP2<\/a><\/strong><br><strong>\u25b6\ufe0f&nbsp;<a href=\"https:\/\/www.twitch.tv\/grandepremio\" target=\"_blank\" rel=\"noreferrer noopener\">Conhe\u00e7a o canal do GRANDE PR\u00caMIO na Twitch clicando aqui!<\/a><\/strong><\/p>\n\n\n\n<figure class=\"wp-block-image size-full\"><img decoding=\"async\" src=\"https:\/\/www.grandepremio.com\/br\/wp-content\/uploads\/2024\/01\/GDu_eJEWAAAeN2J.jpeg\" alt=\"\" class=\"wp-image-769323\"\/><figcaption class=\"wp-element-caption\">Stoffel Vandoorne vai largar em 8\u00ba (Foto: DS Penske)<\/figcaption><\/figure>\n\n\n\n<p class=\"wp-block-paragraph\">Na bandeirada, Frijns melhorou ainda mais e fechou na primeira posi\u00e7\u00e3o com o tempo de 1min13s807. Vandoorne foi o segundo, seguido por Cassidy e Wehrlein, que melhoraram seus tempos na \u00faltima tentativa e garantiram classifica\u00e7\u00e3o para o mata-mata.<\/p>\n\n\n\n<p class=\"wp-block-paragraph\">O brasileiro <strong>Lucas di Grassi<\/strong> acabou batendo no muro em sua \u00faltima tentativa e fechou apenas em 10\u00ba no seu grupo. <\/p>\n\n\n\n<p class=\"wp-block-paragraph\"><strong>Grupo B<\/strong><\/p>\n\n\n\n<p class=\"wp-block-paragraph\">No segundo grupo, duelaram <strong>Jake Dennis<\/strong>, <strong>Sergio Sette C\u00e2mara<\/strong>, <strong>Jake Hughes<\/strong>, <strong>Maximiliam G\u00fcnther<\/strong>, <strong>Mitch Evans<\/strong>, Ant\u00f3nio F\u00e9lix da Costa, <strong>S\u00e9bastien Buemi<\/strong>, Nyck de Vries, Jean-\u00c9ric Vergne, Oliver Rowland e Nico M\u00fcller.<\/p>\n\n\n\n<p class=\"wp-block-paragraph\">Assim como na primeira sess\u00e3o, a <strong>DS Penske<\/strong> foi a primeira a anotar sua volta r\u00e1pida, desta vez com Vergne. O franc\u00eas rapidamente foi superado por seus concorrentes. Sette C\u00e2mara chegou a assumir brevemente a lideran\u00e7a, mas foi superado pelos favoritos Jake Dennis e Mitch Evans, com Jake Hughes completando os quatro primeiros na metade da sess\u00e3o.<\/p>\n\n\n\n<figure class=\"wp-block-image size-full\"><img decoding=\"async\" src=\"https:\/\/www.grandepremio.com\/br\/wp-content\/uploads\/2024\/01\/m23251_crop1001_600x600_proportional_1705108736B085.jpg\" alt=\"\" class=\"wp-image-769318\"\/><figcaption class=\"wp-element-caption\">Jake Dennis foi eliminado precocemente (Foto: F\u00f3rmula E)<\/figcaption><\/figure>\n\n\n\n<p class=\"wp-block-paragraph\">Com dois minutos restantes, o frenesi de sempre com todos em volta r\u00e1pida. G\u00fcnther pulou para a ponta, com a marca de 1min13s691, seguido por Hughes. Na bandeirada, Evans pulou para terceiro, mas foi logo superado por Buemi, com os dois garantindo vaga na disputa pela pole. <\/p>\n\n\n\n<p class=\"wp-block-paragraph\">O atual campe\u00e3o Jake Dennis acabou errando na \u00faltima volta e ficou apenas em s\u00e9timo. Sette C\u00e2mara fechou na nona posi\u00e7\u00e3o no grupo.<\/p>\n\n\n\n<h2 class=\"wp-block-heading\" id=\"h-quartas-de-final\">Quartas de final<\/h2>\n\n\n\n<p class=\"wp-block-paragraph\"><strong>Nick Cassidy (3\u00b0 A) x Stoffel Vandoorne (2\u00b0 A)<\/strong><\/p>\n\n\n\n<p class=\"wp-block-paragraph\">No primeiro duelo de 2024, melhor para Cassidy, que n\u00e3o teve dificuldades para bater Vandoorne com uma diferen\u00e7a de quase tr\u00eas d\u00e9cimos.<\/p>\n\n\n\n<p class=\"wp-block-paragraph\"><strong>Pascal Wehrlein (4\u00b0 A) x Robin Frijns (1\u00b0 A)<\/strong><\/p>\n\n\n\n<p class=\"wp-block-paragraph\">Na disputa entre Porsche e Envision, quem se deu bem foi Wehrlein, que aproveitou uma escapada de Frijns logo na primeira curva para fechar o duelo com uma diferen\u00e7a de mais de dois segundos.<\/p>\n\n\n\n<figure class=\"wp-block-image size-full\"><img decoding=\"async\" src=\"https:\/\/www.grandepremio.com\/br\/wp-content\/uploads\/2024\/01\/m23239_crop1001_600x600_proportional_17051065163499.jpg\" alt=\"\" class=\"wp-image-769319\"\/><figcaption class=\"wp-element-caption\">Mitch Evans durante a classifica\u00e7\u00e3o no M\u00e9xico (Foto: F\u00f3rmula E)<\/figcaption><\/figure>\n\n\n\n<p class=\"wp-block-paragraph\"><strong>S\u00e9bastien Buemi (3\u00b0 B) x Jake Hughes (2\u00b0 B)<\/strong><\/p>\n\n\n\n<p class=\"wp-block-paragraph\">No duelo mais emocionante das quartas de final, Buemi superou Hughes na \u00faltima curva ap\u00f3s um primeiro setor ruim e garantiu sua classifica\u00e7\u00e3o para as semifinais.<\/p>\n\n\n\n<p class=\"wp-block-paragraph\"><strong>Mitch Evans (4\u00b0 B) x Maximilian G\u00fcnther (1\u00b0 B)<\/strong><\/p>\n\n\n\n<p class=\"wp-block-paragraph\">Os duelos n\u00e3o foram favor\u00e1veis para os l\u00edderes da primeira parte da classifica\u00e7\u00e3o. Assim como Frijns, G\u00fcnther ficou pelo caminho ap\u00f3s Evans anotar o melhor tempo entre todos os pilotos, com 1min13s103.<\/p>\n\n\n\n<h2 class=\"wp-block-heading\" id=\"h-semifinal\">Semifinal<\/h2>\n\n\n\n<p class=\"wp-block-paragraph\"><strong>Nick Cassidy x Pascal Wehrlein<\/strong><\/p>\n\n\n\n<p class=\"wp-block-paragraph\">Em um duelo muito parelho, Wehrlein foi mais r\u00e1pido no setor do meio e superou Cassidy para avan\u00e7ar para a grande final.<\/p>\n\n\n\n<p class=\"wp-block-paragraph\"><strong>S\u00e9bastien Buemi x Mitch Evans<\/strong><\/p>\n\n\n\n<p class=\"wp-block-paragraph\">Na disputa interna da Jaguar com a Envision, melhor para o veterano Buemi, que voou e anotou a marca de 1min13s241 e partiu em busca de sua 17\u00aa pole-position.<\/p>\n\n\n\n<figure class=\"wp-block-image size-full\"><img decoding=\"async\" src=\"https:\/\/www.grandepremio.com\/br\/wp-content\/uploads\/2024\/01\/GDvC6liWYAAWOUC.jpeg\" alt=\"\" class=\"wp-image-769322\"\/><figcaption class=\"wp-element-caption\">Sebastien Buemi esteve perto da 17\u00aa pole na F\u00f3rmula E (Foto: Envision)<\/figcaption><\/figure>\n\n\n\n<h2 class=\"wp-block-heading\" id=\"h-final\">Final<\/h2>\n\n\n\n<p class=\"wp-block-paragraph\"><strong>Pascal Wehrlein x S\u00e9bastien Buemi<\/strong><\/p>\n\n\n\n<p class=\"wp-block-paragraph\">A disputa pela primeira posi\u00e7\u00e3o ficou entre um especialista no circuito e o recordista de poles na hist\u00f3ria da categoria. Mas o duelo foi bem menos parelho do que o esperado: Wehrlein sobrou e, com a marca de 1min13s298, garantiu sua primeira pole em dois anos.<\/p>\n\n\n\n<p class=\"wp-block-paragraph\"><em><strong>F\u00f3rmula E 2024, eP da Cidade do M\u00e9xico, Etapa 1, Grid de Largada:<\/strong><\/em><\/p>\n\n\n\n<figure class=\"wp-block-table\"><table><tbody><tr><td>Pos.<\/td><td>Piloto<\/td><td>Equipe<\/td><td>Tempo<\/td><td>Punido<\/td><\/tr><tr><td>1<\/td><td>P WEHRLEIN<\/td><td>Porsche<\/td><td>1:13,298<\/td><td>&nbsp;<\/td><\/tr><tr><td>2<\/td><td>S BUEMI<\/td><td>Envision<\/td><td>1:13,549<\/td><td>&nbsp;<\/td><\/tr><tr><td>3<\/td><td>M G\u00dcNTHER<\/td><td>Maserati<\/td><td>1:13,505<\/td><td>&nbsp;<\/td><\/tr><tr><td>4<\/td><td>N CASSIDY<\/td><td>Jaguar<\/td><td>1:13,500<\/td><td>P + 1<\/td><\/tr><tr><td>5<\/td><td>M EVANS<\/td><td>Jaguar<\/td><td>1:13,581<\/td><td>P + 1<\/td><\/tr><tr><td>6<\/td><td>J HUGHES<\/td><td>McLaren<\/td><td>1:13,617<\/td><td>&nbsp;<\/td><\/tr><tr><td>7<\/td><td>R FRIJNS<\/td><td>Envision<\/td><td>1:15,836<\/td><td>&nbsp;<\/td><\/tr><tr><td>8<\/td><td>S VANDOORNE<\/td><td>DS Penske<\/td><td>1:14,088<\/td><td>P + 1<\/td><\/tr><tr><td>9<\/td><td>S FENESTRAZ<\/td><td>Nissan<\/td><td>1:13,995<\/td><td>&nbsp;<\/td><\/tr><tr><td>10<\/td><td>J.E VERGNE<\/td><td>DS Penske<\/td><td>1:13,821<\/td><td>&nbsp;<\/td><\/tr><tr><td>11<\/td><td>S BIRD<\/td><td>McLaren<\/td><td>1:14,017<\/td><td>&nbsp;<\/td><\/tr><tr><td>12<\/td><td>N M\u00dcLLER<\/td><td>Abt Cupra<\/td><td>1:13,898<\/td><td>&nbsp;<\/td><\/tr><tr><td>13<\/td><td>N NATO<\/td><td>Andretti<\/td><td>1:14,144<\/td><td>&nbsp;<\/td><\/tr><tr><td>14<\/td><td>J DENNIS<\/td><td>Andretti<\/td><td>1:13,926<\/td><td>&nbsp;<\/td><\/tr><tr><td>15<\/td><td>E MORTARA<\/td><td>Mahindra<\/td><td>1:14,341<\/td><td>&nbsp;<\/td><\/tr><tr><td>16<\/td><td>A.F DA COSTA<\/td><td>Porsche<\/td><td>1:13,982<\/td><td>&nbsp;<\/td><\/tr><tr><td>17<\/td><td>J DARUVALA<\/td><td>Maserati<\/td><td>1:14,469<\/td><td>&nbsp;<\/td><\/tr><tr><td>18<\/td><td>S. SETTE C\u00c2MARA<\/td><td>ERT<\/td><td>1:14,012<\/td><td>&nbsp;<\/td><\/tr><tr><td>19<\/td><td>L DI GRASSI<\/td><td>Abt Cupra<\/td><td>1:15,017<\/td><td>&nbsp;<\/td><\/tr><tr><td>20<\/td><td>O ROWLAND<\/td><td>Nissan<\/td><td>1:14,269<\/td><td>&nbsp;<\/td><\/tr><tr><td>21<\/td><td>D TICKTUM<\/td><td>ERT<\/td><td>1:15,125<\/td><td>&nbsp;<\/td><\/tr><tr><td>22<\/td><td>N DE VRIES<\/td><td>Mahindra<\/td><td>1:14,585<\/td><td>&nbsp;<\/td><\/tr><\/tbody><\/table><\/figure>\n","protected":false},"excerpt":{"rendered":"<p>Pascal Wehrlein quebrou um jejum de 30 corridas sem largar na pole-position, superou S\u00e9bastien buemi e vai largar na frente no eP da Cidade do M\u00e9xico<\/p>\n","protected":false},"author":0,"featured_media":1000769344,"comment_status":"closed","ping_status":"closed","sticky":false,"template":"","format":"standard","meta":{"42wp_featured_image_caption":"","42wp_featured_image_credits":"","42wp_featured_video":"","42wp_featured_image_hidden":false,"42wp_authors_list":[],"footnotes":""},"categories":[19],"tags":[10437,30836,36881,35967,34647,34649,34648,35905,1505,35904,1491,33855,34646,28285,910,8870,912,909,2128,1194,736,876],"42wp_author":[47144],"class_list":["post-90379","post","type-post","status-publish","format-standard","has-post-thumbnail","hentry","category-formula-e","tag-envision","tag-ep-da-cidade-do-mexico","tag-fe-2024","tag-formula-e-2024","tag-formula-e-ao-vivo","tag-formula-e-ao-vivo-e-com-imagens","tag-formula-e-com-imagens","tag-formula-e-londres","tag-gp-da-inglaterra","tag-gp-de-londres","tag-grande-premio","tag-grande-premio-fe","tag-grande-premio-transmite-formula-e","tag-grandepremio","tag-jaguar","tag-maserati","tag-maximilian-gunther","tag-mitch-evans","tag-nick-cassidy","tag-pascal-wehrlein","tag-porsche","tag-sebastien-buemi","42wp_author-andre-netto"],"_links":{"self":[{"href":"https:\/\/grandepremio.com\/br\/wp-json\/wp\/v2\/posts\/90379","targetHints":{"allow":["GET"]}}],"collection":[{"href":"https:\/\/grandepremio.com\/br\/wp-json\/wp\/v2\/posts"}],"about":[{"href":"https:\/\/grandepremio.com\/br\/wp-json\/wp\/v2\/types\/post"}],"replies":[{"embeddable":true,"href":"https:\/\/grandepremio.com\/br\/wp-json\/wp\/v2\/comments?post=90379"}],"version-history":[{"count":0,"href":"https:\/\/grandepremio.com\/br\/wp-json\/wp\/v2\/posts\/90379\/revisions"}],"wp:featuredmedia":[{"embeddable":true,"href":"https:\/\/grandepremio.com\/br\/wp-json\/wp\/v2\/media\/1000769344"}],"wp:attachment":[{"href":"https:\/\/grandepremio.com\/br\/wp-json\/wp\/v2\/media?parent=90379"}],"wp:term":[{"taxonomy":"category","embeddable":true,"href":"https:\/\/grandepremio.com\/br\/wp-json\/wp\/v2\/categories?post=90379"},{"taxonomy":"post_tag","embeddable":true,"href":"https:\/\/grandepremio.com\/br\/wp-json\/wp\/v2\/tags?post=90379"},{"taxonomy":"42wp_author","embeddable":true,"href":"https:\/\/grandepremio.com\/br\/wp-json\/wp\/v2\/42wp_author?post=90379"}],"curies":[{"name":"wp","href":"https:\/\/api.w.org\/{rel}","templated":true}]}}