{"id":90407,"date":"2024-01-13T09:44:56","date_gmt":"2024-01-13T12:44:56","guid":{"rendered":"https:\/\/grandepremio.com\/br\/noticias\/guenther-steiner-quebra-silencio-diz-demissao-haas-doeu-por-nao-dizer-adeus\/"},"modified":"2024-01-13T11:36:19","modified_gmt":"2024-01-13T14:36:19","slug":"guenther-steiner-quebra-silencio-diz-demissao-haas-doeu-por-nao-dizer-adeus","status":"publish","type":"post","link":"https:\/\/grandepremio.com\/br\/f1\/guenther-steiner-quebra-silencio-diz-demissao-haas-doeu-por-nao-dizer-adeus\/","title":{"rendered":"Steiner quebra sil\u00eancio e diz que demiss\u00e3o da Haas &#8220;doeu por n\u00e3o poder dizer adeus&#8221;"},"content":{"rendered":"\n<p class=\"wp-block-paragraph\">Depois de ser anunciado oficialmente, na \u00faltima quarta-feira (10), que <a href=\"https:\/\/www.grandepremio.com\/br\/f1\/noticias\/haas-muda-rumo-demite-guenther-steiner-apos-oito-temporadas-chefe-formula-1\/\" class=\"ek-link\">n\u00e3o seguiria como chefe da <strong>Haas <\/strong><\/a>na <strong>F\u00f3rmula 1<\/strong> em 2024, <strong>Guenther Steiner<\/strong> quebrou o sil\u00eancio e falou sobre o processo de demiss\u00e3o. De acordo com o ex-chefe, <strong>Gene Haas<\/strong>, dono da equipe, informou sobre a mudan\u00e7a nas opera\u00e7\u00f5es atrav\u00e9s de um telefonema que aconteceu entre o natal e o ano novo. Embora entenda o motivo da decis\u00e3o, o italiano lamentou n\u00e3o poder se despedir dos funcion\u00e1rios e agradecer pelos servi\u00e7os prestados.<\/p>\n\n\n\n<p class=\"wp-block-paragraph\">Steiner esteve no comando da Haas desde que a equipe estreou na F1 em 2016. Por\u00e9m, depois de algumas temporadas complicadas, principalmente em 2021 e 2023, em que foi a lanterna no <strong>Mundial de Construtores<\/strong>, Gene se viu obrigado a fazer altera\u00e7\u00f5es por se sentir \u201c<a href=\"https:\/\/www.grandepremio.com\/br\/f1\/noticias\/gene-haas-se-diz-envergonhado-explica-demissao-guenther-steiner-nao-tenho-interesse-ser-10o\/\">envergonhado\u201d com o desempenho.<\/a> Guenther contou que a not\u00edcia da demiss\u00e3o o pegou de surpresa.<\/p>\n\n\n\n<p class=\"wp-block-paragraph\">\u201cFoi um telefonema, ele [Gene] me ligou e disse que n\u00e3o queria renovar o contrato que terminava no final do ano. \u00c9 sempre uma surpresa, mas no final ele \u00e9 o dono da equipe e pode fazer o que quiser. A decis\u00e3o \u00e9 dele\u201d, disse o ex-chefe.<\/p>\n\n\n\n<p class=\"wp-block-paragraph\">\u201cNo momento, s\u00f3 quero relaxar um pouco. Foram anos dif\u00edceis e tenho muitas coisas para fazer. Tamb\u00e9m \u00e9 bom ficar com a fam\u00edlia, minha filha tem 14 anos e preciso de mais tempo com ela. Tentar administrar isso parece ser mais dif\u00edcil do que comandar uma equipe de F1, ent\u00e3o farei isso por alguns meses\u201d, contou Steiner.<\/p>\n\n\n\n<figure class=\"wp-block-image size-large\"><img decoding=\"async\" src=\"https:\/\/www.grandepremio.com\/br\/wp-content\/uploads\/2023\/11\/abu-dhabi-2023-f1-corrida-haas-nico-hulkenberg-03-1024x683.jpg\" alt=\"\" class=\"wp-image-759554\"\/><figcaption class=\"wp-element-caption\">A Haas foi a lanterna no Mundial de Construtores em 2023 (Foto: Haas F1 Team)<\/figcaption><\/figure>\n\n\n\n<p class=\"wp-block-paragraph\">Embora entenda a posi\u00e7\u00e3o decis\u00e3o de Gene, Guenther ficou magoado por n\u00e3o poder se despedir dos outros funcion\u00e1rios da forma adequada.<\/p>\n\n\n\n<p class=\"wp-block-paragraph\">\u201cN\u00e3o tive a oportunidade de agradecer a algumas pessoas quando deixei a Haas. Gostaria de agradecer a todos os membros da equipe de quem n\u00e3o pude me despedir de forma adequada quando sa\u00ed. Doeu n\u00e3o poder dizer adeus, mas todos eles me conhecem e sabem que agrade\u00e7o o que fizeram. Seria bom dizer \u2018pessoal, obrigado pelo que fizeram pela equipe'&#8221;, contou Steiner.<\/p>\n\n\n\n<p class=\"wp-block-paragraph\"><strong>\u25b6\ufe0f&nbsp;Inscreva-se nos dois canais do GRANDE PR\u00caMIO no YouTube:&nbsp;<a href=\"https:\/\/www.youtube.com\/channel\/UC9OlHEgxoaY6QY6nWPoiqQg?sub_confirmation=1\" target=\"_blank\" rel=\"noreferrer noopener\">GP<\/a>&nbsp;|&nbsp;<a href=\"https:\/\/www.youtube.com\/channel\/UC9csiS6q_C3C0FYhyr1rnFA?sub_confirmation=1\" target=\"_blank\" rel=\"noreferrer noopener\">GP2<\/a><\/strong><br><strong>\u25b6\ufe0f&nbsp;<a href=\"https:\/\/www.twitch.tv\/grandepremio\" target=\"_blank\" rel=\"noreferrer noopener\">Conhe\u00e7a o canal do GRANDE PR\u00caMIO na Twitch clicando aqui!<\/a><\/strong><\/p>\n\n\n\n<figure class=\"wp-block-embed is-type-video is-provider-youtube wp-block-embed-youtube wp-embed-aspect-16-9 wp-has-aspect-ratio\"><div class=\"wp-block-embed__wrapper\">\n<iframe loading=\"lazy\" title=\"STEINER fora da HAAS na F\u00d3RMULA 1! [N\u00c3O] Vai deixar SAUDADE? | Paddock Sprint\" width=\"500\" height=\"281\" src=\"https:\/\/www.youtube.com\/embed\/9MkdbbYxEd8?feature=oembed\" frameborder=\"0\" allow=\"accelerometer; autoplay; clipboard-write; encrypted-media; gyroscope; picture-in-picture; web-share\" referrerpolicy=\"strict-origin-when-cross-origin\" allowfullscreen><\/iframe>\n<\/div><\/figure>\n","protected":false},"excerpt":{"rendered":"<p>Guenther Steiner, ex-chefe da Haas, afirmou que soube da demiss\u00e3o entre o natal e o ano novo a partir de um telefonema de Gene Haas, dono da equipe<\/p>\n","protected":false},"author":0,"featured_media":1000631396,"comment_status":"closed","ping_status":"closed","sticky":false,"template":"","format":"standard","meta":{"42wp_featured_image_caption":"","42wp_featured_image_credits":"","42wp_featured_video":"","42wp_featured_image_hidden":false,"42wp_authors_list":[],"footnotes":""},"categories":[2],"tags":[147,3230,180,30909,177,1491,28285,1490,14495,37485,7048],"42wp_author":[47149],"class_list":["post-90407","post","type-post","status-publish","format-standard","has-post-thumbnail","hentry","category-f1","tag-f1","tag-f1-2024","tag-formula-1","tag-formula-1-2024","tag-gene-haas","tag-grande-premio","tag-grandepremio","tag-guenther-steiner","tag-haas-f1","tag-haas-formula-1","tag-steiner","42wp_author-bernardo-castro"],"_links":{"self":[{"href":"https:\/\/grandepremio.com\/br\/wp-json\/wp\/v2\/posts\/90407","targetHints":{"allow":["GET"]}}],"collection":[{"href":"https:\/\/grandepremio.com\/br\/wp-json\/wp\/v2\/posts"}],"about":[{"href":"https:\/\/grandepremio.com\/br\/wp-json\/wp\/v2\/types\/post"}],"replies":[{"embeddable":true,"href":"https:\/\/grandepremio.com\/br\/wp-json\/wp\/v2\/comments?post=90407"}],"version-history":[{"count":0,"href":"https:\/\/grandepremio.com\/br\/wp-json\/wp\/v2\/posts\/90407\/revisions"}],"wp:featuredmedia":[{"embeddable":true,"href":"https:\/\/grandepremio.com\/br\/wp-json\/wp\/v2\/media\/1000631396"}],"wp:attachment":[{"href":"https:\/\/grandepremio.com\/br\/wp-json\/wp\/v2\/media?parent=90407"}],"wp:term":[{"taxonomy":"category","embeddable":true,"href":"https:\/\/grandepremio.com\/br\/wp-json\/wp\/v2\/categories?post=90407"},{"taxonomy":"post_tag","embeddable":true,"href":"https:\/\/grandepremio.com\/br\/wp-json\/wp\/v2\/tags?post=90407"},{"taxonomy":"42wp_author","embeddable":true,"href":"https:\/\/grandepremio.com\/br\/wp-json\/wp\/v2\/42wp_author?post=90407"}],"curies":[{"name":"wp","href":"https:\/\/api.w.org\/{rel}","templated":true}]}}