{"id":90439,"date":"2024-01-12T20:33:23","date_gmt":"2024-01-12T23:33:23","guid":{"rendered":"https:\/\/grandepremio.com\/br\/noticias\/jake-hughes-bate-mas-lidera-tl1-formula-e-cidade-do-mexico\/"},"modified":"2024-01-12T21:03:24","modified_gmt":"2024-01-13T00:03:24","slug":"jake-hughes-bate-mas-lidera-tl1-formula-e-cidade-do-mexico","status":"publish","type":"post","link":"https:\/\/grandepremio.com\/br\/formula-e\/jake-hughes-bate-mas-lidera-tl1-formula-e-cidade-do-mexico\/","title":{"rendered":"Hughes bate, mas lidera tumultuado TL1 da F\u00f3rmula E na Cidade do M\u00e9xico"},"content":{"rendered":"\n<p class=\"wp-block-paragraph\">A <strong>F\u00f3rmula 1<\/strong> deu in\u00edcio a temporada de 2024 nesta sexta-feira (12) com o primeiro treino livre do <strong>eP da Cidade do M\u00e9xico<\/strong>. O brit\u00e2nico <strong>Jake Hughes <\/strong>terminou a sess\u00e3o na primeira coloca\u00e7\u00e3o com a marca de 1min14s364, quase quatro d\u00e9cimos mais veloz do que o segundo colocado, <strong>Pascal Wehrlein<\/strong>. <\/p>\n\n\n\n<p class=\"wp-block-paragraph\">Hughes estava t\u00e3o r\u00e1pido que, logo ap\u00f3s anotar a volta mais r\u00e1pida, acabou n\u00e3o conseguindo contornar a primeira curva e parou no muro. O resultado foi a segunda bandeira vermelha do dia e o encerramento precoce de um TL1 bem movimentado.<\/p>\n\n\n\n<figure class=\"wp-block-video\"><video class=\"video-js vjs-big-play-centered\" data-gp-vjs=\"1\" controls src=\"https:\/\/www.grandepremio.com\/br\/wp-content\/uploads\/2024\/01\/ACIDENTE-TL1.mp4\"><\/video><figcaption class=\"wp-element-caption\">O acidente de Jake Hughes que encerrou o TL1 no M\u00e9xico (V\u00eddeo: Grande Pr\u00eamio)<\/figcaption><\/figure>\n\n\n\n<p class=\"wp-block-paragraph\"><strong>Nico M\u00fcller <\/strong>fechou em um surpreende terceiro lugar com a <strong>ABT Cupra<\/strong>. Robin Frijns, Jake Dennis, Ant\u00f3nio F\u00e9lix da Costa, Mitch Evans, Sacha Fenestraz, Oliver Rowland e Norman Nato completaram os dez primeiros do dia.<\/p>\n\n\n\n<p class=\"wp-block-paragraph\">Os brasileiros tiveram uma sess\u00e3o sem grandes destaques. No retorno \u00e0 ABT, Lucas di Grassi terminou na 14\u00ba posi\u00e7\u00e3o, enquanto o mineiro Sergio Sette C\u00e2mara ficou apenas em 19\u00ba na estreia da equipe <strong>ERT.<\/strong><\/p>\n\n\n\n<h2 class=\"wp-block-heading\" id=\"h-como-foi-o-tl1-na-cidade-do-mexico\"><strong>Como foi o TL1 na Cidade do M\u00e9xico:<\/strong><\/h2>\n\n\n\n<p class=\"wp-block-paragraph\">O p\u00fablico precisou esperar um pouquinho a mais para a primeira atividade de pista da d\u00e9cima temporada da <strong>F\u00f3rmula E<\/strong>. A categoria acabou atrasando em 15 minutos o in\u00edcio da sess\u00e3o, que tinha hor\u00e1rio marcado para \u00e0s 19h30 no hor\u00e1rio de Bras\u00edlia.<\/p>\n\n\n\n<p class=\"wp-block-paragraph\">A sess\u00e3o come\u00e7ou com problemas para a <strong>McLaren <\/strong>de <strong>Sam Bird<\/strong>, que n\u00e3o foi para a pista nos primiros 15 minutos. Sergio Sette C\u00e2mara escapou da pista logo no in\u00edcio, mas n\u00e3o teve danos a sua ERT. <\/p>\n\n\n\n<p class=\"wp-block-paragraph\">Com sete minutos, a sess\u00e3o foi interrompida com bandeira vermelha ap\u00f3s <strong>Maximiliam G\u00fcnther<\/strong> parar sua <strong>Maserati<\/strong> na reta principal do circuito depois de tocar o muro na \u00faltima curva. <strong>Mitch Evans<\/strong> liderava o treino naquele momento com o tempo de 1min15s617.<\/p>\n\n\n\n<p class=\"wp-block-paragraph\"><strong>\u25b6\ufe0f&nbsp;Inscreva-se nos dois canais do GRANDE PR\u00caMIO no YouTube:&nbsp;<a href=\"https:\/\/www.youtube.com\/channel\/UC9OlHEgxoaY6QY6nWPoiqQg?sub_confirmation=1\" target=\"_blank\" rel=\"noreferrer noopener\">GP<\/a>&nbsp;|&nbsp;<a href=\"https:\/\/www.youtube.com\/channel\/UC9csiS6q_C3C0FYhyr1rnFA?sub_confirmation=1\" target=\"_blank\" rel=\"noreferrer noopener\">GP2<\/a><\/strong><br><strong>\u25b6\ufe0f&nbsp;<a href=\"https:\/\/www.twitch.tv\/grandepremio\" target=\"_blank\" rel=\"noreferrer noopener\">Conhe\u00e7a o canal do GRANDE PR\u00caMIO na Twitch clicando aqui!<\/a><\/strong><\/p>\n\n\n\n<figure class=\"wp-block-image size-large\"><img decoding=\"async\" src=\"https:\/\/www.grandepremio.com\/br\/wp-content\/uploads\/2023\/01\/EPS901_140449_X4I6174-2048x2048-1-1024x683.jpg\" alt=\"\" class=\"wp-image-645200\"\/><figcaption class=\"wp-element-caption\">A Cidade do M\u00e9xico ser\u00e1 palco da primeira etapa da F\u00f3rmula E em 2024 (Foto: F\u00f3rmula E)<\/figcaption><\/figure>\n\n\n\n<p class=\"wp-block-paragraph\">O treino livre foi retomado apenas dez minutos depois, com todos os carros (com exce\u00e7\u00e3o de G\u00fcnther, que precisou de alguns minutos para ter o carro reparado) indo rapidamente para a pista. <strong>S\u00e9bastien Buemi<\/strong> chegou a assumir a ponta brevemente, mas Evans rapidamente superou o su\u00ed\u00e7o e voltou ao topo. <\/p>\n\n\n\n<p class=\"wp-block-paragraph\">O atual campe\u00e3o <strong>Jake Dennis<\/strong> deu as caras e superou o rival neozeland\u00eas com 12 minutos para o fim, os dois sendo os primeiros a quebrar a barreira de um minuto e 15 segundos. Dois minutos depois, foi a vez <strong>Pascal Wehrlein<\/strong> assumir a lideran\u00e7a, mostrando todo o poder do trem de for\u00e7a da <strong>Porsche<\/strong>.<\/p>\n\n\n\n<p class=\"wp-block-paragraph\">Com menos de sete minutos restantes, <strong>Jake Hughes<\/strong> voou e tomou a lideran\u00e7a, apenas para instantes depois parar com sua <strong>McLaren<\/strong> na prote\u00e7\u00e3o de pneus da primeira curva. A bandeira vermelha foi acionada e, com pouco tempo restante, a dire\u00e7\u00e3o de prova optou por n\u00e3o reiniciar novamente o treino livre.<\/p>\n\n\n\n<p class=\"wp-block-paragraph\">Antes do treino, durante o shakedown, a <strong>F\u00f3rmula E<\/strong> realizou seu primeiro teste do Attack Charge, um pit-stop com recarga r\u00e1pida das baterias. <a href=\"https:\/\/www.grandepremio.com\/br\/formula-e\/noticias\/formula-e-simulacao-attack-charge-tl2-ep-da-cidade-do-mexico\/\" class=\"ek-link\">Novos testes ser\u00e3o realizados no segundo treino livre neste s\u00e1bado (13)<\/a>. A categoria deve introduzir o novo mecanismo na rodada dupla em\u00a0<strong><a href=\"https:\/\/www.grandepremio.com\/br\/circuito\/misano\/\" target=\"_blank\" rel=\"noreferrer noopener\">Misano<\/a><\/strong>, sexta e s\u00e9timas etapas de 2023.<\/p>\n\n\n\n<p class=\"wp-block-paragraph\">O\u00a0<strong>GRANDE PR\u00caMIO<\/strong>\u00a0cobre o eP da Cidade do\u00a0<a href=\"https:\/\/es.grandepremio.com\/\" target=\"_blank\" rel=\"noreferrer noopener\">M\u00e9xico<\/a>\u00a0\u2018in loco\u2019 com Geferson Kern, direto do Aut\u00f3dromo Hermanos Rodr\u00edguez. Al\u00e9m disso, transmite\u00a0<strong>AO VIVO e\u00a0COM IMAGENS<\/strong>\u00a0toda a temporada 2024 da\u00a0<a href=\"https:\/\/www.grandepremio.com\/br\/formula-e\/\" target=\"_blank\" rel=\"noreferrer noopener\">F\u00f3rmula E<\/a>. No s\u00e1bado, o\u00a0<strong>TL2 no M\u00e9xico est\u00e1 marcado para as 10h15<\/strong> (hor\u00e1rio de Bras\u00edlia, GMT-3), enquanto a\u00a0<strong>classifica\u00e7\u00e3o come\u00e7a \u00e0s 12h00<\/strong>. A transmiss\u00e3o da\u00a0<strong>corrida est\u00e1 programada para as 16h30<\/strong>. Voc\u00ea acompanha tudo na\u00a0<strong><a href=\"https:\/\/www.youtube.com\/c\/GrandePremioTV\" target=\"_blank\" rel=\"noreferrer noopener\">GPTV<\/a><\/strong>.<\/p>\n\n\n\n<figure class=\"wp-block-table\"><table><tbody><tr><td>1<\/td><td>J HUGHES<\/td><td>McLaren<\/td><td>1:14,364<\/td><td>&nbsp;<\/td><\/tr><tr><td>2<\/td><td>P WEHRLEIN<\/td><td>Porsche<\/td><td>1:14,745<\/td><td>+0,381<\/td><\/tr><tr><td>3<\/td><td>N M\u00dcLLER<\/td><td>ABT Cupra<\/td><td>1:14,755<\/td><td>+0,391<\/td><\/tr><tr><td>4<\/td><td>R FRIJNS<\/td><td>Envision<\/td><td>1:14,784<\/td><td>+0,420<\/td><\/tr><tr><td>5<\/td><td>J DENNIS<\/td><td>Andretti<\/td><td>1:14,841<\/td><td>+0,477<\/td><\/tr><tr><td>6<\/td><td>A.F DA COSTA<\/td><td>Porsche<\/td><td>1:14,887<\/td><td>+0,523<\/td><\/tr><tr><td>7<\/td><td>M EVANS<\/td><td>Jaguar<\/td><td>1:14,985<\/td><td>+0,621<\/td><\/tr><tr><td>8<\/td><td>S FENESTRAZ<\/td><td>Nissan<\/td><td>1:15,056<\/td><td>+0,692<\/td><\/tr><tr><td>9<\/td><td>O ROWLAND<\/td><td>Nissan<\/td><td>1:15,085<\/td><td>+0,721<\/td><\/tr><tr><td>10<\/td><td>N NATO<\/td><td>Andretti<\/td><td>1:15,181<\/td><td>+0,817<\/td><\/tr><tr><td>11<\/td><td>S BUEMI<\/td><td>Envision<\/td><td>1:15,182<\/td><td>+0,818<\/td><\/tr><tr><td>12<\/td><td>J.E VERGNE<\/td><td>DS Penske<\/td><td>1:15,206<\/td><td>+0,842<\/td><\/tr><tr><td>13<\/td><td>N CASSIDY<\/td><td>Jaguar<\/td><td>1:15,281<\/td><td>+0,917<\/td><\/tr><tr><td>14<\/td><td>L DI GRASSI<\/td><td>ABT Cupra<\/td><td>1:15,317<\/td><td>+0,953<\/td><\/tr><tr><td>15<\/td><td>S VANDOORNE<\/td><td>DS Penske<\/td><td>1:15,326<\/td><td>+0,962<\/td><\/tr><tr><td>16<\/td><td>S BIRD<\/td><td>McLaren<\/td><td>1:15,672<\/td><td>+1,308<\/td><\/tr><tr><td>17<\/td><td>D TICKTUM<\/td><td>ERT<\/td><td>1:15,757<\/td><td>+1,393<\/td><\/tr><tr><td>18<\/td><td>E MORTARA<\/td><td>Mahindra<\/td><td>1:15,782<\/td><td>+1,418<\/td><\/tr><tr><td>19<\/td><td>S SETTE C\u00c2MARA<\/td><td>ERT<\/td><td>1:15,811<\/td><td>+1,447<\/td><\/tr><tr><td>20<\/td><td>N DE VRIES<\/td><td>Mahindra<\/td><td>1:15,875<\/td><td>+1,511<\/td><\/tr><tr><td>21<\/td><td>M G\u00dcNTHER<\/td><td>Maserati<\/td><td>1:16,038<\/td><td>+1,674<\/td><\/tr><tr><td>22<\/td><td>J DARUVALA<\/td><td>Maserati<\/td><td>1:16,563<\/td><td>+2,199<\/td><\/tr><\/tbody><\/table><\/figure>\n\n\n\n<figure class=\"wp-block-embed is-type-video is-provider-youtube wp-block-embed-youtube wp-embed-aspect-16-9 wp-has-aspect-ratio\"><div class=\"wp-block-embed__wrapper\">\n<iframe loading=\"lazy\" title=\"F\u00d3RMULA E 2024 - eP da Cidade do M\u00e9xico | 1\u00aa etapa | Treino Livre 1\" width=\"500\" height=\"281\" src=\"https:\/\/www.youtube.com\/embed\/AbQyzkaSH2I?feature=oembed\" frameborder=\"0\" allow=\"accelerometer; autoplay; clipboard-write; encrypted-media; gyroscope; picture-in-picture; web-share\" referrerpolicy=\"strict-origin-when-cross-origin\" allowfullscreen><\/iframe>\n<\/div><\/figure>\n","protected":false},"excerpt":{"rendered":"<p>Jake Hughes foi t\u00e3o veloz que acabou batendo logo ap\u00f3s marcar a volta mais r\u00e1pida do primeiro treino livre do eP da Cidade do M\u00e9xico, que marca a abertura da d\u00e9cima temporada da F\u00f3rmula E<\/p>\n","protected":false},"author":0,"featured_media":1000769169,"comment_status":"closed","ping_status":"closed","sticky":false,"template":"","format":"standard","meta":{"42wp_featured_image_caption":"","42wp_featured_image_credits":"","42wp_featured_video":"","42wp_featured_image_hidden":false,"42wp_authors_list":[],"footnotes":""},"categories":[19],"tags":[30836,379,36881,840,35967,34647,33841,1491],"42wp_author":[47144],"class_list":["post-90439","post","type-post","status-publish","format-standard","has-post-thumbnail","hentry","category-formula-e","tag-ep-da-cidade-do-mexico","tag-fe","tag-fe-2024","tag-formula-e","tag-formula-e-2024","tag-formula-e-ao-vivo","tag-formula-e-no-grande-premio","tag-grande-premio","42wp_author-andre-netto"],"_links":{"self":[{"href":"https:\/\/grandepremio.com\/br\/wp-json\/wp\/v2\/posts\/90439","targetHints":{"allow":["GET"]}}],"collection":[{"href":"https:\/\/grandepremio.com\/br\/wp-json\/wp\/v2\/posts"}],"about":[{"href":"https:\/\/grandepremio.com\/br\/wp-json\/wp\/v2\/types\/post"}],"replies":[{"embeddable":true,"href":"https:\/\/grandepremio.com\/br\/wp-json\/wp\/v2\/comments?post=90439"}],"version-history":[{"count":0,"href":"https:\/\/grandepremio.com\/br\/wp-json\/wp\/v2\/posts\/90439\/revisions"}],"wp:featuredmedia":[{"embeddable":true,"href":"https:\/\/grandepremio.com\/br\/wp-json\/wp\/v2\/media\/1000769169"}],"wp:attachment":[{"href":"https:\/\/grandepremio.com\/br\/wp-json\/wp\/v2\/media?parent=90439"}],"wp:term":[{"taxonomy":"category","embeddable":true,"href":"https:\/\/grandepremio.com\/br\/wp-json\/wp\/v2\/categories?post=90439"},{"taxonomy":"post_tag","embeddable":true,"href":"https:\/\/grandepremio.com\/br\/wp-json\/wp\/v2\/tags?post=90439"},{"taxonomy":"42wp_author","embeddable":true,"href":"https:\/\/grandepremio.com\/br\/wp-json\/wp\/v2\/42wp_author?post=90439"}],"curies":[{"name":"wp","href":"https:\/\/api.w.org\/{rel}","templated":true}]}}