{"id":90449,"date":"2024-01-12T16:21:43","date_gmt":"2024-01-12T19:21:43","guid":{"rendered":"https:\/\/grandepremio.com\/br\/noticias\/porsche-pintura-especial-abertura-formula-e-cidade-do-mexico\/"},"modified":"2024-01-12T16:27:07","modified_gmt":"2024-01-12T19:27:07","slug":"porsche-pintura-especial-abertura-formula-e-cidade-do-mexico","status":"publish","type":"post","link":"https:\/\/grandepremio.com\/br\/formula-e\/porsche-pintura-especial-abertura-formula-e-cidade-do-mexico\/","title":{"rendered":"Porsche anuncia pintura especial para abertura da F\u00f3rmula E na Cidade do M\u00e9xico"},"content":{"rendered":"\n<p class=\"wp-block-paragraph\">A <strong>Porsche <\/strong>vai iniciar a temporada 2023\/24 da <strong><a href=\"https:\/\/www.grandepremio.com\/br\/formula-e\/\" class=\"ek-link\">F\u00f3rmula E<\/a><\/strong> com uma pintura bem diferente no <strong>eP da Cidade do M\u00e9xico<\/strong>. Por meio de suas redes sociais, a equipe alem\u00e3 anunciou que seus carros v\u00e3o abandonar temporariamente o preto e vermelho para adotar um tom de <strong>roxo<\/strong>, se juntando ao tradicional branco que j\u00e1 faz parte do monoposto.<\/p>\n\n\n\n<p class=\"wp-block-paragraph\">Sem dar muitas informa\u00e7\u00f5es sobre o assunto, a Porsche confirmou que a pintura \u2014 chamada de &#8220;<strong>Proven\u00e7a<\/strong>&#8221; \u2014 \u00e9 o primeiro passo para uma mudan\u00e7a que ser\u00e1 totalmente revelada no dia <strong>25 de janeiro<\/strong>.<\/p>\n\n\n\n<p class=\"wp-block-paragraph\">Nos halos dos carros de <strong>Pascal Wehrlein <\/strong>e <strong>Ant\u00f3nio F\u00e9lix da Costa<\/strong>, inclusive, a equipe deixou algumas &#8216;dicas&#8217; sobre a revela\u00e7\u00e3o do segredo. Enquanto o portugu\u00eas vai carregar a inscri\u00e7\u00e3o &#8220;<strong>25.01.2024<\/strong>&#8220;, referente \u00e0 data de lan\u00e7amento da novidade, o alem\u00e3o leva a frase &#8220;<strong>mude seu visual, n\u00e3o seu estilo<\/strong>&#8220;.<\/p>\n\n\n\n<p class=\"wp-block-paragraph\">Vale destacar que a cor &#8220;Proven\u00e7a&#8221;, carregada em um tom de roxo, j\u00e1 existe em outros carros da marca, como o Porsche Panamera, e \u00e9 inspirada em uma regi\u00e3o no sudeste da Fran\u00e7a conhecida por suas paisagens tur\u00edsticas.<\/p>\n\n\n\n<figure class=\"wp-block-image size-large\"><img decoding=\"async\" src=\"https:\/\/www.grandepremio.com\/br\/wp-content\/uploads\/2024\/01\/GDmC2R2XcAApbAS-1024x683.jpeg\" alt=\"\" class=\"wp-image-769087\"\/><figcaption class=\"wp-element-caption\">Detalhes do carro da Porsche para a estreia da F\u00f3rmula E (Foto: Porsche)<\/figcaption><\/figure>\n\n\n\n<p class=\"wp-block-paragraph\">Quarta colocada no Mundial de Equipes da F\u00f3rmula E no ano passado, a Porsche vai em busca do t\u00edtulo in\u00e9dito em 2024 novamente com Wehrlein e Da Costa ao volante. A primeira parada da equipe acontece neste fim de semana, na Cidade do M\u00e9xico, com transmiss\u00e3o <strong>AO VIVO<\/strong>, <strong>COM IMAGENS <\/strong>e cobertura &#8216;in loco&#8217; do <strong>GRANDE PR\u00caMIO <\/strong>no Aut\u00f3dromo Hermanos Rodr\u00edguez. O <strong>treino livre 1<\/strong>, previsto para esta sexta-feira (12), come\u00e7a \u00e0s <strong>19h30 <\/strong>(hor\u00e1rio de Bras\u00edlia). Voc\u00ea acompanha tudo na <strong><span style=\"text-decoration: underline;\" class=\"ek-underline\"><a href=\"https:\/\/www.youtube.com\/c\/GrandePremioTV\" target=\"_blank\" aria-label=\" (opens in a new tab)\" rel=\"noreferrer noopener\" class=\"ek-link\">GPTV<\/a><\/span><\/strong>.<\/p>\n\n\n\n<p class=\"wp-block-paragraph\"><strong>\u25b6\ufe0f\u00a0Inscreva-se nos dois canais do GRANDE PR\u00caMIO no YouTube:\u00a0<a href=\"https:\/\/www.youtube.com\/channel\/UC9OlHEgxoaY6QY6nWPoiqQg?sub_confirmation=1\" target=\"_blank\" rel=\"noreferrer noopener\">GP<\/a>\u00a0|\u00a0<a href=\"https:\/\/www.youtube.com\/channel\/UC9csiS6q_C3C0FYhyr1rnFA?sub_confirmation=1\" target=\"_blank\" rel=\"noreferrer noopener\">GP2<\/a><\/strong><br><strong>\u25b6\ufe0f\u00a0<a href=\"https:\/\/www.twitch.tv\/grandepremio\" target=\"_blank\" rel=\"noreferrer noopener\">Conhe\u00e7a o canal do GRANDE PR\u00caMIO na Twitch clicando aqui!<\/a><\/strong><\/p>\n\n\n\n<figure class=\"wp-block-image size-large\"><img decoding=\"async\" src=\"https:\/\/www.grandepremio.com\/br\/wp-content\/uploads\/2024\/01\/GDmC2RyWkAARPeT-1024x683.jpeg\" alt=\"\" class=\"wp-image-769088\"\/><figcaption class=\"wp-element-caption\">O tom de roxo ser\u00e1 predominante na estreia da Porsche no campeonato (Foto: Porsche)<\/figcaption><\/figure>\n\n\n\n<figure class=\"wp-block-embed is-type-video is-provider-youtube wp-block-embed-youtube wp-embed-aspect-16-9 wp-has-aspect-ratio\"><div class=\"wp-block-embed__wrapper\">\n<iframe loading=\"lazy\" title=\"SETTE C\u00c2MARA acertou: ERT PRECISA de cliente PARA DAR CERTO na F\u00f3rmula E | GP \u00e0s 10\" width=\"500\" height=\"281\" src=\"https:\/\/www.youtube.com\/embed\/i7nPfEBzqHs?feature=oembed\" frameborder=\"0\" allow=\"accelerometer; autoplay; clipboard-write; encrypted-media; gyroscope; picture-in-picture; web-share\" referrerpolicy=\"strict-origin-when-cross-origin\" allowfullscreen><\/iframe>\n<\/div><\/figure>\n","protected":false},"excerpt":{"rendered":"<p>Para a primeira etapa da F\u00f3rmula E em 2024, a Porsche resolveu inovar e, adiantando um lan\u00e7amento que s\u00f3 vir\u00e1 no dia 25 de janeiro, decidiu correr com tons de roxo na Cidade do M\u00e9xico<\/p>\n","protected":false},"author":0,"featured_media":1000769089,"comment_status":"closed","ping_status":"closed","sticky":false,"template":"","format":"standard","meta":{"42wp_featured_image_caption":"","42wp_featured_image_credits":"","42wp_featured_video":"","42wp_featured_image_hidden":false,"42wp_authors_list":[],"footnotes":""},"categories":[19],"tags":[25774,12603,28679,6853,30836,379,36881,840,35967,1601,1491,30103,28285,36219,1194,736],"42wp_author":[47142],"class_list":["post-90449","post","type-post","status-publish","format-standard","has-post-thumbnail","hentry","category-formula-e","tag-antonio-felix-da-costa","tag-autodromo-hermanos-rodriguez","tag-calendario-formula-e","tag-classificacao-formula-e","tag-ep-da-cidade-do-mexico","tag-fe","tag-fe-2024","tag-formula-e","tag-formula-e-2024","tag-gen3","tag-grande-premio","tag-grande-premio-f1","tag-grandepremio","tag-onde-assistir-formula-e","tag-pascal-wehrlein","tag-porsche","42wp_author-jp-nascimento"],"_links":{"self":[{"href":"https:\/\/grandepremio.com\/br\/wp-json\/wp\/v2\/posts\/90449","targetHints":{"allow":["GET"]}}],"collection":[{"href":"https:\/\/grandepremio.com\/br\/wp-json\/wp\/v2\/posts"}],"about":[{"href":"https:\/\/grandepremio.com\/br\/wp-json\/wp\/v2\/types\/post"}],"replies":[{"embeddable":true,"href":"https:\/\/grandepremio.com\/br\/wp-json\/wp\/v2\/comments?post=90449"}],"version-history":[{"count":0,"href":"https:\/\/grandepremio.com\/br\/wp-json\/wp\/v2\/posts\/90449\/revisions"}],"wp:featuredmedia":[{"embeddable":true,"href":"https:\/\/grandepremio.com\/br\/wp-json\/wp\/v2\/media\/1000769089"}],"wp:attachment":[{"href":"https:\/\/grandepremio.com\/br\/wp-json\/wp\/v2\/media?parent=90449"}],"wp:term":[{"taxonomy":"category","embeddable":true,"href":"https:\/\/grandepremio.com\/br\/wp-json\/wp\/v2\/categories?post=90449"},{"taxonomy":"post_tag","embeddable":true,"href":"https:\/\/grandepremio.com\/br\/wp-json\/wp\/v2\/tags?post=90449"},{"taxonomy":"42wp_author","embeddable":true,"href":"https:\/\/grandepremio.com\/br\/wp-json\/wp\/v2\/42wp_author?post=90449"}],"curies":[{"name":"wp","href":"https:\/\/api.w.org\/{rel}","templated":true}]}}