{"id":90487,"date":"2024-01-12T07:58:55","date_gmt":"2024-01-12T10:58:55","guid":{"rendered":"https:\/\/grandepremio.com\/br\/noticias\/simone-resta-retorna-ferrari-saida-haas-realocado-setor-gt\/"},"modified":"2024-01-12T08:20:56","modified_gmt":"2024-01-12T11:20:56","slug":"simone-resta-retorna-ferrari-saida-haas-realocado-setor-gt","status":"publish","type":"post","link":"https:\/\/grandepremio.com\/br\/f1\/simone-resta-retorna-ferrari-saida-haas-realocado-setor-gt\/","title":{"rendered":"Simone Resta retorna \u00e0 Ferrari ap\u00f3s sa\u00edda da Haas, mas \u00e9 realocado em setor de GT"},"content":{"rendered":"\n<p class=\"wp-block-paragraph\">A <strong>Haas <\/strong>come\u00e7ou 2024 promovendo uma grande reestrutura\u00e7\u00e3o no comando da equipe da <strong>F\u00f3rmula 1<\/strong> com as sa\u00eddas de <strong>Guenther Steiner<\/strong>, ent\u00e3o chefe do time, e <strong>Simone Resta<\/strong>, diretor-t\u00e9cnico. Mas enquanto o primeiro ainda n\u00e3o tem destino definido, Resta est\u00e1 de malas prontas para retornar \u00e0 Ferrari, por\u00e9m n\u00e3o mais ligado \u00e0 principal categoria dos monopostos.<\/p>\n\n\n\n<p class=\"wp-block-paragraph\">De acordo com o Corriere dello Sport, o designer italiano foi agregado ao trabalho nas competi\u00e7\u00f5es de <strong>GT <\/strong>ao retornar a Maranello. A publica\u00e7\u00e3o diz ainda que n\u00e3o h\u00e1, no momento, possibilidade de Simone voltar \u00e0 F1.<\/p>\n\n\n\n<p class=\"wp-block-paragraph\">Resta chegou \u00e0 Haas em 2021, emprestado pela Ferrari, e assumiu o posto de diretor-t\u00e9cnico. O acordo, na verdade, foi reflexo das pr\u00f3prias mudan\u00e7as internas que come\u00e7aram a ocorrer na equipe do cavalinho rampante sob o comando do ent\u00e3o chefe, Mattia Binotto.<\/p>\n\n\n\n<p class=\"wp-block-paragraph\">Oficialmente, o contrato do engenheiro italiano terminou ao final de 2023, mas a equipe de Gene Haas optou por manter as mudan\u00e7as. Ayao Komatsu, que est\u00e1 no time americano desde 2016 e teve passagens pelos cargos de chefe de corrida e diretor de engenharia, foi nomeado novo chefe de equipe.<\/p>\n\n\n\n<figure class=\"wp-block-image size-large\"><img decoding=\"async\" src=\"https:\/\/www.grandepremio.com\/br\/wp-content\/uploads\/2023\/11\/abu-dhabi-2023-f1-corrida-haas-kevin-magnussen-03-1024x683.jpg\" alt=\"\" class=\"wp-image-759420\"\/><figcaption class=\"wp-element-caption\">A Haas passa por uma reestrutura\u00e7\u00e3o neste in\u00edcio de temporada (Foto: Haas F1 Team)<\/figcaption><\/figure>\n\n\n\n<p class=\"wp-block-paragraph\">Resta chegou \u00e0 Ferrari em 2001 como projetista s\u00eanior. Cinco anos depois, assumiu o departamento de pesquisa e desenvolvimento. Em 2014, foi nomeado projetista-chefe da escuderia, cargo que ocupou at\u00e9 2018.<\/p>\n\n\n\n<p class=\"wp-block-paragraph\">No ano seguinte, Simone foi transferido para a Alfa Romeo Sauber, tamb\u00e9m equipe cliente da Ferrari, e assumiu o departamento t\u00e9cnico do time de Hinwil. Foram dois anos por l\u00e1 at\u00e9 chegar \u00e0 Haas, por onde esteve nas \u00faltimas tr\u00eas temporadas.<\/p>\n\n\n\n<p class=\"wp-block-paragraph\">A&nbsp;<a href=\"https:\/\/www.grandepremio.com\/formula-1\/\" target=\"_blank\" rel=\"noreferrer noopener\"><\/a><a href=\"https:\/\/www.grandepremio.com\/formula-1\/\" target=\"_blank\" rel=\"noreferrer noopener\">F\u00f3rmula 1<\/a>&nbsp;retorna \u00e0s pistas de 21 a 23 de fevereiro, com os testes coletivos da pr\u00e9-temporada no circuito de&nbsp;<a href=\"https:\/\/www.grandepremio.com\/br\/circuito\/sakhir\/\" target=\"_blank\" rel=\"noreferrer noopener\">Sakhir<\/a>, no Bahrein.<\/p>\n\n\n\n<p class=\"wp-block-paragraph\"><strong>\u25b6\ufe0f&nbsp;Inscreva-se nos dois canais do GRANDE PR\u00caMIO no YouTube:&nbsp;<a href=\"https:\/\/www.youtube.com\/channel\/UC9OlHEgxoaY6QY6nWPoiqQg?sub_confirmation=1\" target=\"_blank\" rel=\"noreferrer noopener\">GP<\/a>&nbsp;|&nbsp;<a href=\"https:\/\/www.youtube.com\/channel\/UC9csiS6q_C3C0FYhyr1rnFA?sub_confirmation=1\" target=\"_blank\" rel=\"noreferrer noopener\">GP2<\/a><\/strong><br><strong>\u25b6\ufe0f&nbsp;<a href=\"https:\/\/www.twitch.tv\/grandepremio\" target=\"_blank\" rel=\"noreferrer noopener\">Conhe\u00e7a o canal do GRANDE PR\u00caMIO na Twitch clicando aqui!<\/a><\/strong><\/p>\n\n\n\n<figure class=\"wp-block-embed is-type-video is-provider-youtube wp-block-embed-youtube wp-embed-aspect-16-9 wp-has-aspect-ratio\"><div class=\"wp-block-embed__wrapper\">\n<iframe loading=\"lazy\" title=\"STEINER fora da HAAS na F\u00d3RMULA 1! [N\u00c3O] Vai deixar SAUDADE? | Paddock Sprint\" width=\"500\" height=\"281\" src=\"https:\/\/www.youtube.com\/embed\/9MkdbbYxEd8?feature=oembed\" frameborder=\"0\" allow=\"accelerometer; autoplay; clipboard-write; encrypted-media; gyroscope; picture-in-picture; web-share\" referrerpolicy=\"strict-origin-when-cross-origin\" allowfullscreen><\/iframe>\n<\/div><\/figure>\n","protected":false},"excerpt":{"rendered":"<p>De acordo com a publica\u00e7\u00e3o italiana Corriere dello Sport, Simone Resta retornou \u00e0 Ferrari ap\u00f3s deixar cargo de diretor-t\u00e9cnico da Haas, por\u00e9m n\u00e3o vai trabalhar com a equipe de F\u00f3rmula 1<\/p>\n","protected":false},"author":0,"featured_media":1000768940,"comment_status":"closed","ping_status":"closed","sticky":false,"template":"","format":"standard","meta":{"42wp_featured_image_caption":"","42wp_featured_image_credits":"","42wp_featured_video":"","42wp_featured_image_hidden":false,"42wp_authors_list":[],"footnotes":""},"categories":[2],"tags":[26271,5273,147,3230,207,180,30909,1491,28285,119,30840,35129,4442,33301],"42wp_author":[47147],"class_list":["post-90487","post","type-post","status-publish","format-standard","has-post-thumbnail","hentry","category-f1","tag-calendario-f1","tag-classificacao-f1","tag-f1","tag-f1-2024","tag-ferrari","tag-formula-1","tag-formula-1-2024","tag-grande-premio","tag-grandepremio","tag-haas","tag-horarios-f1","tag-onde-assistir-f1","tag-simone-resta","tag-temporada-2024-f1","42wp_author-luana-marino"],"_links":{"self":[{"href":"https:\/\/grandepremio.com\/br\/wp-json\/wp\/v2\/posts\/90487","targetHints":{"allow":["GET"]}}],"collection":[{"href":"https:\/\/grandepremio.com\/br\/wp-json\/wp\/v2\/posts"}],"about":[{"href":"https:\/\/grandepremio.com\/br\/wp-json\/wp\/v2\/types\/post"}],"replies":[{"embeddable":true,"href":"https:\/\/grandepremio.com\/br\/wp-json\/wp\/v2\/comments?post=90487"}],"version-history":[{"count":0,"href":"https:\/\/grandepremio.com\/br\/wp-json\/wp\/v2\/posts\/90487\/revisions"}],"wp:featuredmedia":[{"embeddable":true,"href":"https:\/\/grandepremio.com\/br\/wp-json\/wp\/v2\/media\/1000768940"}],"wp:attachment":[{"href":"https:\/\/grandepremio.com\/br\/wp-json\/wp\/v2\/media?parent=90487"}],"wp:term":[{"taxonomy":"category","embeddable":true,"href":"https:\/\/grandepremio.com\/br\/wp-json\/wp\/v2\/categories?post=90487"},{"taxonomy":"post_tag","embeddable":true,"href":"https:\/\/grandepremio.com\/br\/wp-json\/wp\/v2\/tags?post=90487"},{"taxonomy":"42wp_author","embeddable":true,"href":"https:\/\/grandepremio.com\/br\/wp-json\/wp\/v2\/42wp_author?post=90487"}],"curies":[{"name":"wp","href":"https:\/\/api.w.org\/{rel}","templated":true}]}}