{"id":9050,"date":"2026-05-13T18:13:39","date_gmt":"2026-05-13T21:13:39","guid":{"rendered":"https:\/\/grandepremio.com\/br\/noticias\/pierre-gasly-completa-testes-pirelli-pneus-chuva-f1-2027-magny-cours\/"},"modified":"2026-05-13T18:16:29","modified_gmt":"2026-05-13T21:16:29","slug":"pierre-gasly-completa-testes-pirelli-pneus-chuva-f1-2027-magny-cours","status":"publish","type":"post","link":"https:\/\/grandepremio.com\/br\/f1\/pierre-gasly-completa-testes-pirelli-pneus-chuva-f1-2027-magny-cours\/","title":{"rendered":"Gasly completa testes da Pirelli com pneus de chuva da F1 2027 em Magny-Cours"},"content":{"rendered":"\n<p class=\"wp-block-paragraph\">A <strong>Pirelli<\/strong> aproveitou o intervalo de tr\u00eas semanas entre os <strong>GPs de Miami<\/strong> e <strong>do Canad\u00e1<\/strong> para realizar mais alguns testes com os pneus de chuva da temporada 2027 da <strong>F\u00f3rmula 1<\/strong>. A fornecedora italiana contou com a ajuda de <strong>Pierre Gasly<\/strong>, que acumulou um total de 900 km com a <strong>Alpine<\/strong> no <strong>Circuito de Magny-Cours<\/strong>, que esteve no calend\u00e1rio da categoria entre 1991 e 2008 como sede do <strong>GP da Fran\u00e7a<\/strong>.<\/p>\n\n\n\n<p class=\"wp-block-paragraph\">Na ter\u00e7a-feira (12), com temperatura ambiente em torno de 20 \u00baC, o titular do time de Enstone completou 101 voltas \u2014 o equivalente a 446 km \u2014 e anotou 1min37s816 como melhor tempo. Como n\u00e3o havia previs\u00e3o de chuva, a pista precisou ser molhada artificialmente, assim como aconteceu em <a href=\"https:\/\/www.grandepremio.com\/br\/f1\/noticias\/pirelli-realiza-teste-pneus-chuva-f1-2027-lewis-hamilton-charles-leclerc-fiorano\/\">uma atividade similar com a <strong>Ferrari<\/strong> em <strong>Fiorano<\/strong><\/a>, desta vez durante a pausa for\u00e7ada do m\u00eas de abril.<\/p>\n\n\n\n\n\n\n\n<h3 class=\"wp-block-heading has-vivid-red-color has-text-color has-link-color wp-elements-1\" id=\"h-gp-experience-o-novo-produto-do-grande-premio-conecta-voce-aos-maiores-eventos-de-esporte-a-motor-do-mundo-va-para-indianapolis-com-a-gente-saiba-aqui-todos-os-detalhes\"><strong>+ GP EXPERIENCE: o novo produto do GRANDE PR\u00caMIO conecta voc\u00ea aos maiores eventos de esporte a motor do mundo. V\u00e1 para Indian\u00e1polis com a gente:\u00a0<a href=\"https:\/\/gpexperience.tur.br\/\">saiba aqui todos os detalhes<\/a>.<\/strong><\/h3>\n\n\n\n<p class=\"wp-block-paragraph\">Com <strong>Franco Colapinto<\/strong> ausente nos testes, Gasly retornou \u00e0 pista nesta quarta-feira para mais 103 giros \u2014 ou 456 km \u2014, quando cal\u00e7ou os pneus intermedi\u00e1rios na segunda parte da sess\u00e3o e cravou 1min31s457 no cron\u00f4metro. A partir dos dados coletados, a Pirelli espera que as solu\u00e7\u00f5es testadas sejam introduzidas na pr\u00f3xima temporada, com o objetivo de melhorar aspectos como visibilidade e desgaste t\u00e9rmico.<\/p>\n\n\n\n<p class=\"wp-block-paragraph\">As pr\u00f3ximas atividades est\u00e3o programadas para acontecer entre os dias 16 e 17 de junho, na semana seguinte ao <strong>GP de Barcelona<\/strong>, no <strong>Circuito da Catalunha<\/strong>.<\/p>\n\n\n\n<p class=\"wp-block-paragraph\">A\u00a0<strong>F\u00f3rmula 1<\/strong>, por sua vez,\u00a0volta de\u00a0<strong>22 a 24 de maio<\/strong>, com o\u00a0<strong>GP do Canad\u00e1<\/strong>, quinta etapa da\u00a0<strong>temporada 2026<\/strong>.<\/p>\n\n\n\n<p class=\"wp-block-paragraph\">\u25b6\ufe0f\u00a0<strong>Inscreva-se nos dois canais do GRANDE PR\u00caMIO no YouTube:\u00a0<a href=\"https:\/\/www.youtube.com\/channel\/UC9OlHEgxoaY6QY6nWPoiqQg?sub_confirmation=1\">GP<\/a>\u00a0|\u00a0<a href=\"https:\/\/www.youtube.com\/channel\/UC9csiS6q_C3C0FYhyr1rnFA?sub_confirmation=1\">GPTV<\/a><\/strong><\/p>\n\n\n\n<h2 class=\"wp-block-heading\" id=\"h-f1-hoje-saiba-aqui-as-noticias-mais-importantes-do-dia-da-formula-1\"><strong>F1 hoje: saiba aqui as not\u00edcias mais importantes do dia da F\u00f3rmula 1<\/strong><\/h2>\n\n\n\n<p class=\"wp-block-paragraph\">A reda\u00e7\u00e3o do&nbsp;<strong>GRANDE PR\u00caMIO<\/strong>&nbsp;selecionou as not\u00edcias mais importantes das \u00faltimas horas para voc\u00ea ficar por dentro de tudo que acontece na F1.<\/p>\n\n\n\n<p class=\"wp-block-paragraph\">\u25b6\ufe0f\u00a0<strong><a href=\"https:\/\/www.grandepremio.com\/br\/f1\/noticias\/andrea-kimi-antonelli-lidera-f1-autoridade-mas-ainda-vai-sofrer-dor-do-crescimento-2026\/\"><\/a><a href=\"https:\/\/www.grandepremio.com\/br\/f1\/noticias\/mercedes-leva-bote-miami-vai-canada-atualizacoes-precisam-dar-certo\/\">Mercedes leva bote em Miami e vai ao Canad\u00e1 com atualiza\u00e7\u00f5es que precisam dar certo<\/a><\/strong><br>\u25b6\ufe0f\u00a0<strong><a href=\"https:\/\/www.grandepremio.com\/br\/f1\/noticias\/andrea-kimi-antonelli-plano-mercedes-disputas-george-russell-muito-claros\/\"><\/a><a href=\"https:\/\/www.grandepremio.com\/br\/f1\/noticias\/ex-manchester-united-chelsea-explica-plano-reerguer-financas-williams-f1\/\">Ex-Manchester United e Chelsea explica plano para reerguer finan\u00e7as da Williams na F1<\/a><\/strong><br>\u25b6\ufe0f\u00a0<strong><a href=\"https:\/\/www.grandepremio.com\/br\/f1\/noticias\/chefe-mercedes-grande-surpresa-crescimento-red-bull-gp-de-miami\/\"><\/a><a href=\"https:\/\/www.grandepremio.com\/br\/f1\/noticias\/mercedes-reconhece-falhas-george-russell-mas-garante-vai-voltar-mais-forte-canada\/\">Mercedes reconhece falhas de Russell, mas garante: \u201cVai voltar mais forte no Canad\u00e1\u201d<\/a><\/strong><br>\u25b6\ufe0f\u00a0<strong><a href=\"https:\/\/www.grandepremio.com\/br\/f1\/noticias\/por-que-agora-christian-horner-esta-livre-voltar-formula-1-demissao-red-bull\/\"><\/a><a href=\"https:\/\/www.grandepremio.com\/br\/f1\/noticias\/reducao-peso-correcao-largadas-mercedes-prepara-gp-canada\/\">Redu\u00e7\u00e3o de peso e corre\u00e7\u00e3o em largadas: o que Mercedes prepara para GP do Canad\u00e1<\/a><br><\/strong>\u25b6\ufe0f\u00a0<strong><a href=\"https:\/\/www.grandepremio.com\/br\/f1\/noticias\/diretor-audi-explica-como-vida-piloto-ajuda-ver-pelos-olhos-gabriel-bortoleto\/\"><\/a><a href=\"https:\/\/www.grandepremio.com\/br\/f1\/noticias\/asa-macarena-aletas-halo-como-influencia-frederic-vasseur-novidades-ferrari\/\">Asa Macarena e aletas no halo: como influ\u00eancia de Vasseur permitiu novidades \u00e0 Ferrari<\/a><\/strong><br>\u25b6\ufe0f\u00a0<strong><a href=\"https:\/\/www.grandepremio.com\/br\/f1\/noticias\/diretor-ve-audi-construindo-bem-para-futuro-f1-mas-cita-maior-mais-dificil-tarefa\/\"><\/a><a href=\"https:\/\/www.grandepremio.com\/br\/f1\/noticias\/red-bull-admite-problema-correlacao-simulador-da-prazo-novo-tunel-vento\/\">Red Bull admite problema de correla\u00e7\u00e3o no simulador e d\u00e1 prazo por novo t\u00fanel de vento<\/a><\/strong><\/p>\n","protected":false},"excerpt":{"rendered":"<p>Com a aus\u00eancia de Franco Colapinto, Pierre Gasly foi o respons\u00e1vel por completar cerca de 900 km com a Alpine durante dois dias de testes da Pirelli com os pneus de 2027<\/p>\n","protected":false},"author":0,"featured_media":1001081421,"comment_status":"closed","ping_status":"closed","sticky":false,"template":"","format":"standard","meta":{"42wp_featured_image_caption":"","42wp_featured_image_credits":"","42wp_featured_video":"","42wp_featured_image_hidden":false,"42wp_authors_list":[],"footnotes":""},"categories":[2],"tags":[20491,5660,969,147,29516,642,160,180,31425,1491,30103,28285,5003,676,1126],"42wp_author":[47160],"class_list":["post-9050","post","type-post","status-publish","format-standard","has-post-thumbnail","hentry","category-f1","tag-alpine","tag-classificacao","tag-corrida","tag-f1","tag-f1-2026","tag-f1-ao-vivo","tag-f1-tv","tag-formula-1","tag-formula-1-2026","tag-grande-premio","tag-grande-premio-f1","tag-grandepremio","tag-magny-cours","tag-pierre-gasly","tag-pirelli","42wp_author-vicente-soella"],"_links":{"self":[{"href":"https:\/\/grandepremio.com\/br\/wp-json\/wp\/v2\/posts\/9050","targetHints":{"allow":["GET"]}}],"collection":[{"href":"https:\/\/grandepremio.com\/br\/wp-json\/wp\/v2\/posts"}],"about":[{"href":"https:\/\/grandepremio.com\/br\/wp-json\/wp\/v2\/types\/post"}],"replies":[{"embeddable":true,"href":"https:\/\/grandepremio.com\/br\/wp-json\/wp\/v2\/comments?post=9050"}],"version-history":[{"count":0,"href":"https:\/\/grandepremio.com\/br\/wp-json\/wp\/v2\/posts\/9050\/revisions"}],"wp:featuredmedia":[{"embeddable":true,"href":"https:\/\/grandepremio.com\/br\/wp-json\/wp\/v2\/media\/1001081421"}],"wp:attachment":[{"href":"https:\/\/grandepremio.com\/br\/wp-json\/wp\/v2\/media?parent=9050"}],"wp:term":[{"taxonomy":"category","embeddable":true,"href":"https:\/\/grandepremio.com\/br\/wp-json\/wp\/v2\/categories?post=9050"},{"taxonomy":"post_tag","embeddable":true,"href":"https:\/\/grandepremio.com\/br\/wp-json\/wp\/v2\/tags?post=9050"},{"taxonomy":"42wp_author","embeddable":true,"href":"https:\/\/grandepremio.com\/br\/wp-json\/wp\/v2\/42wp_author?post=9050"}],"curies":[{"name":"wp","href":"https:\/\/api.w.org\/{rel}","templated":true}]}}