{"id":90592,"date":"2024-01-11T04:00:00","date_gmt":"2024-01-11T07:00:00","guid":{"rendered":"https:\/\/grandepremio.com\/br\/noticias\/guia-formula-e-2024-sergio-sette-camara-abre-ano-interrogacoes-chances-ert\/"},"modified":"2024-01-10T17:11:53","modified_gmt":"2024-01-10T20:11:53","slug":"guia-formula-e-2024-sergio-sette-camara-abre-ano-interrogacoes-chances-ert","status":"publish","type":"post","link":"https:\/\/grandepremio.com\/br\/formula-e\/guia-formula-e-2024-sergio-sette-camara-abre-ano-interrogacoes-chances-ert\/","title":{"rendered":"Guia F\u00f3rmula E 2024: Sette C\u00e2mara abre ano de interroga\u00e7\u00f5es sobre chances da ERT"},"content":{"rendered":"\n<p class=\"wp-block-paragraph\"><strong>Sergio Sette C\u00e2mara<\/strong> ganhou um voto de confian\u00e7a no fim da temporada 2023 ao assinar a renova\u00e7\u00e3o <a href=\"https:\/\/www.grandepremio.com\/br\/formula-e\/noticias\/nio-renova-sergio-sette-camara-dan-ticktum-vai-mesma-escalacao-formula-e-2024\/\" class=\"ek-link\">por mais um ano<\/a> com a mesma equipe na <strong>F\u00f3rmula E<\/strong>. Mas com a transforma\u00e7\u00e3o de supet\u00e3o da equipe <strong>NIO<\/strong>, que <a href=\"https:\/\/www.grandepremio.com\/br\/formula-e\/noticias\/nio-anuncia-mudanca-identidade-vira-ert-temporada-2024-formula-e\/\" class=\"ek-link\">anunciou antes dos testes coletivos<\/a> a mudan\u00e7a de identidade para <strong>ERT<\/strong> <strong>(Electric Racing Technologies)<\/strong>, o brasileiro come\u00e7a seu quinto ano com um grande ponto de interroga\u00e7\u00e3o.<\/p>\n\n\n\n<p class=\"wp-block-paragraph\">Entre as passagens na <strong>Dragon<\/strong> e no time chin\u00eas at\u00e9 o ano passado, Sette C\u00e2mara somou apenas 32 pontos, sem vit\u00f3rias ou p\u00f3dios. Muito pouco para quem chegou com boas expectativas, <a href=\"https:\/\/www.grandepremio.com\/br\/formula-e\/noticias\/sergio-sette-camara-reclama-consumo-energia-nio-cobra-digam-o-que-fazer\/\" class=\"ek-link\">embora tenha sofrido demais com o alto consumo de energia do b\u00f3lido<\/a> em uma categoria onde o gerenciamento \u00e9 fundamental.<\/p>\n\n\n\n<p class=\"wp-block-paragraph\">\u201cEu simplesmente disse \u00e0 equipe: \u2018Digam o que eu preciso fazer\u2019, porque [preciso saber se] \u00e9 a minha pilotagem? \u00c9 alguma coisa no carro? N\u00f3s precisamos consertar, n\u00e3o d\u00e1 pra ficar desse jeito. S\u00e3o v\u00e1rias corridas que eu tenho um ritmo ruim, mesmo consumindo muito, jorrando energia\u201d, chegou a dizer ap\u00f3s o <strong><a href=\"https:\/\/www.youtube.com\/watch?v=N9qMaxPLhes\" class=\"ek-link\">eP de M\u00f4naco<\/a><\/strong>.<\/p>\n\n\n\n<p class=\"wp-block-paragraph\">Al\u00e9m disso, o piloto sofreu com penaliza\u00e7\u00f5es ao longo do ano, <a href=\"https:\/\/www.grandepremio.com\/br\/formula-e\/noticias\/sergio-sette-camara-critica-comissarios-punicao-sao-paulo-nao-atrapalhei-ninguem\/\" class=\"ek-link\">como visto na classifica\u00e7\u00e3o<\/a> para o <strong><a href=\"https:\/\/www.youtube.com\/watch?v=-WetJmHLGXY\" class=\"ek-link\">eP de S\u00e3o Paulo<\/a><\/strong>, que tamb\u00e9m contribu\u00edram com a temporada dif\u00edcil na categoria el\u00e9trica. Ao <strong>GRANDE PR\u00caMIO<\/strong>, Sette C\u00e2mara lamentou a leitura das regras. <\/p>\n\n\n\n<figure class=\"wp-block-image size-large\"><img decoding=\"async\" src=\"https:\/\/www.grandepremio.com\/br\/wp-content\/uploads\/2023\/10\/Sette-Camara-1024x683.jpeg\" alt=\"\" class=\"wp-image-745044\"\/><figcaption class=\"wp-element-caption\">S\u00e9rgio Sette C\u00e2mara e Dan Ticktum v\u00e3o defender a ERT em 2024 (Foto: LAT\/F\u00f3rmula E)<\/figcaption><\/figure>\n\n\n\n<p class=\"wp-block-paragraph\">&#8220;Existe um entendimento que sempre que tem bandeira vermelha \u00e9 puni\u00e7\u00e3o, independente da interpreta\u00e7\u00e3o. Fiquei chateado porque n\u00e3o tive culpa, e isso atrapalhou minha corrida em casa&#8221;. O brasileiro tamb\u00e9m <a href=\"https:\/\/www.grandepremio.com\/br\/formula-e\/noticias\/sergio-sette-camara-desclassificado-15-horas-apos-ep-de-londres-1-ignorar-ordem-fia\/\" class=\"ek-link\">chegou a ser desclassificado<\/a> no <strong>eP de Londres 1<\/strong> por ignorar uma ordem dos comiss\u00e1rios para trocar a asa dianteira danificada na primeira bandeira vermelha daquela corrida.<\/p>\n\n\n\n<p class=\"wp-block-paragraph\">Sob nova dire\u00e7\u00e3o, mas com a parceria mantida com <strong>Dan Ticktum<\/strong>, <a href=\"https:\/\/www.grandepremio.com\/br\/formula-e\/noticias\/sergio-sette-camara-destaca-relacao-com-euforico-dan-ticktum-temos-ideias-parecidas\/\" class=\"ek-link\">com quem garante que h\u00e1 um bom relacionamento<\/a> e que ambos t\u00eam ideias parecidas, S\u00e9rgio come\u00e7a 2024 na buscar por desabrochar na F\u00f3rmula E. Al\u00e9m disso, quer apagar a temporada ruim que culminou com a nona coloca\u00e7\u00e3o entre as Equipes, com 42 pontos, sendo 28 deles somados pelo brit\u00e2nico e 14 pelo brasileiro.<\/p>\n\n\n\n<p class=\"wp-block-paragraph\">Para isso, sabe das dificuldades que vai enfrentar com a ERT e <a href=\"https:\/\/www.grandepremio.com\/br\/formula-e\/noticias\/sergio-sette-camara-cita-falta-clientes-ert-admite-precisamos-parceiro-grande\/\" class=\"ek-link\">espera que a busca por novos clientes pela montadora termine<\/a> o quanto antes para que haja um investimento forte em coleta de dados para o projeto. Na ERT, o que se acredita \u00e9 que, caso forne\u00e7a motores para uma segunda equipe, ter\u00e1 mais possibilidades de desenvolver o carro. \u201cAntes de ter uma equipe cliente, precisamos de um parceiro grande e, para isso, desenvolver um motor bom para outras equipes terem o desejo de serem nossas clientes\u201d, contou ao <strong>GP<\/strong>.<\/p>\n\n\n\n<p class=\"wp-block-paragraph\">Resta saber o quanto \u00e9 poss\u00edvel melhorar num ano em que as regras t\u00e9cnicas est\u00e3o congeladas. \u00c9 poss\u00edvel sair do limbo? \u00c9 a maior d\u00favida n\u00e3o apenas para Sette C\u00e2mara e a ERT, mas para todo o grid. E \u00e9 o que o fim de semana come\u00e7a a mostrar. <\/p>\n\n\n\n<p class=\"wp-block-paragraph\">A temporada 2023\/24 da&nbsp;<a href=\"https:\/\/www.grandepremio.com\/br\/formula-e\/\" target=\"_blank\" rel=\"noreferrer noopener\">F\u00f3rmula E<\/a>&nbsp;est\u00e1 marcada para come\u00e7ar no dia 13 de janeiro, com o&nbsp;<strong>eP<\/strong>&nbsp;<strong>da<\/strong>&nbsp;<strong>Cidade<\/strong>&nbsp;<strong>do&nbsp;<a href=\"https:\/\/es.grandepremio.com\/\" target=\"_blank\" rel=\"noreferrer noopener\">M\u00e9xico<\/a><\/strong>, no&nbsp;<strong>Aut\u00f3dromo Hermanos Rodr\u00edguez<\/strong>. A&nbsp;categoria ainda passa por&nbsp;<strong>Diriyah<\/strong>,&nbsp;<strong>S\u00e3o<\/strong>&nbsp;<strong>Paulo<\/strong>,&nbsp;<strong>T\u00f3quio<\/strong>,&nbsp;<strong>Misano<\/strong>,&nbsp;<strong>M\u00f4naco<\/strong>,&nbsp;<strong><a href=\"https:\/\/www.grandepremio.com\/br\/circuito\/berlim\/\" target=\"_blank\" rel=\"noreferrer noopener\">Berlim<\/a><\/strong>,&nbsp;<strong>Xangai<\/strong>,&nbsp;<strong><a href=\"https:\/\/www.grandepremio.com\/br\/circuito\/portland-2\/\" target=\"_blank\" rel=\"noreferrer noopener\">Portland<\/a><\/strong>&nbsp;e&nbsp;<strong><a href=\"https:\/\/www.grandepremio.com\/br\/circuito\/londres\/\" target=\"_blank\" rel=\"noreferrer noopener\">Londres<\/a><\/strong>. O&nbsp;<strong>GRANDE PR\u00caMIO<\/strong>&nbsp;\u00e9 emissora oficial e transmite&nbsp;<strong><a href=\"https:\/\/www.grandepremio.com\/br\/formula-e\/noticias\/com-livesports-grande-premio-garante-transmissao-da-temporada-2024-da-formula-e\/\">TODAS AS ATIVIDADES DE PISTA<\/a><\/strong>&nbsp;da temporada&nbsp;<strong>AO VIVO<\/strong>&nbsp;e&nbsp;<strong>COM IMAGENS<\/strong>.<\/p>\n\n\n\n<p class=\"wp-block-paragraph\"><strong>\u25b6\ufe0f&nbsp;Inscreva-se nos dois canais do GRANDE PR\u00caMIO no YouTube:&nbsp;<a href=\"https:\/\/www.youtube.com\/channel\/UC9OlHEgxoaY6QY6nWPoiqQg?sub_confirmation=1\" target=\"_blank\" rel=\"noreferrer noopener\">GP<\/a>&nbsp;|&nbsp;<a href=\"https:\/\/www.youtube.com\/channel\/UC9csiS6q_C3C0FYhyr1rnFA?sub_confirmation=1\" target=\"_blank\" rel=\"noreferrer noopener\">GP2<\/a><\/strong><br><strong>\u25b6\ufe0f&nbsp;<a href=\"https:\/\/www.twitch.tv\/grandepremio\" target=\"_blank\" rel=\"noreferrer noopener\">Conhe\u00e7a o canal do GRANDE PR\u00caMIO na Twitch clicando aqui!<\/a><\/strong><\/p>\n\n\n\n<figure class=\"wp-block-embed is-type-video is-provider-youtube wp-block-embed-youtube wp-embed-aspect-16-9 wp-has-aspect-ratio\"><div class=\"wp-block-embed__wrapper\">\n<iframe loading=\"lazy\" title=\"Chegada de NATO pode ser pe\u00e7a que faltava para ANDRETTI na F\u00d3RMULA E | GP \u00e0s 10\" width=\"500\" height=\"281\" src=\"https:\/\/www.youtube.com\/embed\/XKNSSziXxqI?feature=oembed\" frameborder=\"0\" allow=\"accelerometer; autoplay; clipboard-write; encrypted-media; gyroscope; picture-in-picture; web-share\" referrerpolicy=\"strict-origin-when-cross-origin\" allowfullscreen><\/iframe>\n<\/div><figcaption class=\"wp-element-caption\">Chegada de NATO pode ser pe\u00e7a que faltava para ANDRETTI na F\u00d3RMULA E | GP \u00e0s 10<\/figcaption><\/figure>\n","protected":false},"excerpt":{"rendered":"<p>Em &#8216;nova velha casa&#8217; para 2024, S\u00e9rgio Sette C\u00e2mara quer apagar temporada dif\u00edcil na F\u00f3rmula E para, enfim, desabrochar na categoria<\/p>\n","protected":false},"author":0,"featured_media":1000664389,"comment_status":"closed","ping_status":"closed","sticky":false,"template":"","format":"standard","meta":{"42wp_featured_image_caption":"","42wp_featured_image_credits":"","42wp_featured_video":"","42wp_featured_image_hidden":false,"42wp_authors_list":[],"footnotes":""},"categories":[19],"tags":[36858,840,35967,33841,1491,28285,375,36219,1025,1195,34650],"42wp_author":[47128],"class_list":["post-90592","post","type-post","status-publish","format-standard","has-post-thumbnail","hentry","category-formula-e","tag-ert","tag-formula-e","tag-formula-e-2024","tag-formula-e-no-grande-premio","tag-grande-premio","tag-grandepremio","tag-nio","tag-onde-assistir-formula-e","tag-sergio-sette-camara","tag-sette-camara","tag-transmissao-formula-e","42wp_author-guilherme-bloisi"],"_links":{"self":[{"href":"https:\/\/grandepremio.com\/br\/wp-json\/wp\/v2\/posts\/90592","targetHints":{"allow":["GET"]}}],"collection":[{"href":"https:\/\/grandepremio.com\/br\/wp-json\/wp\/v2\/posts"}],"about":[{"href":"https:\/\/grandepremio.com\/br\/wp-json\/wp\/v2\/types\/post"}],"replies":[{"embeddable":true,"href":"https:\/\/grandepremio.com\/br\/wp-json\/wp\/v2\/comments?post=90592"}],"version-history":[{"count":0,"href":"https:\/\/grandepremio.com\/br\/wp-json\/wp\/v2\/posts\/90592\/revisions"}],"wp:featuredmedia":[{"embeddable":true,"href":"https:\/\/grandepremio.com\/br\/wp-json\/wp\/v2\/media\/1000664389"}],"wp:attachment":[{"href":"https:\/\/grandepremio.com\/br\/wp-json\/wp\/v2\/media?parent=90592"}],"wp:term":[{"taxonomy":"category","embeddable":true,"href":"https:\/\/grandepremio.com\/br\/wp-json\/wp\/v2\/categories?post=90592"},{"taxonomy":"post_tag","embeddable":true,"href":"https:\/\/grandepremio.com\/br\/wp-json\/wp\/v2\/tags?post=90592"},{"taxonomy":"42wp_author","embeddable":true,"href":"https:\/\/grandepremio.com\/br\/wp-json\/wp\/v2\/42wp_author?post=90592"}],"curies":[{"name":"wp","href":"https:\/\/api.w.org\/{rel}","templated":true}]}}