{"id":90838,"date":"2024-01-07T08:44:47","date_gmt":"2024-01-07T11:44:47","guid":{"rendered":"https:\/\/grandepremio.com\/br\/noticias\/valtteri-bottas-poe-audi-como-prioridade-seguir-f1-quero-voltar-podio\/"},"modified":"2024-01-07T08:45:01","modified_gmt":"2024-01-07T11:45:01","slug":"valtteri-bottas-poe-audi-como-prioridade-seguir-f1-quero-voltar-podio","status":"publish","type":"post","link":"https:\/\/grandepremio.com\/br\/f1\/valtteri-bottas-poe-audi-como-prioridade-seguir-f1-quero-voltar-podio\/","title":{"rendered":"Bottas p\u00f5e Audi como &#8220;prioridade&#8221; para seguir na F1: &#8220;Quero voltar ao p\u00f3dio&#8221;"},"content":{"rendered":"\n<p class=\"wp-block-paragraph\">A <strong>Audi<\/strong> est\u00e1 se preparando para assumir as opera\u00e7\u00f5es da <strong>Stake <\/strong>na <strong>F\u00f3rmula 1<\/strong> a partir de 2026, e <strong>Valtteri Bottas<\/strong> quer fazer parte do projeto da marca alem\u00e3. O finland\u00eas refor\u00e7ou o desejo de voltar a brigar por p\u00f3dios e v\u00ea a marca das quatro argolas como o melhor caminho para alcan\u00e7ar esse objetivo, por isso, colocou a negocia\u00e7\u00e3o do contrato com a Audi como sua prioridade no esporte.<\/p>\n\n\n\n<p class=\"wp-block-paragraph\">Bottas deixou a <strong>Mercedes <\/strong>e se mudou para <strong>Hinwil <\/strong>para defender a <strong>Alfa Romeo<\/strong>, hoje Stake, no in\u00edcio de 2022. Desde que chegou na nova casa, no entanto, o #77 n\u00e3o foi muito competitivo e, principalmente em 2023, teve uma campanha extremamente apagada em que somou apenas dez pontos e ficou na 15\u00aa posi\u00e7\u00e3o no <strong>Mundial de Pilotos<\/strong>.<\/p>\n\n\n\n<p class=\"wp-block-paragraph\">Valtteri \u00e9 um piloto experiente na F1 e tem no curr\u00edculo dez vit\u00f3rias e 67 p\u00f3dios. Por isso, tem planos de voltar a defender um time competitivo, e v\u00ea a Audi como a oportunidade perfeita.<\/p>\n\n\n\n<p class=\"wp-block-paragraph\">\u201cA F1 \u00e9 a principal coisa para mim. Ainda estou com vontade de voltar ao p\u00f3dio. O projeto Audi pode ser a pr\u00f3xima oportunidade. Pelo que entendi, eles tomar\u00e3o decis\u00f5es para os pr\u00f3ximos anos no in\u00edcio deste ano. Ent\u00e3o ainda n\u00e3o [iniciei as negocia\u00e7\u00f5es]. Terei essas discuss\u00f5es no primeiro trimestre deste ano\u201d, contou Bottas.<\/p>\n\n\n\n<figure class=\"wp-block-image size-large\"><img decoding=\"async\" src=\"https:\/\/www.grandepremio.com\/br\/wp-content\/uploads\/2023\/11\/abu-dhabi-2023-f1-treino-livre-alfa-romeo-valtteri-bottas-afp-03-1024x683.jpg\" alt=\"\" class=\"wp-image-757489\"\/><figcaption class=\"wp-element-caption\">Valtteri Bottas teve duas temporadas apagadas junto da Alfa Romeo (Foto: AFP)<\/figcaption><\/figure>\n\n\n\n<p class=\"wp-block-paragraph\">O finland\u00eas, no entanto, reconheceu que existe a possibilidade de a marca alem\u00e3 n\u00e3o querer contar com seus servi\u00e7os. Caso isso aconte\u00e7a, admitiu que procuraria outra equipe para poder seguir no grid<\/p>\n\n\n\n<p class=\"wp-block-paragraph\">\u201cFazer parte da Audi seria minha prioridade. Mas se por algum motivo n\u00e3o acontecer, ent\u00e3o com certeza eu falaria com outras equipes. Quero estar por perto porque sinto que ainda tenho algumas coisas inacabadas neste esporte\u201d, finalizou Bottas.<\/p>\n\n\n\n<p class=\"wp-block-paragraph\">A\u00a0<a href=\"https:\/\/www.grandepremio.com\/formula-1\/\" target=\"_blank\" rel=\"noreferrer noopener\"><\/a><a href=\"https:\/\/www.grandepremio.com\/formula-1\/\" target=\"_blank\" rel=\"noreferrer noopener\">F\u00f3rmula 1<\/a>\u00a0retorna \u00e0s pistas em\u00a0<strong>fevereiro de 2024<\/strong>, dos dias 21 a 23, no\u00a0<strong>Bahrein<\/strong>, para os testes coletivos da<strong>\u00a0pr\u00e9-temporada<\/strong>.<\/p>\n\n\n\n<p class=\"wp-block-paragraph\"><strong>\u25b6\ufe0f\u00a0Inscreva-se nos dois canais do GRANDE PR\u00caMIO no YouTube:\u00a0<a href=\"https:\/\/www.youtube.com\/channel\/UC9OlHEgxoaY6QY6nWPoiqQg?sub_confirmation=1\" target=\"_blank\" rel=\"noreferrer noopener\">GP<\/a>\u00a0|\u00a0<a href=\"https:\/\/www.youtube.com\/channel\/UC9csiS6q_C3C0FYhyr1rnFA?sub_confirmation=1\" target=\"_blank\" rel=\"noreferrer noopener\">GP2<\/a><\/strong><br><strong>\u25b6\ufe0f\u00a0<a href=\"https:\/\/www.twitch.tv\/grandepremio\" target=\"_blank\" rel=\"noreferrer noopener\">Conhe\u00e7a o canal do GRANDE PR\u00caMIO na Twitch clicando aqui!<\/a><\/strong><\/p>\n\n\n\n<figure class=\"wp-block-embed is-type-video is-provider-youtube wp-block-embed-youtube wp-embed-aspect-16-9 wp-has-aspect-ratio\"><div class=\"wp-block-embed__wrapper\">\n<iframe loading=\"lazy\" title=\"SAUBER acumula trocas de nomes e perde IDENTIDADE na F1 | GP \u00e0s 10\" width=\"500\" height=\"281\" src=\"https:\/\/www.youtube.com\/embed\/gJb0ZuiFwl0?feature=oembed\" frameborder=\"0\" allow=\"accelerometer; autoplay; clipboard-write; encrypted-media; gyroscope; picture-in-picture; web-share\" referrerpolicy=\"strict-origin-when-cross-origin\" allowfullscreen><\/iframe>\n<\/div><\/figure>\n","protected":false},"excerpt":{"rendered":"<p>Depois de dois anos apagados junto da Alfa Romeo, agora Stake, Valtteri Bottas refor\u00e7ou o desejo de voltar a ser competitivo e, para isso, espera um acordo com a Audi na F1<\/p>\n","protected":false},"author":0,"featured_media":1000757487,"comment_status":"closed","ping_status":"closed","sticky":false,"template":"","format":"standard","meta":{"42wp_featured_image_caption":"","42wp_featured_image_credits":"","42wp_featured_video":"","42wp_featured_image_hidden":false,"42wp_authors_list":[],"footnotes":""},"categories":[2],"tags":[970,1491,28285,33655,612],"42wp_author":[47149],"class_list":["post-90838","post","type-post","status-publish","format-standard","has-post-thumbnail","hentry","category-f1","tag-audi","tag-grande-premio","tag-grandepremio","tag-stake","tag-valtteri-bottas","42wp_author-bernardo-castro"],"_links":{"self":[{"href":"https:\/\/grandepremio.com\/br\/wp-json\/wp\/v2\/posts\/90838","targetHints":{"allow":["GET"]}}],"collection":[{"href":"https:\/\/grandepremio.com\/br\/wp-json\/wp\/v2\/posts"}],"about":[{"href":"https:\/\/grandepremio.com\/br\/wp-json\/wp\/v2\/types\/post"}],"replies":[{"embeddable":true,"href":"https:\/\/grandepremio.com\/br\/wp-json\/wp\/v2\/comments?post=90838"}],"version-history":[{"count":0,"href":"https:\/\/grandepremio.com\/br\/wp-json\/wp\/v2\/posts\/90838\/revisions"}],"wp:featuredmedia":[{"embeddable":true,"href":"https:\/\/grandepremio.com\/br\/wp-json\/wp\/v2\/media\/1000757487"}],"wp:attachment":[{"href":"https:\/\/grandepremio.com\/br\/wp-json\/wp\/v2\/media?parent=90838"}],"wp:term":[{"taxonomy":"category","embeddable":true,"href":"https:\/\/grandepremio.com\/br\/wp-json\/wp\/v2\/categories?post=90838"},{"taxonomy":"post_tag","embeddable":true,"href":"https:\/\/grandepremio.com\/br\/wp-json\/wp\/v2\/tags?post=90838"},{"taxonomy":"42wp_author","embeddable":true,"href":"https:\/\/grandepremio.com\/br\/wp-json\/wp\/v2\/42wp_author?post=90838"}],"curies":[{"name":"wp","href":"https:\/\/api.w.org\/{rel}","templated":true}]}}