{"id":9087,"date":"2026-05-12T16:11:26","date_gmt":"2026-05-12T19:11:26","guid":{"rendered":"https:\/\/grandepremio.com\/br\/noticias\/max-verstappen-destaca-milhares-voltas-simulador-preparacao-nurburgring\/"},"modified":"2026-05-12T17:35:55","modified_gmt":"2026-05-12T20:35:55","slug":"max-verstappen-destaca-milhares-voltas-simulador-preparacao-nurburgring","status":"publish","type":"post","link":"https:\/\/grandepremio.com\/br\/endurance\/max-verstappen-destaca-milhares-voltas-simulador-preparacao-nurburgring\/","title":{"rendered":"Verstappen destaca &#8220;milhares de voltas&#8221; no simulador como prepara\u00e7\u00e3o para N\u00fcrburgring"},"content":{"rendered":"\n<p class=\"wp-block-paragraph\">Embora tenha de enfrentar <a href=\"https:\/\/www.grandepremio.com\/br\/endurance\/noticias\/max-verstappen-maior-grid-decada-veja-lista-inscritos-24-horas-de-nurburgring\/\">um grid para l\u00e1 de estrelado<\/a> neste fim de semana, <strong>Max Verstappen<\/strong> afirmou com todas as letras que o objetivo para as primeiras <strong>24 Horas de N\u00fcrburgring<\/strong> da carreira \u00e9 a vit\u00f3ria. O tetracampe\u00e3o mundial de <strong>F\u00f3rmula 1<\/strong> tamb\u00e9m destacou como &#8220;milhares de voltas&#8221; no simulador o ajudaram a se preparar melhor para a prova no tra\u00e7ado de 20,8 km em <strong>Nordschleife<\/strong>, na <strong>Alemanha<\/strong>.<\/p>\n\n\n\n<p class=\"wp-block-paragraph\">A participa\u00e7\u00e3o do neerland\u00eas ampliou ainda mais o interesse em torno da edi\u00e7\u00e3o deste ano, a 54\u00aa da hist\u00f3ria, que <a href=\"https:\/\/www.grandepremio.com\/br\/endurance\/noticias\/com-max-verstappen-24-horas-nurburgring-esgotam-ingressos-primeira-vez\/\">conta com ingressos esgotados pela primeira vez<\/a>. O titular da <strong>Red Bull<\/strong> vai competir pela <strong>Team Verstappen Racing<\/strong> na classe <strong>SP 9 PRO<\/strong>, a principal da corrida, e dividir\u00e1 o <strong>Mercedes-AMG GT3 #3<\/strong> com <strong>Lucas Auer<\/strong>, <strong>Jules Gounon<\/strong> e <strong>Daniel Juncadella<\/strong>.<\/p>\n\n\n\n<figure class=\"wp-block-embed is-type-video is-provider-youtube wp-block-embed-youtube wp-embed-aspect-16-9 wp-has-aspect-ratio\"><div class=\"wp-block-embed__wrapper\">\n<iframe loading=\"lazy\" title=\"VERSTAPPEN NAS 24H DE N\u00dcRBURGRING | CORRIDA DE CLASSIFICA\u00c7\u00c3O 2 | ADAC NLS 2026\" width=\"500\" height=\"281\" src=\"https:\/\/www.youtube.com\/embed\/cEWKXghnfSg?start=2&amp;feature=oembed\" frameborder=\"0\" allow=\"accelerometer; autoplay; clipboard-write; encrypted-media; gyroscope; picture-in-picture; web-share\" referrerpolicy=\"strict-origin-when-cross-origin\" allowfullscreen><\/iframe>\n<\/div><\/figure>\n\n\n\n<h3 class=\"wp-block-heading has-vivid-red-color has-text-color has-link-color wp-elements-1\" id=\"h-gp-experience-o-novo-produto-do-grande-premio-conecta-voce-aos-maiores-eventos-de-esporte-a-motor-do-mundo-va-para-indianapolis-com-a-gente-nbsp-saiba-aqui-todos-os-detalhes\"><strong>+ GP EXPERIENCE: o novo produto do GRANDE PR\u00caMIO conecta voc\u00ea aos maiores eventos de esporte a motor do mundo. V\u00e1 para Indian\u00e1polis com a gente:&nbsp;<a href=\"https:\/\/gpexperience.tur.br\/\">saiba aqui todos os detalhes<\/a>.<\/strong><\/h3>\n\n\n\n<p class=\"wp-block-paragraph\">&#8220;Uma das maiores corridas do ano \u00e9, claro, as 24 Horas de N\u00fcrburgring, e \u00e9 por isso que estamos aqui. Vamos competir com um line-up profissional e comigo nesse grupo, o que \u00e9 muito legal. \u00c9 tamb\u00e9m algo que quero fazer todos os anos, com um carro ou v\u00e1rios. O principal objetivo \u00e9 vencer corridas&#8221;, disse Max ao site <em>Verstappen.com<\/em>.<\/p>\n\n\n\n<p class=\"wp-block-paragraph\">&#8220;Sucesso significa vencer. \u00c9 simples assim \u2014 \u00e9 por isso que estamos aqui. Sei que n\u00e3o vai ser f\u00e1cil, mas esse \u00e9 o objetivo de todos. Ao mesmo tempo, tamb\u00e9m estou ansioso por toda a experi\u00eancia, por dividir o carro com meus companheiros de equipe e trabalhar ao longo de todo o fim de semana&#8221;, seguiu.<\/p>\n\n\n\n<p class=\"wp-block-paragraph\">&#8220;O que mais me inspirou \u00e9 que \u00e9 uma das melhores pistas do mundo \u2014 ou a mais insana, no bom sentido \u2014 em que voc\u00ea pode correr. \u00c9 uma dessas corridas especiais em que voc\u00ea simplesmente quer competir e vencer&#8221;, destacou Verstappen.<\/p>\n\n\n\n<figure class=\"wp-block-image size-large\"><img decoding=\"async\" src=\"https:\/\/www.grandepremio.com\/br\/wp-content\/uploads\/2026\/04\/SI202604190238_hires_jpeg_24bit_rgb-1200x800.jpg\" alt=\"\" class=\"wp-image-1078879\"\/><figcaption class=\"wp-element-caption\">Max Verstappen vai competir nas 24 Horas de N\u00fcrburgring pela primeira vez (Foto: Red Bull Content Pool)<\/figcaption><\/figure>\n\n\n\n<p class=\"wp-block-paragraph\">Na sequ\u00eancia, o neerland\u00eas tamb\u00e9m falou sobre a prepara\u00e7\u00e3o para a corrida. Em um tra\u00e7ado com cerca de 20 km de extens\u00e3o, mais de 150 curvas e uma varia\u00e7\u00e3o de eleva\u00e7\u00e3o de 300 metros, \u00e9 preciso estar muito bem preparado para encarar a neblina e as condi\u00e7\u00f5es de pouca visibilidade \u00e0 noite ao longo da prova.<\/p>\n\n\n\n<p class=\"wp-block-paragraph\">&#8220;Para mim, tudo come\u00e7ou no simulador. Dei milhares de voltas para aprender o tra\u00e7ado e disputei v\u00e1rias corridas de 24 horas no N\u00fcrburgring virtual. Ent\u00e3o, quando fui para a pista pela primeira vez na vida real, conhecer o circuito n\u00e3o foi o problema&#8221;, lembrou.<\/p>\n\n\n\n<p class=\"wp-block-paragraph\">&#8220;A quest\u00e3o era entender as novas zebras, os n\u00edveis de ader\u00eancia e, claro, compreender o carro de verdade, com as for\u00e7as G e as compress\u00f5es. Com certeza, o simulador ajudou muito para estar competitivo imediatamente&#8221;, concluiu Verstappen.<\/p>\n\n\n\n<p class=\"wp-block-paragraph\">A edi\u00e7\u00e3o 2026 das 24 Horas de N\u00fcrburgring acontecem entre os dias 16 e 17 de maio, com transmiss\u00e3o do\u00a0<strong>GRANDE PR\u00caMIO\u00a0<\/strong>pelo canal do YouTube e tamb\u00e9m pela\u00a0<strong>GPTV<\/strong>.<\/p>\n\n\n\n<p class=\"wp-block-paragraph\">\u25b6\ufe0f <strong>Inscreva-se nos dois canais do GRANDE PR\u00caMIO no YouTube:&nbsp;<a href=\"https:\/\/www.youtube.com\/channel\/UC9OlHEgxoaY6QY6nWPoiqQg?sub_confirmation=1\">GP<\/a>&nbsp;|&nbsp;<a href=\"https:\/\/www.youtube.com\/channel\/UC9csiS6q_C3C0FYhyr1rnFA?sub_confirmation=1\">GPTV<\/a><\/strong><\/p>\n\n\n\n<h2 class=\"wp-block-heading\" id=\"h-verstappen-em-nurburgring-saiba-aqui-as-noticias-mais-importantes\"><strong>Verstappen em N\u00fcrburgring: saiba aqui as not\u00edcias mais importantes<\/strong><\/h2>\n\n\n\n<p class=\"wp-block-paragraph\">\u25b6\ufe0f <a href=\"https:\/\/www.grandepremio.com\/br\/endurance\/noticias\/max-verstappen-maior-grid-decada-veja-lista-inscritos-24-horas-de-nurburgring\/\"><strong>Verstappen e maior grid da d\u00e9cada: veja lista de inscritos das 24H de N\u00fcrburgring<\/strong><\/a><br>\u25b6\ufe0f <a href=\"https:\/\/www.grandepremio.com\/br\/endurance\/noticias\/com-max-verstappen-24-horas-nurburgring-esgotam-ingressos-primeira-vez\/\"><strong>Com Verstappen, ingressos das 24 Horas de N\u00fcrburgring esgotam pela primeira vez<\/strong><\/a><br>\u25b6\ufe0f <a href=\"https:\/\/www.grandepremio.com\/br\/endurance\/noticias\/max-verstappen-expoe-desejo-correr-24-horas-spa-teria-feito-tivesse-tempo\/\"><strong>Verstappen exp\u00f5e desejo de correr 24 Horas de Spa: \u201cJ\u00e1 teria feito se tivesse tempo\u201d<\/strong><\/a><\/p>\n","protected":false},"excerpt":{"rendered":"<p>Prestes a encarar as 24 Horas de N\u00fcrburgring pela primeira vez na carreira, Max Verstappen detalhou a prepara\u00e7\u00e3o feita no simulador e definiu o objetivo para a prova deste fim de semana<\/p>\n","protected":false},"author":0,"featured_media":1001078387,"comment_status":"closed","ping_status":"closed","sticky":false,"template":"","format":"standard","meta":{"42wp_featured_image_caption":"","42wp_featured_image_credits":"","42wp_featured_video":"","42wp_featured_image_hidden":false,"42wp_authors_list":[],"footnotes":""},"categories":[18],"tags":[19629,43944,43943,427,5708,1491,28285,46561,203,82,3799,46408,204,46559],"42wp_author":[47160],"class_list":["post-9087","post","type-post","status-publish","format-standard","has-post-thumbnail","hentry","category-endurance","tag-24h-nurburgring","tag-calendario-endurance","tag-classificacao-endurance","tag-endurance","tag-endurance-brasil","tag-grande-premio","tag-grandepremio","tag-horarios-endurance","tag-max-verstappen","tag-mercedes","tag-nurburgring","tag-nurburgring-langstrecken-series","tag-red-bull","tag-temporada-2026-endurance","42wp_author-vicente-soella"],"_links":{"self":[{"href":"https:\/\/grandepremio.com\/br\/wp-json\/wp\/v2\/posts\/9087","targetHints":{"allow":["GET"]}}],"collection":[{"href":"https:\/\/grandepremio.com\/br\/wp-json\/wp\/v2\/posts"}],"about":[{"href":"https:\/\/grandepremio.com\/br\/wp-json\/wp\/v2\/types\/post"}],"replies":[{"embeddable":true,"href":"https:\/\/grandepremio.com\/br\/wp-json\/wp\/v2\/comments?post=9087"}],"version-history":[{"count":0,"href":"https:\/\/grandepremio.com\/br\/wp-json\/wp\/v2\/posts\/9087\/revisions"}],"wp:featuredmedia":[{"embeddable":true,"href":"https:\/\/grandepremio.com\/br\/wp-json\/wp\/v2\/media\/1001078387"}],"wp:attachment":[{"href":"https:\/\/grandepremio.com\/br\/wp-json\/wp\/v2\/media?parent=9087"}],"wp:term":[{"taxonomy":"category","embeddable":true,"href":"https:\/\/grandepremio.com\/br\/wp-json\/wp\/v2\/categories?post=9087"},{"taxonomy":"post_tag","embeddable":true,"href":"https:\/\/grandepremio.com\/br\/wp-json\/wp\/v2\/tags?post=9087"},{"taxonomy":"42wp_author","embeddable":true,"href":"https:\/\/grandepremio.com\/br\/wp-json\/wp\/v2\/42wp_author?post=9087"}],"curies":[{"name":"wp","href":"https:\/\/api.w.org\/{rel}","templated":true}]}}