{"id":90902,"date":"2024-01-05T15:49:05","date_gmt":"2024-01-05T18:49:05","guid":{"rendered":"https:\/\/grandepremio.com\/br\/noticias\/formula-e-confirma-cancelamento-ep-hyderabad-sofre-baixa-calendario\/"},"modified":"2024-01-05T16:09:32","modified_gmt":"2024-01-05T19:09:32","slug":"formula-e-confirma-cancelamento-ep-hyderabad-sofre-baixa-calendario","status":"publish","type":"post","link":"https:\/\/grandepremio.com\/br\/formula-e\/formula-e-confirma-cancelamento-ep-hyderabad-sofre-baixa-calendario\/","title":{"rendered":"F\u00f3rmula E confirma cancelamento do eP de Hyderabad e sofre baixa no calend\u00e1rio"},"content":{"rendered":"\n<p class=\"wp-block-paragraph\">O <strong>eP de Hyderabad<\/strong> n\u00e3o vai seguir no cronograma da <strong>F\u00f3rmula E<\/strong> para a temporada 2024, causando mais uma baixa no calend\u00e1rio da categoria de carros el\u00e9tricos. <a href=\"https:\/\/www.grandepremio.com\/br\/formula-e\/noticias\/crise-politica-aproxima-formula-e-cancelar-ep-de-hyderabad-vesperas-temporada-2024\/\" class=\"ek-link\">Uma crise pol\u00edtica se instaurou rapidamente pela regi\u00e3o da cidade indiana nas \u00faltimas semanas<\/a> e acabou gerando o cancelamento da prova que estava marcada para fevereiro.<\/p>\n\n\n\n<p class=\"wp-block-paragraph\">Em comunicado, a F\u00f3rmula E afirma que &#8220;o cancelamento acontece depois de uma decis\u00e3o do Governo de Telangana&#8221;, onde a cidade est\u00e1 situada, descumprindo assim o acordo firmado no \u00faltimo dia 30 de outubro. A categoria ainda pontua que n\u00e3o teve outra op\u00e7\u00e3o a n\u00e3o ser notificar as autoridades locais sobre a quebra de contrato e que vai aplicar as a\u00e7\u00f5es jur\u00eddicas necess\u00e1rias.<\/p>\n\n\n\n<p class=\"wp-block-paragraph\">A situa\u00e7\u00e3o em\u00a0<a href=\"https:\/\/www.grandepremio.com\/br\/circuito\/hyderabad\/\" target=\"_blank\" rel=\"noreferrer noopener\">Hyderabad<\/a>\u00a0se complicou ap\u00f3s investiga\u00e7\u00e3o da <strong>Comiss\u00e3o Eleitoral da \u00cdndia<\/strong> concluir que o j\u00e1 suspenso\u00a0<strong>Anjani Kumar<\/strong>, diretor-geral da pol\u00edcia local, violou o c\u00f3digo de conduta durante a contabiliza\u00e7\u00e3o de votos do per\u00edodo eleitoral em quatro estados \u2014\u00a0<strong>Telangana<\/strong>,\u00a0<strong>Madhya Pradesh<\/strong>,\u00a0<strong>Chhattisgarh\u00a0<\/strong>e\u00a0<strong>Rajasthan<\/strong>. Com o congresso no comando at\u00e9 o momento, as prioridades locais mudaram e a corrida acabou em segundo plano.<\/p>\n\n\n\n<p class=\"wp-block-paragraph\">A etapa em Hyderabad estava marcada para 10 de fevereiro e agora abre um espa\u00e7o de dois meses sem provas da F\u00f3rmula E, entre <strong>Diriyah<\/strong>, no final de janeiro, e <strong>S\u00e3o Paulo<\/strong>, em mar\u00e7o. Esta, ali\u00e1s, seria a \u00fanica prova com chancela da <strong>Federa\u00e7\u00e3o Internacional de Automobilismo (FIA)<\/strong> na \u00cdndia em 2024. A aus\u00eancia foi mencionada por <strong>Alberto Longo<\/strong>, co-fundador da categoria, em comunicado. <\/p>\n\n\n\n<figure class=\"wp-block-image size-large\"><img decoding=\"async\" src=\"https:\/\/www.grandepremio.com\/br\/wp-content\/uploads\/2023\/02\/EPS904_093458_V6A1551-2048x2048-1-1024x683.jpg\" alt=\"\" class=\"wp-image-651977\"\/><figcaption class=\"wp-element-caption\">eP de Hyderabad faria segunda apari\u00e7\u00e3o na F\u00f3rmula E em fevereiro (Foto: F\u00f3rmula E)<\/figcaption><\/figure>\n\n\n\n<p class=\"wp-block-paragraph\">&#8220;Estamos profundamente decepcionados pela enorme base de f\u00e3s do automobilismo na \u00cdndia. Sabemos que sediar uma corrida de um campeonato mundial \u00e9 importante e um momento de prest\u00edgio para Hyderabad e todo o pa\u00eds&#8221;, declarou.<\/p>\n\n\n\n<p class=\"wp-block-paragraph\"><strong>Jeff Dodds<\/strong>, diretor-executivo da F\u00f3rmula E, tamb\u00e9m se pronunciou ap\u00f3s a decis\u00e3o. &#8220;\u00c9 frustrante que n\u00e3o possamos repetir o sucesso da corrida inaugural, feita no ano passado, que entregou quase US$ 84 milh\u00f5es (cerca de R$ 409 milh\u00f5es) em impacto econ\u00f4mico na regi\u00e3o. Tamb\u00e9m estamos tristes por nossos grandes parceiros indianos&#8221;, disse o dirigente.<\/p>\n\n\n\n<h2 class=\"wp-block-heading\" id=\"h-ep-de-hyderabad-ja-havia-sido-salvo-uma-vez\">eP de Hyderabad j\u00e1 havia sido salvo uma vez<\/h2>\n\n\n\n<p class=\"wp-block-paragraph\">A verdade \u00e9 que a realiza\u00e7\u00e3o da corrida na \u00cdndia se mostrava bastante problem\u00e1tica desde o princ\u00edpio dos trabalhos. No evento de estreia, em fevereiro de 2023, embora o tra\u00e7ado tenha sido amplamente elogiado, a estrutura f\u00edsica do circuito de rua e do paddock, inclusive os banheiros, fora bastante criticada por pilotos e parte do p\u00fablico. Mesmo assim, nada que abalasse a inten\u00e7\u00e3o de seguir com a cidade no calend\u00e1rio. Era necess\u00e1rio fazer apenas alguns ajustes.<\/p>\n\n\n\n<p class=\"wp-block-paragraph\">S\u00f3 que, no \u00faltimo m\u00eas de setembro, quando o calend\u00e1rio provis\u00f3rio j\u00e1 havia sido at\u00e9 desenhado,\u00a0<strong><a href=\"https:\/\/www.grandepremio.com\/br\/formula-e\/noticias\/formula-e-derrota-calendario-planejado-hyderabad-sair-cena-apos-1-ano\/\">um problema terminal for\u00e7ou a decis\u00e3o de desistir do eP de Hyderabad<\/a><\/strong>. A quest\u00e3o era de ordem financeira: o grande financiador da corrida, al\u00e9m de promotor, havia sido o Grupo Greenko, gigante indiano do ramo de tecnologia envolvendo energias renov\u00e1veis (solar, e\u00f3lica e de hidrog\u00eanio), al\u00e9m do aux\u00edlio do governo estadual de Telangana, onde fica a cidade. Acontece que o Greenko retirou o financiamento.<\/p>\n\n\n\n<p class=\"wp-block-paragraph\">Quando tudo parecia perdido, entretanto, o governo local de Telangana e\u00a0<a href=\"https:\/\/www.grandepremio.com\/br\/circuito\/hyderabad\/\" target=\"_blank\" rel=\"noreferrer noopener\">Hyderabad<\/a>\u00a0resolveu fazer o aporte financeiro e garantir o evento no calend\u00e1rio, oficializado em outubro. Pouco mais de dois meses depois e a cerca de um m\u00eas da corrida, por\u00e9m, os esfor\u00e7os da cidade sofrem nova pancada.<\/p>\n\n\n\n<p class=\"wp-block-paragraph\">A temporada 2023\/24 da&nbsp;<a href=\"https:\/\/www.grandepremio.com\/br\/formula-e\/\" target=\"_blank\" rel=\"noreferrer noopener\">F\u00f3rmula E<\/a>&nbsp;est\u00e1 marcada para come\u00e7ar no dia 13 de janeiro, com o&nbsp;<strong>eP<\/strong>&nbsp;<strong>da<\/strong>&nbsp;<strong>Cidade<\/strong>&nbsp;<strong>do&nbsp;<a href=\"https:\/\/es.grandepremio.com\/\" target=\"_blank\" rel=\"noreferrer noopener\">M\u00e9xico<\/a><\/strong>, no Aut\u00f3dromo Hermanos Rodr\u00edguez. A categoria ainda passa por&nbsp;<strong>Diriyah<\/strong>,&nbsp;<strong>S\u00e3o<\/strong>&nbsp;<strong>Paulo<\/strong>,&nbsp;<strong>T\u00f3quio<\/strong>,&nbsp;<strong>Misano<\/strong>,&nbsp;<strong>M\u00f4naco<\/strong>,&nbsp;<strong><a href=\"https:\/\/www.grandepremio.com\/br\/circuito\/berlim\/\" target=\"_blank\" rel=\"noreferrer noopener\">Berlim<\/a><\/strong>,&nbsp;<strong>Xangai<\/strong>,&nbsp;<strong><a href=\"https:\/\/www.grandepremio.com\/br\/circuito\/portland-2\/\" target=\"_blank\" rel=\"noreferrer noopener\">Portland<\/a><\/strong>&nbsp;e&nbsp;<strong><a href=\"https:\/\/www.grandepremio.com\/br\/circuito\/londres\/\" target=\"_blank\" rel=\"noreferrer noopener\">Londres<\/a><\/strong>. O&nbsp;<strong>GRANDE PR\u00caMIO<\/strong>&nbsp;\u00e9 emissora oficial e transmite&nbsp;<strong><a href=\"https:\/\/www.grandepremio.com\/br\/formula-e\/noticias\/com-livesports-grande-premio-garante-transmissao-da-temporada-2024-da-formula-e\/\">TODAS AS ATIVIDADES DE PISTA<\/a><\/strong>&nbsp;da temporada&nbsp;<strong>AO VIVO<\/strong>&nbsp;e&nbsp;<strong>COM IMAGENS<\/strong>.<\/p>\n\n\n\n<p class=\"wp-block-paragraph\"><strong>\u25b6\ufe0f\u00a0Inscreva-se nos dois canais do GRANDE PR\u00caMIO no YouTube:\u00a0<a href=\"https:\/\/www.youtube.com\/channel\/UC9OlHEgxoaY6QY6nWPoiqQg?sub_confirmation=1\" target=\"_blank\" rel=\"noreferrer noopener\">GP<\/a>\u00a0|\u00a0<a href=\"https:\/\/www.youtube.com\/channel\/UC9csiS6q_C3C0FYhyr1rnFA?sub_confirmation=1\" target=\"_blank\" rel=\"noreferrer noopener\">GP2<\/a><\/strong><br><strong>\u25b6\ufe0f\u00a0<a href=\"https:\/\/www.twitch.tv\/grandepremio\" target=\"_blank\" rel=\"noreferrer noopener\">Conhe\u00e7a o canal do GRANDE PR\u00caMIO na Twitch clicando aqui!<\/a><\/strong><\/p>\n\n\n\n<figure class=\"wp-block-embed is-type-video is-provider-youtube wp-block-embed-youtube wp-embed-aspect-16-9 wp-has-aspect-ratio\"><div class=\"wp-block-embed__wrapper\">\n<iframe loading=\"lazy\" title=\"CASSIDY E EVANS NA JAGUAR: dupla CAMPE\u00c3 ou IMPLOS\u00c3O neozelandesa? | GP \u00e0s 10\" width=\"500\" height=\"281\" src=\"https:\/\/www.youtube.com\/embed\/R_gPXY2eHXI?feature=oembed\" frameborder=\"0\" allow=\"accelerometer; autoplay; clipboard-write; encrypted-media; gyroscope; picture-in-picture; web-share\" referrerpolicy=\"strict-origin-when-cross-origin\" allowfullscreen><\/iframe>\n<\/div><\/figure>\n","protected":false},"excerpt":{"rendered":"<p>A F\u00f3rmula E anunciou o cancelamento da etapa de Hyderabad, na \u00cdndia, que sofre com diversos problemas pol\u00edticos. A decis\u00e3o abre uma lacuna logo no in\u00edcio da temporada 2024 da categoria de carros el\u00e9tricos<\/p>\n","protected":false},"author":0,"featured_media":1000651030,"comment_status":"closed","ping_status":"closed","sticky":false,"template":"","format":"standard","meta":{"42wp_featured_image_caption":"","42wp_featured_image_credits":"","42wp_featured_video":"","42wp_featured_image_hidden":false,"42wp_authors_list":[],"footnotes":""},"categories":[19],"tags":[28679,6853,33215,840,35967,1491,28285,35442,11465,36219,37653],"42wp_author":[47135],"class_list":["post-90902","post","type-post","status-publish","format-standard","has-post-thumbnail","hentry","category-formula-e","tag-calendario-formula-e","tag-classificacao-formula-e","tag-ep-de-hyderabad","tag-formula-e","tag-formula-e-2024","tag-grande-premio","tag-grandepremio","tag-horarios-formula-e","tag-india","tag-onde-assistir-formula-e","tag-temporada-2024-da-formula-e","42wp_author-pedro-luis-cuenca"],"_links":{"self":[{"href":"https:\/\/grandepremio.com\/br\/wp-json\/wp\/v2\/posts\/90902","targetHints":{"allow":["GET"]}}],"collection":[{"href":"https:\/\/grandepremio.com\/br\/wp-json\/wp\/v2\/posts"}],"about":[{"href":"https:\/\/grandepremio.com\/br\/wp-json\/wp\/v2\/types\/post"}],"replies":[{"embeddable":true,"href":"https:\/\/grandepremio.com\/br\/wp-json\/wp\/v2\/comments?post=90902"}],"version-history":[{"count":0,"href":"https:\/\/grandepremio.com\/br\/wp-json\/wp\/v2\/posts\/90902\/revisions"}],"wp:featuredmedia":[{"embeddable":true,"href":"https:\/\/grandepremio.com\/br\/wp-json\/wp\/v2\/media\/1000651030"}],"wp:attachment":[{"href":"https:\/\/grandepremio.com\/br\/wp-json\/wp\/v2\/media?parent=90902"}],"wp:term":[{"taxonomy":"category","embeddable":true,"href":"https:\/\/grandepremio.com\/br\/wp-json\/wp\/v2\/categories?post=90902"},{"taxonomy":"post_tag","embeddable":true,"href":"https:\/\/grandepremio.com\/br\/wp-json\/wp\/v2\/tags?post=90902"},{"taxonomy":"42wp_author","embeddable":true,"href":"https:\/\/grandepremio.com\/br\/wp-json\/wp\/v2\/42wp_author?post=90902"}],"curies":[{"name":"wp","href":"https:\/\/api.w.org\/{rel}","templated":true}]}}