{"id":90998,"date":"2024-01-04T08:47:39","date_gmt":"2024-01-04T11:47:39","guid":{"rendered":"https:\/\/grandepremio.com\/br\/noticias\/ross-brawn-cita-fernando-alonso-michael-schumacher-parou-correr-cedo-demais-seria-octa\/"},"modified":"2024-01-04T10:13:42","modified_gmt":"2024-01-04T13:13:42","slug":"ross-brawn-cita-fernando-alonso-michael-schumacher-parou-correr-cedo-demais-seria-octa","status":"publish","type":"post","link":"https:\/\/grandepremio.com\/br\/f1\/ross-brawn-cita-fernando-alonso-michael-schumacher-parou-correr-cedo-demais-seria-octa\/","title":{"rendered":"Brawn cita Alonso e diz que Schumacher parou de correr &#8220;cedo demais&#8221;: &#8220;Seria octa&#8221;"},"content":{"rendered":"\n<p class=\"wp-block-paragraph\">O retorno de <strong>Michael Schumacher<\/strong> \u00e0s pistas aos 41 anos levantou muitas discuss\u00f5es na ocasi\u00e3o sobre o quanto a idade poderia pesar no desempenho do heptacampe\u00e3o, mas <strong>Ross Brawn<\/strong> acredita que o amigo teria conquistado o oitavo t\u00edtulo caso tivesse permanecido por mais tempo. O ex-dirigente citou <strong>Fernando Alonso<\/strong> para exemplificar como \u00e9 poss\u00edvel competir em alto n\u00edvel na <strong>F\u00f3rmula 1<\/strong> atual mesmo ap\u00f3s os 40.<\/p>\n\n\n\n<p class=\"wp-block-paragraph\">A primeira aposentadoria de Schumacher foi ao final da temporada 2006, quando ainda corria na <strong>Ferrari<\/strong>. O alem\u00e3o, por\u00e9m, surpreendeu o mundo ao aceitar formar o duo germ\u00e2nico da <strong>Mercedes <\/strong>\u2014 montadora alem\u00e3 que comprou a <strong>Brawn GP<\/strong> ao final de 2009 \u2014 em 2010, junto com <strong>Nico Rosberg<\/strong>.<\/p>\n\n\n\n<p class=\"wp-block-paragraph\">Foi uma volta muito celebrada, por\u00e9m mais discreta que o esperado. Ao longo das tr\u00eas temporadas realizadas, Schumacher alcan\u00e7ou o melhor resultado no <strong>GP da Europa de 2012<\/strong>, quando cruzou a linha de chegada em terceiro. Ainda foi o mais r\u00e1pido na classifica\u00e7\u00e3o do <strong>GP de M\u00f4naco <\/strong>naquele ano, mas perdeu cinco posi\u00e7\u00f5es no grid por conta de um acidente na corrida anterior, na <strong>Espanha<\/strong>, com <strong>Bruno Senna<\/strong>.<\/p>\n\n\n\n<p class=\"wp-block-paragraph\">Brawn falou com o jornal alem\u00e3o Bild na semana em que o tr\u00e1gico acidente de esqui de Schumacher nos Alpes Franceses completou dez anos. Certo de que o amigo <a href=\"https:\/\/www.grandepremio.com\/br\/f1\/noticias\/ross-brawn-michael-schumacher-considerava-acionista-mercedes-teria-equipe\/\" class=\"ek-link\">continuaria envolvido com a F1, por\u00e9m nos bastidores, como dirigente<\/a>, Ross lamentou o que hoje considera uma aposentadoria precoce de Michael.<\/p>\n\n\n\n<figure class=\"wp-block-image size-large\"><img decoding=\"async\" src=\"https:\/\/www.grandepremio.com\/br\/wp-content\/uploads\/2022\/11\/Fil2ej6WAAIPKAA-1024x576.jpg\" alt=\"\" class=\"wp-image-636991\"\/><figcaption class=\"wp-element-caption\">Ross Brawn fez parceria dominante com Michael Schumacher na F1 (Foto: Reprodu\u00e7\u00e3o\/Twitter)<\/figcaption><\/figure>\n\n\n\n<p class=\"wp-block-paragraph\">&#8220;Cada vez mais percebo que talvez ele tenha pendurado o capacete cedo demais&#8221;, analisou o brit\u00e2nico. &#8220;Ele plantou a semente do sucesso na Mercedes de 2010 a 2012. E Fernando Alonso prova ainda hoje, com uma idade semelhante \u00e0 de Michael, que desempenhos a n\u00edvel mundial tamb\u00e9m podem ser alcan\u00e7ados acima dos 40 anos&#8221;, acrescentou.<\/p>\n\n\n\n<p class=\"wp-block-paragraph\">Em 2014, a F\u00f3rmula 1 passou por uma revolu\u00e7\u00e3o em seus motores com o in\u00edcio da era h\u00edbrida, e foi justamente a Mercedes a equipe que dominou o cen\u00e1rio, conquistando oito t\u00edtulos consecutivos entre os Construtores. \u00c9 por isso que Brawn n\u00e3o tem d\u00favidas de que Schumacher seria campe\u00e3o novamente se tivesse continuado a correr.<\/p>\n\n\n\n<p class=\"wp-block-paragraph\">&#8220;Se Michael ainda estivesse ativo em 2014, ele poderia ter conquistado o t\u00edtulo&#8221;, finalizou Ross.<\/p>\n\n\n\n<p class=\"wp-block-paragraph\">A F\u00f3rmula 1 volta \u00e0s pistas de 21 a 23 de fevereiro, com os testes coletivos da pr\u00e9-temporada, no circuito de Sakhir, no Bahrein.<\/p>\n\n\n\n<p class=\"wp-block-paragraph\"><strong>\u25b6\ufe0f\u00a0Inscreva-se nos dois canais do GRANDE PR\u00caMIO no YouTube:\u00a0<a href=\"https:\/\/www.youtube.com\/channel\/UC9OlHEgxoaY6QY6nWPoiqQg?sub_confirmation=1\" target=\"_blank\" rel=\"noreferrer noopener\">GP<\/a>\u00a0|\u00a0<a href=\"https:\/\/www.youtube.com\/channel\/UC9csiS6q_C3C0FYhyr1rnFA?sub_confirmation=1\" target=\"_blank\" rel=\"noreferrer noopener\">GP2<\/a><\/strong><br><strong>\u25b6\ufe0f\u00a0<a href=\"https:\/\/www.twitch.tv\/grandepremio\" target=\"_blank\" rel=\"noreferrer noopener\">Conhe\u00e7a o canal do GRANDE PR\u00caMIO na Twitch clicando aqui!<\/a><\/strong><\/p>\n\n\n\n<figure class=\"wp-block-embed is-type-video is-provider-youtube wp-block-embed-youtube wp-embed-aspect-16-9 wp-has-aspect-ratio\"><div class=\"wp-block-embed__wrapper\">\n<iframe loading=\"lazy\" title=\"ESPECIAL MICHAEL SCHUMACHER: acidente de esqui completa 10 anos | Paddock Sprint\" width=\"500\" height=\"281\" src=\"https:\/\/www.youtube.com\/embed\/68jJYLQHD_s?feature=oembed\" frameborder=\"0\" allow=\"accelerometer; autoplay; clipboard-write; encrypted-media; gyroscope; picture-in-picture; web-share\" referrerpolicy=\"strict-origin-when-cross-origin\" allowfullscreen><\/iframe>\n<\/div><\/figure>\n","protected":false},"excerpt":{"rendered":"<p>Michael Schumacher parou de correr para valer ao final de 2012, antes do in\u00edcio da era h\u00edbrida e de dom\u00ednio da Mercedes na F1. Se tivesse continuado com a equipe, teria sido campe\u00e3o pela oitava vez, assegura Ross Brawn<\/p>\n","protected":false},"author":0,"featured_media":1000767219,"comment_status":"closed","ping_status":"closed","sticky":false,"template":"","format":"standard","meta":{"42wp_featured_image_caption":"","42wp_featured_image_credits":"","42wp_featured_video":"","42wp_featured_image_hidden":false,"42wp_authors_list":[],"footnotes":""},"categories":[2],"tags":[26271,5273,147,3230,176,180,30909,1491,28285,30840,82,758,35129,145,33301],"42wp_author":[47147],"class_list":["post-90998","post","type-post","status-publish","format-standard","has-post-thumbnail","hentry","category-f1","tag-calendario-f1","tag-classificacao-f1","tag-f1","tag-f1-2024","tag-fernando-alonso","tag-formula-1","tag-formula-1-2024","tag-grande-premio","tag-grandepremio","tag-horarios-f1","tag-mercedes","tag-michael-schumacher","tag-onde-assistir-f1","tag-ross-brawn","tag-temporada-2024-f1","42wp_author-luana-marino"],"_links":{"self":[{"href":"https:\/\/grandepremio.com\/br\/wp-json\/wp\/v2\/posts\/90998","targetHints":{"allow":["GET"]}}],"collection":[{"href":"https:\/\/grandepremio.com\/br\/wp-json\/wp\/v2\/posts"}],"about":[{"href":"https:\/\/grandepremio.com\/br\/wp-json\/wp\/v2\/types\/post"}],"replies":[{"embeddable":true,"href":"https:\/\/grandepremio.com\/br\/wp-json\/wp\/v2\/comments?post=90998"}],"version-history":[{"count":0,"href":"https:\/\/grandepremio.com\/br\/wp-json\/wp\/v2\/posts\/90998\/revisions"}],"wp:featuredmedia":[{"embeddable":true,"href":"https:\/\/grandepremio.com\/br\/wp-json\/wp\/v2\/media\/1000767219"}],"wp:attachment":[{"href":"https:\/\/grandepremio.com\/br\/wp-json\/wp\/v2\/media?parent=90998"}],"wp:term":[{"taxonomy":"category","embeddable":true,"href":"https:\/\/grandepremio.com\/br\/wp-json\/wp\/v2\/categories?post=90998"},{"taxonomy":"post_tag","embeddable":true,"href":"https:\/\/grandepremio.com\/br\/wp-json\/wp\/v2\/tags?post=90998"},{"taxonomy":"42wp_author","embeddable":true,"href":"https:\/\/grandepremio.com\/br\/wp-json\/wp\/v2\/42wp_author?post=90998"}],"curies":[{"name":"wp","href":"https:\/\/api.w.org\/{rel}","templated":true}]}}