{"id":9100,"date":"2026-05-12T10:12:37","date_gmt":"2026-05-12T13:12:37","guid":{"rendered":"https:\/\/grandepremio.com\/br\/noticias\/chefe-mercedes-grande-surpresa-crescimento-red-bull-gp-de-miami\/"},"modified":"2026-05-12T12:34:05","modified_gmt":"2026-05-12T15:34:05","slug":"chefe-mercedes-grande-surpresa-crescimento-red-bull-gp-de-miami","status":"publish","type":"post","link":"https:\/\/grandepremio.com\/br\/f1\/chefe-mercedes-grande-surpresa-crescimento-red-bull-gp-de-miami\/","title":{"rendered":"Chefe da Mercedes admite &#8220;grande surpresa&#8221; com crescimento da Red Bull no GP de Miami"},"content":{"rendered":"\n<p class=\"wp-block-paragraph\">A evolu\u00e7\u00e3o da <strong>Red Bull <\/strong>no hiato da <strong>F1 <\/strong>entre as etapas de <strong>Jap\u00e3o <\/strong>e <strong>Miami <\/strong>chamou aten\u00e7\u00e3o de <strong>Toto Wolff<\/strong>, chefe da <strong>Mercedes<\/strong>. De acordo com o austr\u00edaco, estar no primeiro ano de um novo regulamento j\u00e1 faz a equipe esperar grandes saltos das rivais, como a <strong>McLaren<\/strong>; ainda assim, nada o preparou para o crescimento dos taurinos na chegada aos <strong>Estados Unidos<\/strong>.<\/p>\n\n\n\n<p class=\"wp-block-paragraph\">&#8220;Ainda estamos no in\u00edcio do ciclo de regulamento, a curva de desenvolvimento \u00e9 muito \u00edngreme. Ent\u00e3o, esper\u00e1vamos que a McLaren, com um pacote significativo de atualiza\u00e7\u00f5es, ganhasse at\u00e9 <strong>0s5<\/strong>&#8220;, explicou Wolff ao jornal italiano <em>La Gazzetta dello Sport<\/em>. &#8220;Preciso dizer que a Red Bull foi uma grande surpresa&#8221;, admitiu.<\/p>\n\n\n\n<figure class=\"wp-block-embed is-type-video is-provider-youtube wp-block-embed-youtube wp-embed-aspect-16-9 wp-has-aspect-ratio\"><div class=\"wp-block-embed__wrapper\">\n<iframe loading=\"lazy\" title=\"QUE HIST\u00d3RIA \u00c9 ESSA: VERSTAPPEN RUMO AO WEC, HAMILTON E ALONSO FORA DA F1? | Paddock GP\" width=\"500\" height=\"281\" src=\"https:\/\/www.youtube.com\/embed\/qIAZSCfwN2A?feature=oembed\" frameborder=\"0\" allow=\"accelerometer; autoplay; clipboard-write; encrypted-media; gyroscope; picture-in-picture; web-share\" referrerpolicy=\"strict-origin-when-cross-origin\" allowfullscreen><\/iframe>\n<\/div><\/figure>\n\n\n\n<p class=\"has-vivid-red-color has-text-color has-link-color wp-elements-1 wp-block-paragraph\"><strong>+ GP EXPERIENCE: o novo produto do GRANDE PR\u00caMIO conecta voc\u00ea aos maiores eventos de esporte a motor do mundo. V\u00e1 para Indian\u00e1polis com a gente:&nbsp;<a href=\"https:\/\/gpexperience.tur.br\/\">saiba aqui todos os detalhes<\/a>.<\/strong><\/p>\n\n\n\n<p class=\"wp-block-paragraph\">No Jap\u00e3o, a Red Bull sofreu e n\u00e3o conseguiu passar de um <strong>oitavo <\/strong>lugar com <strong>Max Verstappen<\/strong>, que ficou preso atr\u00e1s da <strong>Alpine <\/strong>de <strong>Pierre Gasly<\/strong>. <strong>Isack Hadjar<\/strong> teve dia ainda pior e foi <strong>12\u00ba<\/strong>, sem pontos. Em Miami, apesar do fim de semana desastroso do franc\u00eas, o tetracampe\u00e3o brigou pela pole, largou na primeira fila e, mesmo ap\u00f3s rodar no in\u00edcio e prejudicar bastante a pr\u00f3pria prova, terminou em <strong>quinto<\/strong>. Apenas carros de Mercedes e McLaren ficaram \u00e0 frente.<\/p>\n\n\n\n<p class=\"wp-block-paragraph\">&#8220;Porque eles deram um passo enorme \u00e0 frente, estavam a mais de 1s dos l\u00edderes e foram brigar l\u00e1 na frente com Verstappen&#8221;, elogiou. &#8220;Tamb\u00e9m vamos levar atualiza\u00e7\u00f5es ao Canad\u00e1, mas acho que \u00e9 normal. Ao longo deste ano, veremos mudan\u00e7as de desempenho a cada corrida&#8221;, finalizou o chefe da Mercedes.<\/p>\n\n\n\n<p class=\"wp-block-paragraph\">A <strong>F\u00f3rmula 1<\/strong> volta de <strong>22 a 24 de maio<\/strong> com o <strong>GP do Canad\u00e1<\/strong>, quinta etapa da <strong>temporada 2026<\/strong>.<\/p>\n\n\n\n<p class=\"wp-block-paragraph\">\u25b6\ufe0f&nbsp;<strong>Inscreva-se nos dois canais do GRANDE PR\u00caMIO no YouTube:&nbsp;<a href=\"https:\/\/www.youtube.com\/channel\/UC9OlHEgxoaY6QY6nWPoiqQg?sub_confirmation=1\">GP<\/a>&nbsp;|&nbsp;<a href=\"https:\/\/www.youtube.com\/channel\/UC9csiS6q_C3C0FYhyr1rnFA?sub_confirmation=1\">GPTV<\/a><\/strong><\/p>\n\n\n\n<h2 class=\"wp-block-heading\" id=\"h-f1-hoje-saiba-aqui-as-noticias-mais-importantes-do-dia-da-formula-1\"><strong>F1 hoje: saiba aqui as not\u00edcias mais importantes do dia da F\u00f3rmula 1<\/strong><\/h2>\n\n\n\n<p class=\"wp-block-paragraph\">A reda\u00e7\u00e3o do&nbsp;<strong>GRANDE PR\u00caMIO<\/strong>&nbsp;selecionou as not\u00edcias mais importantes das \u00faltimas horas para voc\u00ea ficar por dentro de tudo que acontece na F1.<\/p>\n\n\n\n<p class=\"wp-block-paragraph\"><strong>\u25b6\ufe0f <a href=\"https:\/\/www.grandepremio.com\/br\/f1\/noticias\/carlos-sainz-elogia-fia-mas-cobra-revisao-modo-reta-f1-2026-ultrapassar-impossivel\/\"><\/a><a href=\"https:\/\/www.grandepremio.com\/br\/f1\/noticias\/andrea-kimi-antonelli-lidera-f1-autoridade-mas-ainda-vai-sofrer-dor-do-crescimento-2026\/\">Antonelli lidera F1 com autoridade, mas ainda vai sofrer com dor do crescimento em 2026<\/a><\/strong><br><strong>\u25b6\ufe0f<a href=\"https:\/\/www.grandepremio.com\/br\/f1\/noticias\/andrea-kimi-antonelli-plano-mercedes-disputas-george-russell-muito-claros\/\">Antonelli explica plano da Mercedes para disputas com Russell: &#8220;Foram claros&#8221;<\/a><br>\u25b6\ufe0f <a href=\"https:\/\/www.grandepremio.com\/br\/f1\/noticias\/max-verstappen-critica-f1-sugere-maior-influencia-motor-combustao-75-ja-ajuda\/\">Verstappen critica F1 e sugere maior influ\u00eancia de motor a combust\u00e3o: \u201c75% j\u00e1 ajuda\u201d<\/a><br>\u25b6\ufe0f <a href=\"https:\/\/www.grandepremio.com\/br\/f1\/noticias\/red-bull-reitera-confianca-permanencia-max-verstappen-f1-aconteca-que-acontecer\/\">Red Bull reitera confian\u00e7a em perman\u00eancia de Verstappen na F1: &#8220;Aconte\u00e7a o que acontecer&#8221;<\/a><\/strong><\/p>\n","protected":false},"excerpt":{"rendered":"<p>Toto Wolff, chefe da Mercedes, admitiu que j\u00e1 esperava salto da McLaren com atualiza\u00e7\u00f5es em Miami. Hist\u00f3ria bem diferente da Red Bull, que surpreendeu o austr\u00edaco pela evolu\u00e7\u00e3o na pista<\/p>\n","protected":false},"author":0,"featured_media":1001081618,"comment_status":"closed","ping_status":"closed","sticky":false,"template":"","format":"standard","meta":{"42wp_featured_image_caption":"","42wp_featured_image_credits":"","42wp_featured_video":"","42wp_featured_image_hidden":false,"42wp_authors_list":[],"footnotes":""},"categories":[2],"tags":[26271,5273,147,29516,29148,180,31425,28995,873,14357,1491,28285,30840,203,82,2470,35129,204,31470,150],"42wp_author":[47142],"class_list":["post-9100","post","type-post","status-publish","format-standard","has-post-thumbnail","hentry","category-f1","tag-calendario-f1","tag-classificacao-f1","tag-f1","tag-f1-2026","tag-f1-hoje","tag-formula-1","tag-formula-1-2026","tag-formula-1-hoje","tag-gp-de-miami","tag-gp-do-canada","tag-grande-premio","tag-grandepremio","tag-horarios-f1","tag-max-verstappen","tag-mercedes","tag-miami","tag-onde-assistir-f1","tag-red-bull","tag-temporada-2026-f1","tag-toto-wolff","42wp_author-jp-nascimento"],"_links":{"self":[{"href":"https:\/\/grandepremio.com\/br\/wp-json\/wp\/v2\/posts\/9100","targetHints":{"allow":["GET"]}}],"collection":[{"href":"https:\/\/grandepremio.com\/br\/wp-json\/wp\/v2\/posts"}],"about":[{"href":"https:\/\/grandepremio.com\/br\/wp-json\/wp\/v2\/types\/post"}],"replies":[{"embeddable":true,"href":"https:\/\/grandepremio.com\/br\/wp-json\/wp\/v2\/comments?post=9100"}],"version-history":[{"count":0,"href":"https:\/\/grandepremio.com\/br\/wp-json\/wp\/v2\/posts\/9100\/revisions"}],"wp:featuredmedia":[{"embeddable":true,"href":"https:\/\/grandepremio.com\/br\/wp-json\/wp\/v2\/media\/1001081618"}],"wp:attachment":[{"href":"https:\/\/grandepremio.com\/br\/wp-json\/wp\/v2\/media?parent=9100"}],"wp:term":[{"taxonomy":"category","embeddable":true,"href":"https:\/\/grandepremio.com\/br\/wp-json\/wp\/v2\/categories?post=9100"},{"taxonomy":"post_tag","embeddable":true,"href":"https:\/\/grandepremio.com\/br\/wp-json\/wp\/v2\/tags?post=9100"},{"taxonomy":"42wp_author","embeddable":true,"href":"https:\/\/grandepremio.com\/br\/wp-json\/wp\/v2\/42wp_author?post=9100"}],"curies":[{"name":"wp","href":"https:\/\/api.w.org\/{rel}","templated":true}]}}