{"id":91009,"date":"2024-01-04T08:21:41","date_gmt":"2024-01-04T11:21:41","guid":{"rendered":"https:\/\/grandepremio.com\/br\/noticias\/ross-brawn-michael-schumacher-considerava-acionista-mercedes-teria-equipe\/"},"modified":"2024-01-04T10:40:38","modified_gmt":"2024-01-04T13:40:38","slug":"ross-brawn-michael-schumacher-considerava-acionista-mercedes-teria-equipe","status":"publish","type":"post","link":"https:\/\/grandepremio.com\/br\/f1\/ross-brawn-michael-schumacher-considerava-acionista-mercedes-teria-equipe\/","title":{"rendered":"Brawn revela que Schumacher considerava ser acionista da Mercedes: &#8220;Teria equipe&#8221;"},"content":{"rendered":"\n<p class=\"wp-block-paragraph\">O tr\u00e1gico acidente de <strong>Michael Schumacher<\/strong> em 2013 tirou de todos a chance de acompanhar quais seriam os passos do heptacampe\u00e3o ap\u00f3s deixar as pistas, por\u00e9m <strong>Ross Brawn<\/strong> acredita que n\u00e3o seria muito dif\u00edcil imaginar o destino do alem\u00e3o. Parceiro de longa data desde os tempos de <strong>Benetton<\/strong>, o ex-diretor-t\u00e9cnico da <strong>Ferrari <\/strong>disse que Michael possivelmente teria uma equipe, revelando, inclusive, que j\u00e1 havia conversas para que ele se tornasse um dos acionistas da <strong>Mercedes<\/strong>.<\/p>\n\n\n\n<p class=\"wp-block-paragraph\">O time de Brackley marcou o seu ato final como piloto de F\u00f3rmula 1. Aposentado ao final da temporada 2006, Schumacher surpreendeu ao anunciar que formaria o duo germ\u00e2nico da Mercedes \u2014 montadora alem\u00e3 que comprou a Brawn GP ao final de 2009 \u2014 em 2010, aos 41 anos de idade. O fato marcou o retorno \u00e0s pistas e a reedi\u00e7\u00e3o da vitoriosa colabora\u00e7\u00e3o com Ross nascida ainda na Benetton.<\/p>\n\n\n\n<p class=\"wp-block-paragraph\">Nos dez anos do acidente de esqui sofrido por Schumacher nos Alpes Franceses que o arrancou da vida p\u00fablica, Brawn \u2014 uma das raras pessoas a ter acesso a Michael nos dias atuais \u2014 revelou ao jornal alem\u00e3o Bild que o futuro do amigo nos bastidores j\u00e1 era considerado.<\/p>\n\n\n\n<p class=\"wp-block-paragraph\">&#8220;Posso imaginar que Michael teria uma equipe hoje&#8221;, come\u00e7ou Ross. &#8220;Na Mercedes, j\u00e1 se discutiu a possibilidade de ele se tornar acionista. O primeiro passo j\u00e1 tinha sido dado, porque, em 2013, ele foi embaixador da marca&#8221;, completou Brawn.<\/p>\n\n\n\n<figure class=\"wp-block-image size-full\"><img decoding=\"async\" src=\"https:\/\/www.grandepremio.com\/br\/wp-content\/uploads\/2024\/01\/schumacher-ultimo-podio-reproducao.jpg\" alt=\"\" class=\"wp-image-767219\"\/><figcaption class=\"wp-element-caption\">Michael Schumacher foi ao p\u00f3dio no GP da Europa de 2012 com a Mercedes (Foto: Reprodu\u00e7\u00e3o)<\/figcaption><\/figure>\n\n\n\n<p class=\"wp-block-paragraph\">A passagem de Schumacher pela Mercedes foi bem mais discreta que o esperado. Nas tr\u00eas temporadas disputadas, o heptacampe\u00e3o alcan\u00e7ou o melhor resultado no <strong>GP da Europa de 2012<\/strong>, quando cruzou a linha de chegada em terceiro, marcando o 155\u00ba p\u00f3dio da carreira na F1. O trabalho de Michael, por\u00e9m, \u00e9 sempre apontado como o embri\u00e3o de todo o sucesso alcan\u00e7ado pela equipe alem\u00e3 nos anos seguintes.<\/p>\n\n\n\n<p class=\"wp-block-paragraph\"><strong>O acidente de Schumacher<\/strong><\/p>\n\n\n\n<p class=\"wp-block-paragraph\">Em 29 de dezembro de 2013, o heptacampe\u00e3o da&nbsp;<a href=\"https:\/\/www.grandepremio.com\/formula-1\/\" target=\"_blank\" rel=\"noreferrer noopener\">F\u00f3rmula 1<\/a>&nbsp;<a href=\"https:\/\/www.grandepremio.com\/br\/f1\/noticias\/schumacher-sofre-acidente-esquiando-na-franca-e-e-levado-ao-hospital-com-lesao-na-cabeca\/\">sofreu uma queda<\/a>&nbsp;enquanto esquiava fora da pista na esta\u00e7\u00e3o de M\u00e9ribel, em Saboia, nos Alpes Franceses, bateu a cabe\u00e7a com viol\u00eancia em uma pedra e foi diagnosticado com les\u00f5es cerebrais que o mant\u00eam distante dos olhos do p\u00fablico at\u00e9 hoje.<\/p>\n\n\n\n<p class=\"wp-block-paragraph\">Na \u00e9poca,&nbsp;<strong>Sabine Kehm<\/strong>, porta-voz da fam\u00edlia Schumacher, afirmou que Michael esquiava em uma \u00e1rea de neve profunda, quando parou para ajudar um amigo que tinha ca\u00eddo. Quando voltou a se movimentar, o alem\u00e3o escorregou em uma pedra que estava escondida sob o gelo. Catapultado, o ex-Ferrari bateu a cabe\u00e7a em outra pedra e foi resgatado por patrulheiros locais, que acionaram o resgate a\u00e9reo. Testemunhas relataram o uso de capacete, mas que foi partido no impacto.<\/p>\n\n\n\n<p class=\"wp-block-paragraph\">Schumacher foi levado de helic\u00f3ptero primeiro para um hospital pr\u00f3ximo, em&nbsp;<strong>Mo\u00fbtiers<\/strong>, mas depois acabou transferido ao&nbsp;<strong>Centro Hospitalar Universit\u00e1rio de Gr\u00e9noble<\/strong>, onde j\u00e1 chegou em coma. A partir da\u00ed, Michael iniciou uma luta pela vida.<\/p>\n\n\n\n<p class=\"wp-block-paragraph\">Pouco se sabia sobre a condi\u00e7\u00e3o de Schumacher. Os comunicados oficiais eram sempre sucintos, falando sobre \u201cpequenos e encorajadores sinais de melhoras\u201d e \u201clongo processo de recupera\u00e7\u00e3o\u201d. Quanto mais o tempo passava, menos se sabia \u2014 e as not\u00edcias passaram a ser cada vez mais parcas, at\u00e9 que Michael foi transferido de vez do&nbsp;<strong>Hospital Universit\u00e1rio de Cant\u00e3o de Vaud,&nbsp;<\/strong>na&nbsp;<strong>Su\u00ed\u00e7a<\/strong>, para seguir o tratamento em casa.<\/p>\n\n\n\n<p class=\"wp-block-paragraph\">Em uma rara declara\u00e7\u00e3o \u00e0 imprensa, a esposa,&nbsp;<strong>Corinna<\/strong>,&nbsp;<a href=\"https:\/\/www.grandepremio.com\/br\/f1\/noticias\/esposa-quebra-silencio-e-revela-que-schumacher-pediu-segredo-sobre-saude\/\">destacou que o sigilo em torno da condi\u00e7\u00e3o de sa\u00fade era \u201ca vontade\u201d de Michael<\/a>. Em julho de 2021, a&nbsp;<a href=\"https:\/\/www.grandepremio.com\/br\/f1\/noticias\/netflix-documentario-michael-schumacher-estreia-setembro\/\">Netflix lan\u00e7ou um&nbsp;<\/a><a href=\"https:\/\/teleguiado.com\/\" target=\"_blank\" rel=\"noreferrer noopener\">document\u00e1rio<\/a>&nbsp;sobre Schumacher, que teve o apoio da fam\u00edlia, mas tampouco abordou o quadro de sa\u00fade p\u00f3s-acidente em M\u00e9ribel. Desde ent\u00e3o, \u00e9 o que se tem de conhecimento sobre um dos maiores pilotos da hist\u00f3ria da&nbsp;<a href=\"https:\/\/www.grandepremio.com\/formula-1\/\" target=\"_blank\" rel=\"noreferrer noopener\">F\u00f3rmula 1<\/a>.<\/p>\n\n\n\n<p class=\"wp-block-paragraph\"><strong>\u25b6\ufe0f&nbsp;Inscreva-se nos dois canais do GRANDE PR\u00caMIO no YouTube:&nbsp;<a href=\"https:\/\/www.youtube.com\/channel\/UC9OlHEgxoaY6QY6nWPoiqQg?sub_confirmation=1\" target=\"_blank\" rel=\"noreferrer noopener\">GP<\/a>&nbsp;|&nbsp;<a href=\"https:\/\/www.youtube.com\/channel\/UC9csiS6q_C3C0FYhyr1rnFA?sub_confirmation=1\" target=\"_blank\" rel=\"noreferrer noopener\">GP2<\/a><\/strong><br><strong>\u25b6\ufe0f&nbsp;<a href=\"https:\/\/www.twitch.tv\/grandepremio\" target=\"_blank\" rel=\"noreferrer noopener\">Conhe\u00e7a o canal do GRANDE PR\u00caMIO na Twitch clicando aqui!<\/a><\/strong><\/p>\n\n\n\n<figure class=\"wp-block-embed is-type-video is-provider-youtube wp-block-embed-youtube wp-embed-aspect-16-9 wp-has-aspect-ratio\"><div class=\"wp-block-embed__wrapper\">\n<iframe loading=\"lazy\" title=\"ESPECIAL MICHAEL SCHUMACHER: acidente de esqui completa 10 anos | Paddock Sprint\" width=\"500\" height=\"281\" src=\"https:\/\/www.youtube.com\/embed\/68jJYLQHD_s?feature=oembed\" frameborder=\"0\" allow=\"accelerometer; autoplay; clipboard-write; encrypted-media; gyroscope; picture-in-picture; web-share\" referrerpolicy=\"strict-origin-when-cross-origin\" allowfullscreen><\/iframe>\n<\/div><\/figure>\n","protected":false},"excerpt":{"rendered":"<p>Ross Brawn formou ao lado de Schumacher uma das parcerias mais vitoriosas da hist\u00f3ria da F\u00f3rmula 1. O ex-dirigente contou que certamente o amigo teria uma equipe, n\u00e3o fosse o acidente sofrido h\u00e1 dez anos<\/p>\n","protected":false},"author":0,"featured_media":1000636991,"comment_status":"closed","ping_status":"closed","sticky":false,"template":"","format":"standard","meta":{"42wp_featured_image_caption":"","42wp_featured_image_credits":"","42wp_featured_video":"","42wp_featured_image_hidden":false,"42wp_authors_list":[],"footnotes":""},"categories":[2],"tags":[26271,5273,147,3230,180,30909,1491,28285,30840,82,758,35129,145,33301],"42wp_author":[47147],"class_list":["post-91009","post","type-post","status-publish","format-standard","has-post-thumbnail","hentry","category-f1","tag-calendario-f1","tag-classificacao-f1","tag-f1","tag-f1-2024","tag-formula-1","tag-formula-1-2024","tag-grande-premio","tag-grandepremio","tag-horarios-f1","tag-mercedes","tag-michael-schumacher","tag-onde-assistir-f1","tag-ross-brawn","tag-temporada-2024-f1","42wp_author-luana-marino"],"_links":{"self":[{"href":"https:\/\/grandepremio.com\/br\/wp-json\/wp\/v2\/posts\/91009","targetHints":{"allow":["GET"]}}],"collection":[{"href":"https:\/\/grandepremio.com\/br\/wp-json\/wp\/v2\/posts"}],"about":[{"href":"https:\/\/grandepremio.com\/br\/wp-json\/wp\/v2\/types\/post"}],"replies":[{"embeddable":true,"href":"https:\/\/grandepremio.com\/br\/wp-json\/wp\/v2\/comments?post=91009"}],"version-history":[{"count":0,"href":"https:\/\/grandepremio.com\/br\/wp-json\/wp\/v2\/posts\/91009\/revisions"}],"wp:featuredmedia":[{"embeddable":true,"href":"https:\/\/grandepremio.com\/br\/wp-json\/wp\/v2\/media\/1000636991"}],"wp:attachment":[{"href":"https:\/\/grandepremio.com\/br\/wp-json\/wp\/v2\/media?parent=91009"}],"wp:term":[{"taxonomy":"category","embeddable":true,"href":"https:\/\/grandepremio.com\/br\/wp-json\/wp\/v2\/categories?post=91009"},{"taxonomy":"post_tag","embeddable":true,"href":"https:\/\/grandepremio.com\/br\/wp-json\/wp\/v2\/tags?post=91009"},{"taxonomy":"42wp_author","embeddable":true,"href":"https:\/\/grandepremio.com\/br\/wp-json\/wp\/v2\/42wp_author?post=91009"}],"curies":[{"name":"wp","href":"https:\/\/api.w.org\/{rel}","templated":true}]}}