{"id":91214,"date":"2023-12-30T10:38:58","date_gmt":"2023-12-30T13:38:58","guid":{"rendered":"https:\/\/grandepremio.com\/br\/noticias\/fia-presta-condolencias-familia-amigos-morte-gil-de-ferran-momento-dificil\/"},"modified":"2023-12-30T12:59:56","modified_gmt":"2023-12-30T15:59:56","slug":"fia-presta-condolencias-familia-amigos-morte-gil-de-ferran-momento-dificil","status":"publish","type":"post","link":"https:\/\/grandepremio.com\/br\/indy\/fia-presta-condolencias-familia-amigos-morte-gil-de-ferran-momento-dificil\/","title":{"rendered":"FIA presta condol\u00eancias a fam\u00edlia e amigos ap\u00f3s morte de De Ferran: &#8220;Momento dif\u00edcil&#8221;"},"content":{"rendered":"\n<p class=\"wp-block-paragraph\">A <strong>Federa\u00e7\u00e3o Internacional de Automobilismo <\/strong>(<strong>FIA<\/strong>) tamb\u00e9m se manifestou ap\u00f3s ter ci\u00eancia da morte de <strong>Gil de Ferran<\/strong>, <a href=\"https:\/\/www.grandepremio.com\/br\/indy\/noticias\/gil-de-ferran-bicampeao-da-indy-sofre-parada-cardiaca-e-morre-aos-56-anos\/\" class=\"ek-link\">em decorr\u00eancia de uma parada card\u00edaca<\/a> na tarde de sexta-feira (29), na <strong>Fl\u00f3rida<\/strong>, nos <strong>Estados Unidos<\/strong>. Ele tinha 56 anos.<\/p>\n\n\n\n<p class=\"wp-block-paragraph\">De Ferran passou mal enquanto guiava um carro no\u00a0<strong>Concours Club<\/strong>, uma pista privada localizada em Opa-locka, na Fl\u00f3rida. Acompanhado do filho Luke, Gil parou na entrada dos boxes e viu o apoio demorar a aparecer, j\u00e1 que n\u00e3o houve acidente. Amigo e piloto de GT,\u00a0<strong>Ozz Negri\u00a0<\/strong>tamb\u00e9m estava no local.<\/p>\n\n\n\n<p class=\"wp-block-paragraph\">A entidade m\u00e1xima do automobilismo se disse &#8220;triste com a morte de Gil de Ferran&#8221;, completando que &#8220;nossos pensamentos neste momento dif\u00edcil est\u00e3o com sua fam\u00edlia e amigos&#8221;.<\/p>\n\n\n\n<p class=\"wp-block-paragraph\">In\u00fameras personalidades do esporte a motor prestaram homenagens a De Ferran e n\u00e3o esconderam o estarrecimento diante da perda do ex-piloto. Termos como \u201clenda absoluta\u201d e \u201cmentor\u201d\u00a0<a href=\"https:\/\/www.grandepremio.com\/br\/indy\/noticias\/lenda-absoluta-mentor-dentro-fora-pistas-esporte-reage-morte-gil-de-ferran\/\">foram usados por pilotos e equipes<\/a>\u00a0para definir o homem que colecionou vit\u00f3rias na principal categoria do automobilismo americano, a Indy, e tamb\u00e9m teve la\u00e7os com a F1.<\/p>\n\n\n\n<figure class=\"wp-block-image size-large\"><img decoding=\"async\" src=\"https:\/\/www.grandepremio.com\/br\/wp-content\/uploads\/2022\/11\/gildeferran-1024x683.jpg\" alt=\"\" class=\"wp-image-632892\"\/><figcaption class=\"wp-element-caption\">Gil de Ferran no GP de S\u00e3o Paulo de 2022 (Foto: Rodrigo Berton\/Grande Pr\u00eamio)<\/figcaption><\/figure>\n\n\n\n<p class=\"wp-block-paragraph\">Nascido em Paris, De Ferrari era filho do engenheiro franc\u00eas&nbsp;<strong>Luc de Ferran<\/strong>, um dos principais cabe\u00e7as da Ford e mentor de diversos projetos de carros de passeio brasileiros. Mudou-se para o Brasil com apenas quatro anos de idade e iniciou a carreira no esporte a motor pelo kartismo, ainda na adolesc\u00eancia. Competindo na Europa, foi subindo a escada do automobilismo e chamou a aten\u00e7\u00e3o pelo t\u00edtulo de 1992 da&nbsp;<strong>F\u00f3rmula 3 Inglesa<\/strong>.<\/p>\n\n\n\n<p class=\"wp-block-paragraph\">Apesar do processo natural nas principais categorias de f\u00f3rmula na Europa, foi nos&nbsp;<strong>Estados Unidos<\/strong>&nbsp;que De Ferran se transformou em um dos maiores pilotos do automobilismo brasileiro.&nbsp;<\/p>\n\n\n\n<p class=\"wp-block-paragraph\">O apogeu veio em 2000, quando De Ferran conquistou o seu primeiro t\u00edtulo na\u00a0<a href=\"https:\/\/www.grandepremio.com\/formula-indy\/\" target=\"_blank\" rel=\"noreferrer noopener\">Indy<\/a>, com duas vit\u00f3rias e outros cinco p\u00f3dios. No ano seguinte, repetiu a dose, chegando ao bicampeonato. Em 2003, escreveu para sempre seu nome na hist\u00f3ria dos esportes a motor ao vencer as 500 Milhas de Indian\u00e1polis.<\/p>\n\n\n\n<p class=\"wp-block-paragraph\"><strong>\u25b6\ufe0f\u00a0Inscreva-se nos dois canais do GRANDE PR\u00caMIO no YouTube:\u00a0<a href=\"https:\/\/www.youtube.com\/channel\/UC9OlHEgxoaY6QY6nWPoiqQg?sub_confirmation=1\" target=\"_blank\" rel=\"noreferrer noopener\">GP<\/a>\u00a0|\u00a0<a href=\"https:\/\/www.youtube.com\/channel\/UC9csiS6q_C3C0FYhyr1rnFA?sub_confirmation=1\" target=\"_blank\" rel=\"noreferrer noopener\">GP2<\/a><\/strong><br><strong>\u25b6\ufe0f\u00a0<a href=\"https:\/\/www.twitch.tv\/grandepremio\" target=\"_blank\" rel=\"noreferrer noopener\">Conhe\u00e7a o canal do GRANDE PR\u00caMIO na Twitch clicando aqui!<\/a><\/strong><\/p>\n\n\n\n<figure class=\"wp-block-embed is-type-video is-provider-youtube wp-block-embed-youtube wp-embed-aspect-16-9 wp-has-aspect-ratio\"><div class=\"wp-block-embed__wrapper\">\n<iframe loading=\"lazy\" title=\"MORRE GIL DE FERRAN: O ADEUS A UMA LENDA DA INDY E DO ESPORTE BRASILEIRO\" width=\"500\" height=\"281\" src=\"https:\/\/www.youtube.com\/embed\/kpCSpVX772c?feature=oembed\" frameborder=\"0\" allow=\"accelerometer; autoplay; clipboard-write; encrypted-media; gyroscope; picture-in-picture; web-share\" referrerpolicy=\"strict-origin-when-cross-origin\" allowfullscreen><\/iframe>\n<\/div><\/figure>\n","protected":false},"excerpt":{"rendered":"<p>A Federa\u00e7\u00e3o Internacional de Automobilismo emitiu um comunicado simples, por\u00e9m tamb\u00e9m destacando a &#8220;tristeza&#8221; pela morte repentina de Gil de Ferran<\/p>\n","protected":false},"author":0,"featured_media":1000766584,"comment_status":"closed","ping_status":"closed","sticky":false,"template":"","format":"standard","meta":{"42wp_featured_image_caption":"","42wp_featured_image_credits":"","42wp_featured_video":"","42wp_featured_image_hidden":false,"42wp_authors_list":[],"footnotes":""},"categories":[3],"tags":[2980,25893,103,180,619,31851,33161,98,93,25977,31011,232,90,105],"42wp_author":[47147],"class_list":["post-91214","post","type-post","status-publish","format-standard","has-post-thumbnail","hentry","category-indy","tag-500-milhas-indianapolis","tag-federacao-internacional-de-automobilismo","tag-fia","tag-formula-1","tag-formula-indy","tag-formula-indy-2023","tag-formula-indy-2024","tag-gil-de-ferran","tag-indy","tag-indy-2023","tag-indy-2024","tag-indy-500","tag-mclaren","tag-morte","42wp_author-luana-marino"],"_links":{"self":[{"href":"https:\/\/grandepremio.com\/br\/wp-json\/wp\/v2\/posts\/91214","targetHints":{"allow":["GET"]}}],"collection":[{"href":"https:\/\/grandepremio.com\/br\/wp-json\/wp\/v2\/posts"}],"about":[{"href":"https:\/\/grandepremio.com\/br\/wp-json\/wp\/v2\/types\/post"}],"replies":[{"embeddable":true,"href":"https:\/\/grandepremio.com\/br\/wp-json\/wp\/v2\/comments?post=91214"}],"version-history":[{"count":0,"href":"https:\/\/grandepremio.com\/br\/wp-json\/wp\/v2\/posts\/91214\/revisions"}],"wp:featuredmedia":[{"embeddable":true,"href":"https:\/\/grandepremio.com\/br\/wp-json\/wp\/v2\/media\/1000766584"}],"wp:attachment":[{"href":"https:\/\/grandepremio.com\/br\/wp-json\/wp\/v2\/media?parent=91214"}],"wp:term":[{"taxonomy":"category","embeddable":true,"href":"https:\/\/grandepremio.com\/br\/wp-json\/wp\/v2\/categories?post=91214"},{"taxonomy":"post_tag","embeddable":true,"href":"https:\/\/grandepremio.com\/br\/wp-json\/wp\/v2\/tags?post=91214"},{"taxonomy":"42wp_author","embeddable":true,"href":"https:\/\/grandepremio.com\/br\/wp-json\/wp\/v2\/42wp_author?post=91214"}],"curies":[{"name":"wp","href":"https:\/\/api.w.org\/{rel}","templated":true}]}}