{"id":91288,"date":"2023-12-29T06:00:00","date_gmt":"2023-12-29T09:00:00","guid":{"rendered":"https:\/\/grandepremio.com\/br\/noticias\/melhores-do-ano-2023-sergio-perez-supera-fia-formula-1-leva-pior-como-decepcao\/"},"modified":"2023-12-28T16:18:39","modified_gmt":"2023-12-28T19:18:39","slug":"melhores-do-ano-2023-sergio-perez-supera-fia-formula-1-leva-pior-como-decepcao","status":"publish","type":"post","link":"https:\/\/grandepremio.com\/br\/f1\/melhores-do-ano-2023-sergio-perez-supera-fia-formula-1-leva-pior-como-decepcao\/","title":{"rendered":"Melhores do Ano 2023: P\u00e9rez supera FIA e F\u00f3rmula 1 e leva pior como decep\u00e7\u00e3o"},"content":{"rendered":"\n<p class=\"wp-block-paragraph\"><strong>Sergio P\u00e9rez<\/strong> foi atropelado por <strong>Max Verstappen<\/strong> na disputa em uma <strong>Red Bull<\/strong> dominante e, assim, levou para a casa o trof\u00e9u <strong>Melhores do Ano<\/strong> do <strong>GRANDE PR\u00caMIO <\/strong>na categoria <a href=\"https:\/\/www.grandepremio.com\/br\/f1\/noticias\/melhores-do-ano-2023-fia-f1-gp-de-sao-paulo-mercedes-sergio-perez-qual-a-decepcao\/\" class=\"ek-link\">menos desejada de 2023<\/a>, a de Decep\u00e7\u00e3o.<\/p>\n\n\n\n<p class=\"wp-block-paragraph\">O mexicano, que teve s\u00f3 duas vit\u00f3rias em um ano em que a equipe s\u00f3 perdeu em Singapura, ficou com 32,6% dos votos dos leitores do <strong>GP<\/strong>, superando candidatos fortes, como a <strong>FIA<\/strong>, segunda colocada com 26%.<\/p>\n\n\n\n<p class=\"wp-block-paragraph\">A <strong>Mercedes <\/strong>foi lembrada por 19% do p\u00fablico, seguida pela pr\u00f3pria <strong>F1<\/strong>, que teve um ano longe da competitividade outrora apresentada. O <strong>GP de S\u00e3o Paulo<\/strong>, que n\u00e3o foi dos mais brilhantes, foi o menos votado dos finalistas.<\/p>\n\n\n\n<p class=\"wp-block-paragraph\"><strong>DECEP\u00c7\u00c3O DO ANO<br>Sergio P\u00e9rez \u2013 32,6%<br>FIA \u2013 26,1%<br>Mercedes \u2013 19,3%<br>F\u00f3rmula 1 \u2013 16,6%<br>GP de S\u00e3o Paulo \u2013 5,4%<\/strong><\/p>\n\n\n\n<figure class=\"wp-block-image size-large\"><img decoding=\"async\" src=\"https:\/\/www.grandepremio.com\/br\/wp-content\/uploads\/2023\/12\/Melhores-do-ano-2023-resultado-10-1024x576.jpg\" alt=\"\" class=\"wp-image-762960\"\/><figcaption class=\"wp-element-caption\">Sergio P\u00e9rez foi eleito decep\u00e7\u00e3o de 2023 (Arte: Rodrigo Berton\/Grande Pr\u00eamio)<\/figcaption><\/figure>\n\n\n\n<p class=\"wp-block-paragraph\"><strong>\u00daLTIMOS VENCEDORES (?) DO MELHORES DO ANO EM DECEP\u00c7\u00c3O<\/strong><\/p>\n\n\n\n<p class=\"wp-block-paragraph\"><strong>2023: Sergio P\u00e9rez<br>2022: Ferrari<br>2021: Michael Masi<br>2020: Ferrari<br>2019: Fernando Alonso<br>2018: Sebastian Vettel<br>2017: Honda<br>2016: Williams<br>2015: McLaren<\/strong><\/p>\n\n\n\n<p class=\"wp-block-paragraph\"><strong>\u25b6\ufe0f\u00a0Inscreva-se nos dois canais do GRANDE PR\u00caMIO no YouTube:\u00a0<a href=\"https:\/\/www.youtube.com\/channel\/UC9OlHEgxoaY6QY6nWPoiqQg?sub_confirmation=1\" target=\"_blank\" rel=\"noreferrer noopener\">GP<\/a>\u00a0|\u00a0<a href=\"https:\/\/www.youtube.com\/channel\/UC9csiS6q_C3C0FYhyr1rnFA?sub_confirmation=1\" target=\"_blank\" rel=\"noreferrer noopener\">GP2<\/a><\/strong><br><strong>\u25b6\ufe0f\u00a0<a href=\"https:\/\/www.twitch.tv\/grandepremio\" target=\"_blank\" rel=\"noreferrer noopener\">Conhe\u00e7a o canal do GRANDE PR\u00caMIO na Twitch clicando aqui!<\/a><\/strong><\/p>\n\n\n\n<figure class=\"wp-block-embed is-type-video is-provider-youtube wp-block-embed-youtube wp-embed-aspect-16-9 wp-has-aspect-ratio\"><div class=\"wp-block-embed__wrapper\">\n<iframe loading=\"lazy\" title=\"Melhores do Ano 2023 + GRANDE AN\u00daNCIO | Paddock GP #359\" width=\"500\" height=\"281\" src=\"https:\/\/www.youtube.com\/embed\/6wa88cncF-I?feature=oembed\" frameborder=\"0\" allow=\"accelerometer; autoplay; clipboard-write; encrypted-media; gyroscope; picture-in-picture; web-share\" referrerpolicy=\"strict-origin-when-cross-origin\" allowfullscreen><\/iframe>\n<\/div><\/figure>\n","protected":false},"excerpt":{"rendered":"<p>O amasso sofrido para Max Verstappen na disputa pelo t\u00edtulo da F\u00f3rmula 1 fez Sergio P\u00e9rez ser eleito Decep\u00e7\u00e3o na elei\u00e7\u00e3o dos Melhores do Ano do GRANDE PR\u00caMIO em 2023<\/p>\n","protected":false},"author":0,"featured_media":1000753904,"comment_status":"closed","ping_status":"closed","sticky":false,"template":"","format":"standard","meta":{"42wp_featured_image_caption":"","42wp_featured_image_credits":"","42wp_featured_video":"","42wp_featured_image_hidden":false,"42wp_authors_list":[],"footnotes":""},"categories":[2],"tags":[26271,5273,147,6533,103,180,30722,26680,1491,28285,30840,1436,37399,82,35129,3132,31447],"42wp_author":[47117],"class_list":["post-91288","post","type-post","status-publish","format-standard","has-post-thumbnail","hentry","category-f1","tag-calendario-f1","tag-classificacao-f1","tag-f1","tag-f1-2023","tag-fia","tag-formula-1","tag-formula-1-2023","tag-gp-de-sao-paulo","tag-grande-premio","tag-grandepremio","tag-horarios-f1","tag-melhores-do-ano","tag-melhores-do-ano-2023","tag-mercedes","tag-onde-assistir-f1","tag-sergio-perez","tag-temporada-2023-f1","42wp_author-gabriel-curty"],"_links":{"self":[{"href":"https:\/\/grandepremio.com\/br\/wp-json\/wp\/v2\/posts\/91288","targetHints":{"allow":["GET"]}}],"collection":[{"href":"https:\/\/grandepremio.com\/br\/wp-json\/wp\/v2\/posts"}],"about":[{"href":"https:\/\/grandepremio.com\/br\/wp-json\/wp\/v2\/types\/post"}],"replies":[{"embeddable":true,"href":"https:\/\/grandepremio.com\/br\/wp-json\/wp\/v2\/comments?post=91288"}],"version-history":[{"count":0,"href":"https:\/\/grandepremio.com\/br\/wp-json\/wp\/v2\/posts\/91288\/revisions"}],"wp:featuredmedia":[{"embeddable":true,"href":"https:\/\/grandepremio.com\/br\/wp-json\/wp\/v2\/media\/1000753904"}],"wp:attachment":[{"href":"https:\/\/grandepremio.com\/br\/wp-json\/wp\/v2\/media?parent=91288"}],"wp:term":[{"taxonomy":"category","embeddable":true,"href":"https:\/\/grandepremio.com\/br\/wp-json\/wp\/v2\/categories?post=91288"},{"taxonomy":"post_tag","embeddable":true,"href":"https:\/\/grandepremio.com\/br\/wp-json\/wp\/v2\/tags?post=91288"},{"taxonomy":"42wp_author","embeddable":true,"href":"https:\/\/grandepremio.com\/br\/wp-json\/wp\/v2\/42wp_author?post=91288"}],"curies":[{"name":"wp","href":"https:\/\/api.w.org\/{rel}","templated":true}]}}