{"id":91507,"date":"2023-12-25T04:00:00","date_gmt":"2023-12-25T07:00:00","guid":{"rendered":"https:\/\/grandepremio.com\/br\/noticias\/fia-admite-teto-gastos-tornou-evolucao-equipes-dificil-dolorosa\/"},"modified":"2023-12-24T16:23:44","modified_gmt":"2023-12-24T19:23:44","slug":"fia-admite-teto-gastos-tornou-evolucao-equipes-dificil-dolorosa","status":"publish","type":"post","link":"https:\/\/grandepremio.com\/br\/f1\/fia-admite-teto-gastos-tornou-evolucao-equipes-dificil-dolorosa\/","title":{"rendered":"FIA admite que teto de gastos tornou evolu\u00e7\u00e3o das equipes \u201cdif\u00edcil e dolorosa\u201d"},"content":{"rendered":"\n<p class=\"wp-block-paragraph\"><strong>Nikolas Tombazis<\/strong>, diretor de monopostos da <strong>Federa\u00e7\u00e3o Internacional de Automobilismo (FIA)<\/strong>, falou sobre os impactos que a <strong>F\u00f3rmula 1<\/strong> sofreu ap\u00f3s a implementa\u00e7\u00e3o do teto de gastos. De acordo com o grego, a diretiva trouxe in\u00fameros pontos positivos para a categoria, mas tamb\u00e9m dificultou a tarefa de desenvolvimento de um carro para torn\u00e1-lo competitivo.<\/p>\n\n\n\n<p class=\"wp-block-paragraph\"><strong>Ferrari<\/strong>, <strong>Mercedes <\/strong>e <strong>Red Bull<\/strong> sobraram na F\u00f3rmula 1 nos \u00faltimos anos muito em virtude do capital de investimento que possu\u00edam. Enquanto nomes como <strong>Williams <\/strong>e <strong>McLaren <\/strong><a href=\"https:\/\/www.grandepremio.com\/br\/f1\/noticias\/mclaren-vende-sede-em-woking-mas-fica-la-ate-2041\/\">passaram por diversas dificuldades financeiras <\/a>e lutaram para se manterem no grid, as tr\u00eas gigantes do esporte tinham dinheiro sobrando e investiam cada vez mais para se tornarem melhores.<\/p>\n\n\n\n<p class=\"wp-block-paragraph\">Portanto, para tornar o esporte mais parelho e sustent\u00e1vel, a categoria implementou o teto de gastos em 2021, o que tornou as coisas um pouco menos desleais. No entanto, na vis\u00e3o do diretor de monopostos da FIA, a medida tamb\u00e9m teve pontos negativos.<\/p>\n\n\n\n<figure class=\"wp-block-image size-large\"><img decoding=\"async\" src=\"https:\/\/www.grandepremio.com\/br\/wp-content\/uploads\/2023\/11\/abu-dhabi-2023-f1-corrida-ferrari-carlos-sainz-02-1024x683.jpg\" alt=\"\" class=\"wp-image-759416\"\/><figcaption class=\"wp-element-caption\">Com or\u00e7amento limitado, Mercedes e Ferrari t\u00eam dificuldades de se aproximarem da Red Bull (Foto: Ferrari)<\/figcaption><\/figure>\n\n\n\n<p class=\"wp-block-paragraph\">\u201cO problema com o teto de gastos \u00e9 que, por um lado, uma equipe n\u00e3o pode gastar tr\u00eas vezes mais do que a outra, o que \u00e9 bom. Mas, por outro lado, isso tamb\u00e9m significa que, se voc\u00ea est\u00e1 atr\u00e1s de algu\u00e9m, n\u00e3o pode simplesmente apostar tudo e fazer uma atualiza\u00e7\u00e3o. Antigamente, algumas equipes ocasionalmente come\u00e7avam uma temporada e ficavam em uma situa\u00e7\u00e3o muito ruim, porque talvez tivessem se atrapalhado no projeto. Eles chegavam e eram humilhados nas primeiras corridas\u201d, disse Tombazis.<\/p>\n\n\n\n<p class=\"wp-block-paragraph\">\u201cEu estive envolvido em uma situa\u00e7\u00e3o parecida. Mas ent\u00e3o voc\u00ea simplesmente leva um enorme pacote de atualiza\u00e7\u00f5es para <strong>Barcelona<\/strong>, para o <strong>Canad\u00e1<\/strong>, e praticamente redesenha todo o carro como um louco por tr\u00eas ou quatro meses e ent\u00e3o volta a vencer. O teto or\u00e7ament\u00e1rio limita a quantidade de atualiza\u00e7\u00f5es que voc\u00ea pode fazer. Ent\u00e3o, se algu\u00e9m estiver mais atr\u00e1s, a recupera\u00e7\u00e3o pode ser bastante dif\u00edcil e dolorosa\u201d, finalizou o membro da FIA.<\/p>\n\n\n\n<p class=\"wp-block-paragraph\">A\u00a0<a href=\"https:\/\/www.grandepremio.com\/formula-1\/\" target=\"_blank\" rel=\"noreferrer noopener\"><\/a><a href=\"https:\/\/www.grandepremio.com\/formula-1\/\" target=\"_blank\" rel=\"noreferrer noopener\">F\u00f3rmula 1<\/a>\u00a0retorna \u00e0s pistas em\u00a0<strong>fevereiro de 2024<\/strong>, dos dias 21 a 23, no\u00a0<strong>Bahrein<\/strong>, para os testes coletivos da<strong>\u00a0pr\u00e9-temporada<\/strong>.<\/p>\n\n\n\n<p class=\"wp-block-paragraph\"><strong>\u25b6\ufe0f\u00a0Inscreva-se nos dois canais do GRANDE PR\u00caMIO no YouTube:\u00a0<a href=\"https:\/\/www.youtube.com\/channel\/UC9OlHEgxoaY6QY6nWPoiqQg?sub_confirmation=1\" target=\"_blank\" rel=\"noreferrer noopener\">GP<\/a>\u00a0|\u00a0<a href=\"https:\/\/www.youtube.com\/channel\/UC9csiS6q_C3C0FYhyr1rnFA?sub_confirmation=1\" target=\"_blank\" rel=\"noreferrer noopener\">GP2<\/a><\/strong><br><strong>\u25b6\ufe0f\u00a0<a href=\"https:\/\/www.twitch.tv\/grandepremio\" target=\"_blank\" rel=\"noreferrer noopener\">Conhe\u00e7a o canal do GRANDE PR\u00caMIO na Twitch clicando aqui!<\/a><\/strong><\/p>\n\n\n\n<figure class=\"wp-block-embed is-type-video is-provider-youtube wp-block-embed-youtube wp-embed-aspect-16-9 wp-has-aspect-ratio\"><div class=\"wp-block-embed__wrapper\">\n<iframe loading=\"lazy\" title=\"FERRARI e MERCEDES prometem o MUNDO na F1 2024, mas podem entregar o que\u0302? | GP a\u0300s 10\" width=\"500\" height=\"281\" src=\"https:\/\/www.youtube.com\/embed\/5f2Fl-BjnUA?feature=oembed\" frameborder=\"0\" allow=\"accelerometer; autoplay; clipboard-write; encrypted-media; gyroscope; picture-in-picture; web-share\" referrerpolicy=\"strict-origin-when-cross-origin\" allowfullscreen><\/iframe>\n<\/div><\/figure>\n","protected":false},"excerpt":{"rendered":"<p>Embora reconhe\u00e7a que o teto or\u00e7ament\u00e1rio trouxe alguns desafios para as equipes do grid, Nikolas Tombazis, diretor de monopostos da FIA, valorizou a implementa\u00e7\u00e3o da regra<\/p>\n","protected":false},"author":0,"featured_media":1000759355,"comment_status":"closed","ping_status":"closed","sticky":false,"template":"","format":"standard","meta":{"42wp_featured_image_caption":"","42wp_featured_image_credits":"","42wp_featured_video":"","42wp_featured_image_hidden":false,"42wp_authors_list":[],"footnotes":""},"categories":[2],"tags":[25893,103,1491,28285,3960,1287,31595,24943],"42wp_author":[47149],"class_list":["post-91507","post","type-post","status-publish","format-standard","has-post-thumbnail","hentry","category-f1","tag-federacao-internacional-de-automobilismo","tag-fia","tag-grande-premio","tag-grandepremio","tag-nikolas-tombazis","tag-teto-de-gastos","tag-teto-de-gastos-f1","tag-teto-orcamentario","42wp_author-bernardo-castro"],"_links":{"self":[{"href":"https:\/\/grandepremio.com\/br\/wp-json\/wp\/v2\/posts\/91507","targetHints":{"allow":["GET"]}}],"collection":[{"href":"https:\/\/grandepremio.com\/br\/wp-json\/wp\/v2\/posts"}],"about":[{"href":"https:\/\/grandepremio.com\/br\/wp-json\/wp\/v2\/types\/post"}],"replies":[{"embeddable":true,"href":"https:\/\/grandepremio.com\/br\/wp-json\/wp\/v2\/comments?post=91507"}],"version-history":[{"count":0,"href":"https:\/\/grandepremio.com\/br\/wp-json\/wp\/v2\/posts\/91507\/revisions"}],"wp:featuredmedia":[{"embeddable":true,"href":"https:\/\/grandepremio.com\/br\/wp-json\/wp\/v2\/media\/1000759355"}],"wp:attachment":[{"href":"https:\/\/grandepremio.com\/br\/wp-json\/wp\/v2\/media?parent=91507"}],"wp:term":[{"taxonomy":"category","embeddable":true,"href":"https:\/\/grandepremio.com\/br\/wp-json\/wp\/v2\/categories?post=91507"},{"taxonomy":"post_tag","embeddable":true,"href":"https:\/\/grandepremio.com\/br\/wp-json\/wp\/v2\/tags?post=91507"},{"taxonomy":"42wp_author","embeddable":true,"href":"https:\/\/grandepremio.com\/br\/wp-json\/wp\/v2\/42wp_author?post=91507"}],"curies":[{"name":"wp","href":"https:\/\/api.w.org\/{rel}","templated":true}]}}