{"id":91510,"date":"2023-12-24T12:15:24","date_gmt":"2023-12-24T15:15:24","guid":{"rendered":"https:\/\/grandepremio.com\/br\/noticias\/red-bull-voto-confianca-f1-2024-avisa-sergio-perez-quem-tem-lugar-perder\/"},"modified":"2023-12-24T12:37:15","modified_gmt":"2023-12-24T15:37:15","slug":"red-bull-voto-confianca-f1-2024-avisa-sergio-perez-quem-tem-lugar-perder","status":"publish","type":"post","link":"https:\/\/grandepremio.com\/br\/f1\/red-bull-voto-confianca-f1-2024-avisa-sergio-perez-quem-tem-lugar-perder\/","title":{"rendered":"Red Bull d\u00e1 voto de confian\u00e7a para F1 2024, mas avisa P\u00e9rez: &#8220;\u00c9 quem tem lugar a perder&#8221;"},"content":{"rendered":"\n<p class=\"wp-block-paragraph\">A perman\u00eancia de <strong>Sergio P\u00e9rez <\/strong>na <strong>Red Bull<\/strong> para al\u00e9m de 2024 depende apenas dele.<strong> Christian Horner<\/strong>, chefe dos taurinos, reiterou o apoio ao piloto mexicano, apesar da temporada de muitas dificuldades que teve em 2023 \u2014 um contraste gigantesco com a excel\u00eancia de seu companheiro de equipe, <strong>Max Verstappen<\/strong>, que n\u00e3o precisou em momento algum da ajuda de &#8216;Checo&#8217;. <\/p>\n\n\n\n<p class=\"wp-block-paragraph\">\u201cTemos muitas op\u00e7\u00f5es e acho que \u00e9 o Checo quem tem lugar a perder. Ele \u00e9 nosso piloto de 2024. Se ele fizer um \u00f3timo trabalho no pr\u00f3ximo ano, n\u00e3o h\u00e1 raz\u00e3o para n\u00e3o continuar at\u00e9 2025. Mas ser\u00e1 puramente baseado no que ele alcan\u00e7ar durante boa parte da temporada. Seu ritmo de corrida tem sido muito forte em muitas ocasi\u00f5es. \u00c9 o seu desempenho na classifica\u00e7\u00e3o que provavelmente \u00e9 a \u00e1rea em que ele precisa se concentrar durante o inverno&#8221;, disse ele.<\/p>\n\n\n\n<p class=\"wp-block-paragraph\">Com\u00a0<strong>285\u00a0<\/strong>pontos, o mexicano ficou\u00a0<strong>290\u00a0<\/strong>atr\u00e1s do neerland\u00eas ao fim do ano, com\u00a0<strong>nove\u00a0<\/strong>p\u00f3dios contra\u00a0<strong>2<\/strong>1. Foram duas vit\u00f3rias do #11 contra 19 de Verstappen em 2023. <a href=\"https:\/\/www.grandepremio.com\/br\/f1\/noticias\/red-bull-confessa-falha-nao-entendeu-necessidades-sergio-perez-2023\/\" class=\"ek-link\">A <strong>Red Bull<\/strong>, no entanto, assumiu h\u00e1 pouco tempo que tamb\u00e9m tem uma parcela de culpa nisso. <\/a><\/p>\n\n\n\n<p class=\"wp-block-paragraph\">Segundo o diretor-t\u00e9cnico\u00a0<strong>Pierre Wach\u00e9<\/strong>, o foco dos taurinos em evoluir o conceito do RB19 n\u00e3o levou em considera\u00e7\u00e3o as necessidades de P\u00e9rez para conseguir extrair o m\u00e1ximo poss\u00edvel do carro. Para ele, n\u00e3o entender o que o mexicano precisava para retomar seu melhor n\u00edvel foi a principal falha da equipe em 2023.<\/p>\n\n\n\n<figure class=\"wp-block-image size-large\"><img decoding=\"async\" src=\"https:\/\/www.grandepremio.com\/br\/wp-content\/uploads\/2023\/11\/abu-dhabi-2023-f1-corrida-red-bull-sergio-perez-02-1024x576.jpg\" alt=\"\" class=\"wp-image-759448\"\/><figcaption class=\"wp-element-caption\">Sergio P\u00e9rez finalizou o ano com o quarto lugar em Abu Dhabi (Foto: Red Bull Content Pool)<\/figcaption><\/figure>\n\n\n\n<p class=\"wp-block-paragraph\">Ainda assim, o dirigente brit\u00e2nico acredita que confian\u00e7a foi o que faltou a partir do meio do ano. E \u00e9 o que P\u00e9rez precisa para ser consistente e assegurar sua vaga em 2025. <\/p>\n\n\n\n<p class=\"wp-block-paragraph\">\u201cSe voc\u00ea olhar no Bahrein, ele foi r\u00e1pido.\u00a0Se voc\u00ea olhar para suas primeiras corridas, teve uma pole na Ar\u00e1bia Saudita.\u00a0No Azerbaij\u00e3o, ele se destacou durante todo o fim de semana.\u00a0Miami tamb\u00e9m. Ent\u00e3o, as coisas come\u00e7aram a se desenrolar a partir da\u00ed.\u00a0Mas acho que \u00e9 uma \u00e1rea na qual ele vai se concentrar muito, porque sabe que \u00e9 um elemento crucial para ele no pr\u00f3ximo ano&#8221;, continuou. <\/p>\n\n\n\n<p class=\"wp-block-paragraph\">\u201cAcho que ser companheiro de equipe de Max \u00e9 dif\u00edcil, e acho que voc\u00ea precisa ter uma certa determina\u00e7\u00e3o e car\u00e1ter para estar preparado para enfrentar Max. Mas, \u00e0 medida que as coisas convergem, \u00e9 inevit\u00e1vel que voc\u00ea queira que seus dois carros estejam o mais pr\u00f3ximos poss\u00edvel&#8221;, encerrou Christian. <\/p>\n\n\n\n<p class=\"wp-block-paragraph\">Com a temporada encerrada, a&nbsp;<a target=\"_blank\" href=\"https:\/\/www.grandepremio.com\/formula-1\/\" rel=\"noreferrer noopener\">F\u00f3rmula 1<\/a>&nbsp;retorna apenas no ano que vem, no dia&nbsp;<strong>2 de mar\u00e7o<\/strong>, com a estreia do campeonato no&nbsp;<strong>GP do Bahrein<\/strong>.<\/p>\n\n\n\n<p class=\"wp-block-paragraph\"><strong><img decoding=\"async\" src=\"https:\/\/a.slack-edge.com\/production-standard-emoji-assets\/14.0\/google-medium\/25b6-fe0f.png\" alt=\":seta_para_frente:\"><\/strong><strong>&nbsp;Inscreva-se nos dois canais do GRANDE PR\u00caMIO no YouTube:&nbsp;<\/strong><strong><a target=\"_blank\" href=\"https:\/\/www.youtube.com\/channel\/UC9OlHEgxoaY6QY6nWPoiqQg?sub_confirmation=1\" rel=\"noreferrer noopener\">GP<\/a><\/strong><strong>&nbsp;|&nbsp;<\/strong><strong><a target=\"_blank\" href=\"https:\/\/www.youtube.com\/channel\/UC9csiS6q_C3C0FYhyr1rnFA?sub_confirmation=1\" rel=\"noreferrer noopener\">GP2<\/a><\/strong><br><strong><img decoding=\"async\" src=\"https:\/\/a.slack-edge.com\/production-standard-emoji-assets\/14.0\/google-medium\/25b6-fe0f.png\" alt=\":seta_para_frente:\"><\/strong><strong><a target=\"_blank\" href=\"https:\/\/www.twitch.tv\/grandepremio\" rel=\"noreferrer noopener\">Conhe\u00e7a o canal do GRANDE PR\u00caMIO na Twitch clicando aqui!<\/a><\/strong><\/p>\n\n\n\n<figure class=\"wp-block-embed is-type-video is-provider-youtube wp-block-embed-youtube wp-embed-aspect-16-9 wp-has-aspect-ratio\"><div class=\"wp-block-embed__wrapper\">\n<iframe loading=\"lazy\" title=\"Se a F1 2023 fosse um FILME, seria BOM ou RUIM?\" width=\"500\" height=\"281\" src=\"https:\/\/www.youtube.com\/embed\/t5ttxap4C84?feature=oembed\" frameborder=\"0\" allow=\"accelerometer; autoplay; clipboard-write; encrypted-media; gyroscope; picture-in-picture; web-share\" referrerpolicy=\"strict-origin-when-cross-origin\" allowfullscreen><\/iframe>\n<\/div><\/figure>\n","protected":false},"excerpt":{"rendered":"<p>Sergio P\u00e9rez foi avisado por Christian Horner, chefe da Red Bull, que sua perman\u00eancia com a equipe em 2025 depender\u00e1 puramente de seu desempenho no ano que vem <\/p>\n","protected":false},"author":0,"featured_media":1000757193,"comment_status":"closed","ping_status":"closed","sticky":false,"template":"","format":"standard","meta":{"42wp_featured_image_caption":"","42wp_featured_image_credits":"","42wp_featured_video":"","42wp_featured_image_hidden":false,"42wp_authors_list":[],"footnotes":""},"categories":[2],"tags":[5660,969,147,6533,3230,642,160,180,30722,30909,1491,30103,28285,204,3132,25978],"42wp_author":[47139],"class_list":["post-91510","post","type-post","status-publish","format-standard","has-post-thumbnail","hentry","category-f1","tag-classificacao","tag-corrida","tag-f1","tag-f1-2023","tag-f1-2024","tag-f1-ao-vivo","tag-f1-tv","tag-formula-1","tag-formula-1-2023","tag-formula-1-2024","tag-grande-premio","tag-grande-premio-f1","tag-grandepremio","tag-red-bull","tag-sergio-perez","tag-temporada-2023","42wp_author-ana-cerveira"],"_links":{"self":[{"href":"https:\/\/grandepremio.com\/br\/wp-json\/wp\/v2\/posts\/91510","targetHints":{"allow":["GET"]}}],"collection":[{"href":"https:\/\/grandepremio.com\/br\/wp-json\/wp\/v2\/posts"}],"about":[{"href":"https:\/\/grandepremio.com\/br\/wp-json\/wp\/v2\/types\/post"}],"replies":[{"embeddable":true,"href":"https:\/\/grandepremio.com\/br\/wp-json\/wp\/v2\/comments?post=91510"}],"version-history":[{"count":0,"href":"https:\/\/grandepremio.com\/br\/wp-json\/wp\/v2\/posts\/91510\/revisions"}],"wp:featuredmedia":[{"embeddable":true,"href":"https:\/\/grandepremio.com\/br\/wp-json\/wp\/v2\/media\/1000757193"}],"wp:attachment":[{"href":"https:\/\/grandepremio.com\/br\/wp-json\/wp\/v2\/media?parent=91510"}],"wp:term":[{"taxonomy":"category","embeddable":true,"href":"https:\/\/grandepremio.com\/br\/wp-json\/wp\/v2\/categories?post=91510"},{"taxonomy":"post_tag","embeddable":true,"href":"https:\/\/grandepremio.com\/br\/wp-json\/wp\/v2\/tags?post=91510"},{"taxonomy":"42wp_author","embeddable":true,"href":"https:\/\/grandepremio.com\/br\/wp-json\/wp\/v2\/42wp_author?post=91510"}],"curies":[{"name":"wp","href":"https:\/\/api.w.org\/{rel}","templated":true}]}}