{"id":91597,"date":"2023-12-23T04:30:00","date_gmt":"2023-12-23T07:30:00","guid":{"rendered":"https:\/\/grandepremio.com\/br\/noticias\/valtteri-bottas-valoriza-mudancas-planejadas-alfa-romeo-admite-sentir-falta-frederic-vasseur\/"},"modified":"2023-12-23T13:54:48","modified_gmt":"2023-12-23T16:54:48","slug":"valtteri-bottas-valoriza-mudancas-planejadas-alfa-romeo-admite-sentir-falta-frederic-vasseur","status":"publish","type":"post","link":"https:\/\/grandepremio.com\/br\/f1\/valtteri-bottas-valoriza-mudancas-planejadas-alfa-romeo-admite-sentir-falta-frederic-vasseur\/","title":{"rendered":"Bottas valoriza mudan\u00e7as &#8220;planejadas&#8221; na Alfa Romeo, mas admite sentir falta de Vasseur"},"content":{"rendered":"\n<p class=\"wp-block-paragraph\"><strong>Valtteri Bottas<\/strong> afirmou que sentiu a sa\u00edda de <strong>Fr\u00e9d\u00e9ric Vasseur<\/strong> do posto de chefe na <strong>Alfa Romeo<\/strong>. Em entrevista exclusiva ao <strong>GRANDE PR\u00caMIO<\/strong>, o finland\u00eas admitiu que notou a diferen\u00e7a no trabalho do franc\u00eas e do novo dirigente <strong>Alessandro Alunni Bravi<\/strong>, e reconheceu que levou um tempo at\u00e9 a equipe se adaptar \u00e0 nova gest\u00e3o. No entanto, acredita que o time baseado em <strong>Hinwil <\/strong>se planejou bem para enfrentar esse per\u00edodo de transi\u00e7\u00e3o.<\/p>\n\n\n\n<p class=\"wp-block-paragraph\">Vasseur deixou a dire\u00e7\u00e3o da Alfa Romeo para assumir o cargo de chefe de equipe na <strong>Ferrari<\/strong>, no lugar de <strong>Mattia Binotto<\/strong>, no in\u00edcio da temporada 2023 da <strong>F\u00f3rmula 1<\/strong>. Questionado pelo GRANDE PR\u00caMIO, Bottas falou sobre o per\u00edodo de transi\u00e7\u00e3o pelo qual a escuderia passou.<\/p>\n\n\n\n<p class=\"wp-block-paragraph\">\u201c\u00c9 claro que existe uma diferen\u00e7a. Quando h\u00e1 uma mudan\u00e7a de lideran\u00e7a na equipe voc\u00ea sente isso, mas sinto que a foi bem planejada. Levou tempo para todas as novas pessoas fazerem as coisas rolarem e aumentarem a velocidade, mas sinto que agora funciona\u201d, disse o #77.<\/p>\n\n\n\n<p class=\"wp-block-paragraph\">Bottas ainda admitiu que um dos motivos para ter assinado com a Alfa Romeo foi a presen\u00e7a de Vasseur e, por isso, ainda sente falta da lideran\u00e7a do franc\u00eas.<\/p>\n\n\n\n<figure class=\"wp-block-image size-large\"><img decoding=\"async\" src=\"https:\/\/www.grandepremio.com\/br\/wp-content\/uploads\/2023\/07\/f1-2023-austria-corrida-ferrari-fredericvasseur-afp-01-1024x683.jpg\" alt=\"\" class=\"wp-image-703360\"\/><figcaption class=\"wp-element-caption\">Vasseur deixou a Alfa Romeo para se tornar chefe da Ferrari (Foto: AFP) <\/figcaption><\/figure>\n\n\n\n<p class=\"wp-block-paragraph\">\u201c\u00c9 claro que sinto falta de trabalhar com Fred e de fato ele foi uma das raz\u00f5es pelas quais eu assinei com a equipe, mas n\u00e3o vou culp\u00e1-lo pois ele teve uma grande oportunidade de ir para a Ferrari, o que \u00e9 \u00f3timo para sua carreira. Mas sim \u00e9 diferente, cada l\u00edder tem seu caminho. \u00c9 simples\u201d, finalizou Bottas<\/p>\n\n\n\n<p class=\"wp-block-paragraph\">A Alfa Romeo teve uma temporada problem\u00e1tica na F1. Depois de uma boa campanha em 2022, o time n\u00e3o conseguiu repetir o feito e ficou com a pen\u00faltima coloca\u00e7\u00e3o entre os construtores com 16 pontos.<\/p>\n\n\n\n<p class=\"wp-block-paragraph\">A&nbsp;<a href=\"https:\/\/www.grandepremio.com\/formula-1\/\" target=\"_blank\" rel=\"noreferrer noopener\"><\/a><a href=\"https:\/\/www.grandepremio.com\/formula-1\/\" target=\"_blank\" rel=\"noreferrer noopener\">F\u00f3rmula 1<\/a>&nbsp;retorna \u00e0s pistas em&nbsp;<strong>fevereiro de 2024<\/strong>, dos dias 21 a 23, no&nbsp;<strong>Bahrein<\/strong>, para os testes coletivos da<strong>&nbsp;pr\u00e9-temporada<\/strong>.<\/p>\n\n\n\n<p class=\"wp-block-paragraph\"><strong>\u25b6\ufe0f&nbsp;Inscreva-se nos dois canais do GRANDE PR\u00caMIO no YouTube:&nbsp;<a href=\"https:\/\/www.youtube.com\/channel\/UC9OlHEgxoaY6QY6nWPoiqQg?sub_confirmation=1\" target=\"_blank\" rel=\"noreferrer noopener\">GP<\/a>&nbsp;|&nbsp;<a href=\"https:\/\/www.youtube.com\/channel\/UC9csiS6q_C3C0FYhyr1rnFA?sub_confirmation=1\" target=\"_blank\" rel=\"noreferrer noopener\">GP2<\/a><\/strong><br><strong>\u25b6\ufe0f&nbsp;<a href=\"https:\/\/www.twitch.tv\/grandepremio\" target=\"_blank\" rel=\"noreferrer noopener\">Conhe\u00e7a o canal do GRANDE PR\u00caMIO na Twitch clicando aqui!<\/a><\/strong><\/p>\n\n\n\n<figure class=\"wp-block-embed is-type-video is-provider-youtube wp-block-embed-youtube wp-embed-aspect-16-9 wp-has-aspect-ratio\"><div class=\"wp-block-embed__wrapper\">\n<iframe loading=\"lazy\" title=\"TOP-5 ao contr\u00e1rio: os PIORES PILOTOS e EQUIPES da F1 2023 | GP \u00e0s 10\" width=\"500\" height=\"281\" src=\"https:\/\/www.youtube.com\/embed\/1eK7wa9uCCg?feature=oembed\" frameborder=\"0\" allow=\"accelerometer; autoplay; clipboard-write; encrypted-media; gyroscope; picture-in-picture; web-share\" referrerpolicy=\"strict-origin-when-cross-origin\" allowfullscreen><\/iframe>\n<\/div><\/figure>\n","protected":false},"excerpt":{"rendered":"<p>Ao GRANDE PR\u00caMIO, Valtteri Bottas lamentou a perda de Fr\u00e9d\u00e9ric Vasseur na Alfa Romeo, mas valorizou o trabalho realizado pela equipe ap\u00f3s a sa\u00edda do dirigente franc\u00eas<\/p>\n","protected":false},"author":0,"featured_media":1000754934,"comment_status":"closed","ping_status":"closed","sticky":false,"template":"","format":"standard","meta":{"42wp_featured_image_caption":"","42wp_featured_image_credits":"","42wp_featured_video":"","42wp_featured_image_hidden":false,"42wp_authors_list":[],"footnotes":""},"categories":[2],"tags":[457,1491,28285,612,29528],"42wp_author":[47149,47119,47120],"class_list":["post-91597","post","type-post","status-publish","format-standard","has-post-thumbnail","hentry","category-f1","tag-alfa-romeo","tag-grande-premio","tag-grandepremio","tag-valtteri-bottas","tag-vasseur","42wp_author-bernardo-castro","42wp_author-gabriel-carvalho","42wp_author-pedro-henrique-marum"],"_links":{"self":[{"href":"https:\/\/grandepremio.com\/br\/wp-json\/wp\/v2\/posts\/91597","targetHints":{"allow":["GET"]}}],"collection":[{"href":"https:\/\/grandepremio.com\/br\/wp-json\/wp\/v2\/posts"}],"about":[{"href":"https:\/\/grandepremio.com\/br\/wp-json\/wp\/v2\/types\/post"}],"replies":[{"embeddable":true,"href":"https:\/\/grandepremio.com\/br\/wp-json\/wp\/v2\/comments?post=91597"}],"version-history":[{"count":0,"href":"https:\/\/grandepremio.com\/br\/wp-json\/wp\/v2\/posts\/91597\/revisions"}],"wp:featuredmedia":[{"embeddable":true,"href":"https:\/\/grandepremio.com\/br\/wp-json\/wp\/v2\/media\/1000754934"}],"wp:attachment":[{"href":"https:\/\/grandepremio.com\/br\/wp-json\/wp\/v2\/media?parent=91597"}],"wp:term":[{"taxonomy":"category","embeddable":true,"href":"https:\/\/grandepremio.com\/br\/wp-json\/wp\/v2\/categories?post=91597"},{"taxonomy":"post_tag","embeddable":true,"href":"https:\/\/grandepremio.com\/br\/wp-json\/wp\/v2\/tags?post=91597"},{"taxonomy":"42wp_author","embeddable":true,"href":"https:\/\/grandepremio.com\/br\/wp-json\/wp\/v2\/42wp_author?post=91597"}],"curies":[{"name":"wp","href":"https:\/\/api.w.org\/{rel}","templated":true}]}}