{"id":91639,"date":"2023-12-22T08:59:16","date_gmt":"2023-12-22T11:59:16","guid":{"rendered":"https:\/\/grandepremio.com\/br\/noticias\/lewis-hamilton-fica-formula-1-ate-africa-do-sul-voltar-calendario-sonho\/"},"modified":"2023-12-22T10:01:57","modified_gmt":"2023-12-22T13:01:57","slug":"lewis-hamilton-fica-formula-1-ate-africa-do-sul-voltar-calendario-sonho","status":"publish","type":"post","link":"https:\/\/grandepremio.com\/br\/f1\/lewis-hamilton-fica-formula-1-ate-africa-do-sul-voltar-calendario-sonho\/","title":{"rendered":"Hamilton diz que fica na F\u00f3rmula 1 at\u00e9 \u00c1frica do Sul voltar ao calend\u00e1rio: \u201cSonho meu\u201d"},"content":{"rendered":"\n<p class=\"wp-block-paragraph\"><strong>Lewis Hamilton <\/strong>afirmou que vai ficar na <strong>F\u00f3rmula 1 <\/strong>at\u00e9 conseguir colocar a <strong>\u00c1frica do Sul<\/strong> de volta ao calend\u00e1rio. O titular da <strong>Mercedes <\/strong>destacou que correr no continente africano \u00e9 um sonho.<\/p>\n\n\n\n<p class=\"wp-block-paragraph\">A \u00c1frica do Sul esteve no calend\u00e1rio de forma regular nos anos 1970 e 1980, no circuito de Kyalami. A \u00faltima corrida aconteceu, por\u00e9m, em 1993 e foi vencida por <strong>Alain Prost<\/strong>.<\/p>\n\n\n\n<p class=\"wp-block-paragraph\">Nos \u00faltimos anos, a volta da \u00c1frica do Sul \u00e9 alvo de muitas especula\u00e7\u00f5es, mas tamb\u00e9m de alguns entraves. Ano passado, o site RacingNews365.com chegou a reportar que as negocia\u00e7\u00f5es tinham travado por falta de apoio do governo local.<\/p>\n\n\n\n<p class=\"wp-block-paragraph\">O fator financeiro \u00e9 tamb\u00e9m uma dificuldade, j\u00e1 que h\u00e1 desacordo em torno de quem seria o respons\u00e1vel por pagar os US$ 15 milh\u00f5es (cerca de R$ 73,3 milh\u00f5es) necess\u00e1rios para Kyalami receber a certifica\u00e7\u00e3o Grau 1 exigida pela <strong>FIA <\/strong>(Federa\u00e7\u00e3o Internacional de Automobilismo).<\/p>\n\n\n\n<figure class=\"wp-block-image size-large\"><img decoding=\"async\" src=\"https:\/\/www.grandepremio.com\/br\/wp-content\/uploads\/2023\/11\/abu-dhabi-2023-f1-corrida-mercedes-lewis-hamilton-05-1024x576.jpg\" alt=\"\" class=\"wp-image-759909\"\/><figcaption class=\"wp-element-caption\">Hamilton afirmou que trabalha para garantir volta da \u00c1frica do Sul ao calend\u00e1rio (Foto: Mercedes)<\/figcaption><\/figure>\n\n\n\n<p class=\"wp-block-paragraph\"><strong>\u25b6\ufe0f\u00a0Inscreva-se nos dois canais do GRANDE PR\u00caMIO no YouTube:\u00a0<a href=\"https:\/\/www.youtube.com\/channel\/UC9OlHEgxoaY6QY6nWPoiqQg?sub_confirmation=1\" target=\"_blank\" rel=\"noreferrer noopener\">GP<\/a>\u00a0|\u00a0<a href=\"https:\/\/www.youtube.com\/channel\/UC9csiS6q_C3C0FYhyr1rnFA?sub_confirmation=1\" target=\"_blank\" rel=\"noreferrer noopener\">GP2<\/a><\/strong><br><strong>\u25b6\ufe0f\u00a0<a href=\"https:\/\/www.twitch.tv\/grandepremio\" target=\"_blank\" rel=\"noreferrer noopener\">Conhe\u00e7a o canal do GRANDE PR\u00caMIO na Twitch clicando aqui!<\/a><\/strong><\/p>\n\n\n\n<p class=\"wp-block-paragraph\">Mas n\u00e3o \u00e9 s\u00f3 isso. Em junho \u00faltimo, ainda de acordo com o site ingl\u00eas, a F1 desistiu do projeto de voltar \u00e0 \u00c1frica do Sul por <a href=\"https:\/\/www.grandepremio.com\/br\/f1\/noticias\/f1-incomoda-neutralidade-guerra-russia-desiste-voltar-africa-do-sul\/\" class=\"ek-link\">se incomodar com o alinhamento do pa\u00eds com a <strong>R\u00fassia<\/strong><\/a>, que segue em guerra ap\u00f3s invadir a <strong>Ucr\u00e2nia<\/strong>. O campeonato n\u00e3o quer se envolver em temas pol\u00edticos.<\/p>\n\n\n\n<p class=\"wp-block-paragraph\">Em maio passado, um embaixador dos <strong>Estados Unidos <\/strong>passou a acusar a \u00c1frica do Sul de fornecer armas para a R\u00fassia e fortalecer os esfor\u00e7os de guerra do pa\u00eds.<\/p>\n\n\n\n<p class=\"wp-block-paragraph\">Apesar do cen\u00e1rio, Hamilton n\u00e3o entregou os pontos. O brit\u00e2nico segue empenhado e trabalha em busca do retorno \u00e0 Kyalami.<\/p>\n\n\n\n<p class=\"wp-block-paragraph\">\u201cEstou trabalhando nos bastidores para colocar a \u00c1frica do Sul na corrida\u201d, disse Hamilton. \u201cIsso \u00e9 um sonho meu. Tenho de ficar at\u00e9 que eles tenham uma corrida\u201d, completou.<\/p>\n\n\n\n<p class=\"wp-block-paragraph\">A&nbsp;<a href=\"https:\/\/www.grandepremio.com\/formula-1\/\" target=\"_blank\" rel=\"noreferrer noopener\"><\/a><a href=\"https:\/\/www.grandepremio.com\/formula-1\/\" target=\"_blank\" rel=\"noreferrer noopener\">F\u00f3rmula 1<\/a>&nbsp;retorna \u00e0s pistas em&nbsp;<strong>fevereiro de 2024<\/strong>, dos dias 21 a 23, no&nbsp;<strong>Bahrein<\/strong>, para os testes coletivos da<strong>&nbsp;pr\u00e9-temporada<\/strong>.<\/p>\n\n\n\n<figure class=\"wp-block-embed is-type-video is-provider-youtube wp-block-embed-youtube wp-embed-aspect-16-9 wp-has-aspect-ratio\"><div class=\"wp-block-embed__wrapper\">\n<iframe loading=\"lazy\" title=\"MERCEDES: conversa fiada ou d\u00e1 pra acreditar? + CANIBAL na MotoGP | Paddock Sprint\" width=\"500\" height=\"281\" src=\"https:\/\/www.youtube.com\/embed\/nks-73dGY3s?feature=oembed\" frameborder=\"0\" allow=\"accelerometer; autoplay; clipboard-write; encrypted-media; gyroscope; picture-in-picture; web-share\" referrerpolicy=\"strict-origin-when-cross-origin\" allowfullscreen><\/iframe>\n<\/div><\/figure>\n","protected":false},"excerpt":{"rendered":"<p>Lewis Hamilton revelou que trabalha nos bastidores para que a F\u00f3rmula 1 retorne \u00e0 \u00c1frica do Sul. Mundial esteve pela \u00faltima vez no pa\u00eds em 1993<\/p>\n","protected":false},"author":0,"featured_media":1000754917,"comment_status":"closed","ping_status":"closed","sticky":false,"template":"","format":"standard","meta":{"42wp_featured_image_caption":"","42wp_featured_image_credits":"","42wp_featured_video":"","42wp_featured_image_hidden":false,"42wp_authors_list":[],"footnotes":""},"categories":[2],"tags":[147,6533,180,30722,33465,28285,33467],"42wp_author":[47113],"class_list":["post-91639","post","type-post","status-publish","format-standard","has-post-thumbnail","hentry","category-f1","tag-f1","tag-f1-2023","tag-formula-1","tag-formula-1-2023","tag-formula-1-classificacao-2023","tag-grandepremio","tag-onde-assistir-f1-2023","42wp_author-juliana-tesser"],"_links":{"self":[{"href":"https:\/\/grandepremio.com\/br\/wp-json\/wp\/v2\/posts\/91639","targetHints":{"allow":["GET"]}}],"collection":[{"href":"https:\/\/grandepremio.com\/br\/wp-json\/wp\/v2\/posts"}],"about":[{"href":"https:\/\/grandepremio.com\/br\/wp-json\/wp\/v2\/types\/post"}],"replies":[{"embeddable":true,"href":"https:\/\/grandepremio.com\/br\/wp-json\/wp\/v2\/comments?post=91639"}],"version-history":[{"count":0,"href":"https:\/\/grandepremio.com\/br\/wp-json\/wp\/v2\/posts\/91639\/revisions"}],"wp:featuredmedia":[{"embeddable":true,"href":"https:\/\/grandepremio.com\/br\/wp-json\/wp\/v2\/media\/1000754917"}],"wp:attachment":[{"href":"https:\/\/grandepremio.com\/br\/wp-json\/wp\/v2\/media?parent=91639"}],"wp:term":[{"taxonomy":"category","embeddable":true,"href":"https:\/\/grandepremio.com\/br\/wp-json\/wp\/v2\/categories?post=91639"},{"taxonomy":"post_tag","embeddable":true,"href":"https:\/\/grandepremio.com\/br\/wp-json\/wp\/v2\/tags?post=91639"},{"taxonomy":"42wp_author","embeddable":true,"href":"https:\/\/grandepremio.com\/br\/wp-json\/wp\/v2\/42wp_author?post=91639"}],"curies":[{"name":"wp","href":"https:\/\/api.w.org\/{rel}","templated":true}]}}