{"id":91654,"date":"2023-12-22T04:45:00","date_gmt":"2023-12-22T07:45:00","guid":{"rendered":"https:\/\/grandepremio.com\/br\/noticias\/yamaha-promete-nova-relacao-equipe-satelite-poe-vr46-primeira-opcao\/"},"modified":"2023-12-21T11:23:20","modified_gmt":"2023-12-21T14:23:20","slug":"yamaha-promete-nova-relacao-equipe-satelite-poe-vr46-primeira-opcao","status":"publish","type":"post","link":"https:\/\/grandepremio.com\/br\/motogp\/yamaha-promete-nova-relacao-equipe-satelite-poe-vr46-primeira-opcao\/","title":{"rendered":"Yamaha promete nova rela\u00e7\u00e3o com equipe sat\u00e9lite e p\u00f5e VR46 como \u201cprimeira op\u00e7\u00e3o\u201d"},"content":{"rendered":"\n<p class=\"wp-block-paragraph\">Chefe da <strong>Yamaha<\/strong>, <strong>Massimo Meregalli <\/strong>promete uma nova rela\u00e7\u00e3o com as equipes sat\u00e9lites. Sem clientes na <strong>MotoGP<\/strong>, a casa de Iwata procura uma equipe para fornecer a <strong>YZR-M1<\/strong> e fala em agora trabalhar com \u201cuma sinergia direta\u201d.<\/p>\n\n\n\n<p class=\"wp-block-paragraph\">Desde que perdeu a <strong>RNF <\/strong>no final da temporada <strong>2022<\/strong>, a Yamaha ficou apenas com as duas motos do time de f\u00e1brica. Agora, por\u00e9m, o cen\u00e1rio promete mudar, j\u00e1 que muitos contratos chegam ao fim em <strong>2024<\/strong>, o que permite \u00e0 marca dos tr\u00eas diapas\u00f5es duplicar o esfor\u00e7o na <strong>MotoGP <\/strong>em <strong>2025<\/strong>.<\/p>\n\n\n\n<p class=\"wp-block-paragraph\">A <strong>VR46<\/strong>, ali\u00e1s, \u00e9 sempre citada como uma op\u00e7\u00e3o, especialmente por causa da rela\u00e7\u00e3o hist\u00f3rica com <strong>Valentino Rossi<\/strong>, que conquistou quatro dos sete t\u00edtulos na MotoGP com a marca. Mas a escuderia de <strong>Tavullia <\/strong>n\u00e3o \u00e9 a \u00fanica com contrato expirando. A <strong>Pramac <\/strong>e a <strong>LCR <\/strong>tamb\u00e9m ter\u00e3o de renegociar o fornecimento de motos.<\/p>\n\n\n\n<p class=\"wp-block-paragraph\">\u201cEste \u00e9 um dos nossos objetivos e a gest\u00e3o ser\u00e1 diferente do que tivemos no passado, quando simplesmente fornec\u00edamos as motos\u201d, assegurou Meregalli em entrevista ao site italiano GPOne. \u201cA ideia que temos agora \u00e9 ter uma sinergia direta com a equipe sat\u00e9lite para trabalharmos juntos\u201d, seguiu.<\/p>\n\n\n\n<figure class=\"wp-block-image size-large\"><img decoding=\"async\" src=\"https:\/\/www.grandepremio.com\/br\/wp-content\/uploads\/2023\/08\/53130018040_f6d0f5b6d7_k-1024x682.jpg\" alt=\"\" class=\"wp-image-720076\"\/><figcaption class=\"wp-element-caption\">A VR46 de Valentino Rossi \u00e9 o principal alvo da Yamaha (Foto: VR46)<\/figcaption><\/figure>\n\n\n\n<p class=\"wp-block-paragraph\"><strong>\u25b6\ufe0f\u00a0Inscreva-se nos dois canais do GRANDE PR\u00caMIO no YouTube:\u00a0<a href=\"https:\/\/www.youtube.com\/channel\/UC9OlHEgxoaY6QY6nWPoiqQg?sub_confirmation=1\" target=\"_blank\" rel=\"noreferrer noopener\">GP<\/a>\u00a0|\u00a0<a href=\"https:\/\/www.youtube.com\/channel\/UC9csiS6q_C3C0FYhyr1rnFA?sub_confirmation=1\" target=\"_blank\" rel=\"noreferrer noopener\">GP2<\/a><\/strong><br><strong>\u25b6\ufe0f\u00a0<a href=\"https:\/\/www.twitch.tv\/grandepremio\" target=\"_blank\" rel=\"noreferrer noopener\">Conhe\u00e7a o canal do GRANDE PR\u00caMIO na Twitch clicando aqui!<\/a><\/strong><\/p>\n\n\n\n<p class=\"wp-block-paragraph\">\u201cCertamente, a primeira equipe para n\u00f3s seria a de Valentino, que \u00e9 embaixador da Yamaha e nossa rela\u00e7\u00e3o com ele \u00e9 bem conhecida\u201d, completou.<\/p>\n\n\n\n<p class=\"wp-block-paragraph\">A\u00a0<strong><a href=\"https:\/\/grandepremio.com\/motovelocidade\/\" target=\"_blank\" rel=\"noreferrer noopener\"><\/a><a href=\"https:\/\/grandepremio.com\/motovelocidade\/\" target=\"_blank\" rel=\"noreferrer noopener\">MotoGP<\/a>\u00a0<\/strong>volta a acelerar entre 6 e 8 de fevereiro de 2024, com os testes de pr\u00e9-temporada na<strong>\u00a0Mal\u00e1sia<\/strong>, no circuito de\u00a0<strong><a href=\"https:\/\/www.grandepremio.com\/br\/circuito\/sepang\/\" target=\"_blank\" rel=\"noreferrer noopener\">Sepang<\/a><\/strong>. O\u00a0<strong>GRANDE PR\u00caMIO\u00a0<\/strong>faz a cobertura completa do evento, assim como das outras classes do\u00a0<strong>Mundial de Motovelocidade<\/strong>\u00a0durante todo o ano.<\/p>\n\n\n\n<p class=\"wp-block-paragraph\"><strong>RETROSPECTIVA 2023<br><\/strong>\ud83d\udccc\u00a0<a href=\"https:\/\/www.grandepremio.com\/br\/motogp\/noticias\/retrospectiva-2023-motogp-estreia-formato-ducati-ratificar-reinado\/\"><strong>MotoGP estreia formato e v\u00ea Ducati ratificar reinado<\/strong><\/a><br>\ud83d\udccc<strong>\u00a0<a href=\"https:\/\/www.grandepremio.com\/br\/motogp\/noticias\/retrospectiva-2023-ducati-desfila-forca-bate-recorde-atesta-dominio-motogp\/\">Ducati desfila for\u00e7a, bate recorde e atesta dom\u00ednio na MotoGP<\/a><\/strong><br>\ud83d\udccc\u00a0<a href=\"https:\/\/www.grandepremio.com\/br\/motogp\/noticias\/retrospectiva-2023-francesco-bagnaia-jorge-martin-brilham-iniciam-rivalidade-promissora-motogp\/\"><strong>Bagnaia e Mart\u00edn brilham e iniciam rivalidade promissora na MotoGP<\/strong><\/a><br>\ud83d\udccc\u00a0<a href=\"https:\/\/www.grandepremio.com\/br\/motogp\/noticias\/retrospectiva-2023-ktm-inova-aerodinamica-vira-incomodo-para-rivais\/\"><strong>KTM inova na aerodin\u00e2mica e vira inc\u00f4modo para rivais<\/strong><\/a><br>\ud83d\udccc\u00a0<a href=\"https:\/\/www.grandepremio.com\/br\/motogp\/noticias\/retrospectiva-2023-aleix-espargaro-se-salva-temporada-mediana-aprilia-motogp\/\"><\/a><strong><a href=\"https:\/\/www.grandepremio.com\/br\/piloto\/aleix-espargaro\/\" target=\"_blank\" rel=\"noreferrer noopener\">Aleix Espargar\u00f3<\/a><a href=\"https:\/\/www.grandepremio.com\/br\/motogp\/noticias\/retrospectiva-2023-aleix-espargaro-se-salva-temporada-mediana-aprilia-motogp\/\">\u00a0se salva em temporada mediana da Aprilia na MotoGP<\/a><\/strong><br>\ud83d\udccc<strong>\u00a0<a href=\"https:\/\/www.grandepremio.com\/br\/motogp\/noticias\/retrospectiva-2023-diogo-moreira-tem-ano-acidentado-mas-primeira-vitoria-moto3\/\">Moreira tem ano acidentado, mas brilha em 1\u00aa vit\u00f3ria na Moto3<\/a><\/strong><br>\ud83d\udccc\u00a0<a href=\"https:\/\/www.grandepremio.com\/br\/motogp\/noticias\/retrospectiva-2023-moto3-entrega-ano-quente-disputa-feroz-entre-jaume-masia-ayumu-sasaki\/\"><strong>Moto3 entrega ano quente com disputa feroz entre Masi\u00e0 e Sasaki<\/strong><\/a><br>\ud83d\udccc\u00a0<a href=\"https:\/\/www.grandepremio.com\/br\/motogp\/noticias\/retrospectiva-2023-marc-marquez-sofre-honda-abisma-motogp-troca-historica\/\"><\/a><strong><a href=\"https:\/\/www.grandepremio.com\/br\/piloto\/marc-marquez\/\" target=\"_blank\" rel=\"noreferrer noopener\">Marc M\u00e1rquez<\/a><a href=\"https:\/\/www.grandepremio.com\/br\/motogp\/noticias\/retrospectiva-2023-marc-marquez-sofre-honda-abisma-motogp-troca-historica\/\">\u00a0sofre com Honda e abisma MotoGP com troca hist\u00f3rica<\/a><\/strong><br>\ud83d\udccc\u00a0<strong><a href=\"https:\/\/www.grandepremio.com\/br\/motogp\/noticias\/retrospectiva-2023-honda-atinge-fundo-poco-nem-marc-marquez-salva-desastre\/\">Honda atinge fundo do po\u00e7o. E nem Marc M\u00e1rquez evita desastre<\/a><br><\/strong>\ud83d\udccc\u00a0<a href=\"https:\/\/www.grandepremio.com\/br\/motogp\/noticias\/retrospectiva-2023-yamaha-evita-lanterna-ano-opaco-ganha-esperanca-concessoes\/\"><strong>Yamaha evita lanterna em ano opaco e ganha esperan\u00e7a com concess\u00f5es<\/strong><\/a><br>\ud83d\udccc\u00a0<a href=\"https:\/\/www.grandepremio.com\/br\/motogp\/noticias\/retrospectiva-2023-pedro-acosta-passeia-moto2-promete-classe-rainha-2024\/\"><strong>Acosta passeia na Moto2 e sobe para MotoGP cercado de expectativas<\/strong><\/a><br>\ud83d\udccc\u00a0<strong><a href=\"https:\/\/www.grandepremio.com\/br\/motogp\/noticias\/retrospectiva-2023-sprint-assusta-estreia-conquista-mesmo-resistencia\/\">Sprint assusta na estreia, mas conquista mesmo com resist\u00eancia<\/a><\/strong><br>\ud83d\udccc\u00a0<strong><a href=\"https:\/\/www.grandepremio.com\/br\/motogp\/noticias\/retrospectiva-2023-festival-lesoes-erros-comissarios-mancham-ano-motogp\/\">Festival de les\u00f5es e erros de comiss\u00e1rios mancham ano da MotoGP<\/a><\/strong><a href=\"https:\/\/cres.ws\/motogp\"><\/a><\/p>\n\n\n\n<figure class=\"wp-block-embed is-type-video is-provider-youtube wp-block-embed-youtube wp-embed-aspect-16-9 wp-has-aspect-ratio\"><div class=\"wp-block-embed__wrapper\">\n<iframe loading=\"lazy\" title=\"N\u00e3o h\u00e1 INJUSTI\u00c7A em oferecer CONCESS\u00d5ES para GIGANTES Yamaha e Honda na MotoGP | GP \u00e0s 10\" width=\"500\" height=\"281\" src=\"https:\/\/www.youtube.com\/embed\/ah2dqetUR9o?feature=oembed\" frameborder=\"0\" allow=\"accelerometer; autoplay; clipboard-write; encrypted-media; gyroscope; picture-in-picture; web-share\" referrerpolicy=\"strict-origin-when-cross-origin\" allowfullscreen><\/iframe>\n<\/div><figcaption class=\"wp-element-caption\">N\u00e3o h\u00e1 injusti\u00e7a em oferecer concess\u00f5es para gigantes Yamaha e Honda<\/figcaption><\/figure>\n","protected":false},"excerpt":{"rendered":"<p>Chefe da Yamaha, Massimo Meregalli prometeu trabalhar com mais sinergia com a futura equipe sat\u00e9lite na MotoGP. Dirigente ressaltou que a casa de Iwata encara a VR46 como prioridade, tamb\u00e9m por causa da rela\u00e7\u00e3o com Valentino Rossi<\/p>\n","protected":false},"author":0,"featured_media":1000720074,"comment_status":"closed","ping_status":"closed","sticky":false,"template":"","format":"standard","meta":{"42wp_featured_image_caption":"","42wp_featured_image_credits":"","42wp_featured_video":"","42wp_featured_image_hidden":false,"42wp_authors_list":[],"footnotes":""},"categories":[8],"tags":[5214,2327,28285,3504,79,78,27538,33202,33200,33201,25819,29345,28766,33203,26690,80,81,172],"42wp_author":[47113],"class_list":["post-91654","post","type-post","status-publish","format-standard","has-post-thumbnail","hentry","category-motogp","tag-classificacao-motogp","tag-francesco-bagnaia","tag-grandepremio","tag-gresini","tag-moto-gp","tag-motogp","tag-motogp-2023","tag-motogp-2023-calendario","tag-motogp-calendario-2023","tag-motogp-classificacao-2023","tag-motogp-hoje","tag-motogp-horario","tag-motogp-standings","tag-onde-assistir-motogp-2023","tag-pilotos-motogp","tag-valentino-rossi","tag-vr46","tag-yamaha","42wp_author-juliana-tesser"],"_links":{"self":[{"href":"https:\/\/grandepremio.com\/br\/wp-json\/wp\/v2\/posts\/91654","targetHints":{"allow":["GET"]}}],"collection":[{"href":"https:\/\/grandepremio.com\/br\/wp-json\/wp\/v2\/posts"}],"about":[{"href":"https:\/\/grandepremio.com\/br\/wp-json\/wp\/v2\/types\/post"}],"replies":[{"embeddable":true,"href":"https:\/\/grandepremio.com\/br\/wp-json\/wp\/v2\/comments?post=91654"}],"version-history":[{"count":0,"href":"https:\/\/grandepremio.com\/br\/wp-json\/wp\/v2\/posts\/91654\/revisions"}],"wp:featuredmedia":[{"embeddable":true,"href":"https:\/\/grandepremio.com\/br\/wp-json\/wp\/v2\/media\/1000720074"}],"wp:attachment":[{"href":"https:\/\/grandepremio.com\/br\/wp-json\/wp\/v2\/media?parent=91654"}],"wp:term":[{"taxonomy":"category","embeddable":true,"href":"https:\/\/grandepremio.com\/br\/wp-json\/wp\/v2\/categories?post=91654"},{"taxonomy":"post_tag","embeddable":true,"href":"https:\/\/grandepremio.com\/br\/wp-json\/wp\/v2\/tags?post=91654"},{"taxonomy":"42wp_author","embeddable":true,"href":"https:\/\/grandepremio.com\/br\/wp-json\/wp\/v2\/42wp_author?post=91654"}],"curies":[{"name":"wp","href":"https:\/\/api.w.org\/{rel}","templated":true}]}}