{"id":91810,"date":"2023-12-19T10:06:03","date_gmt":"2023-12-19T13:06:03","guid":{"rendered":"https:\/\/grandepremio.com\/br\/noticias\/fernando-alonso-revela-relacao-unica-lance-stroll-elogia-motivacao-surpreendente\/"},"modified":"2023-12-19T10:06:18","modified_gmt":"2023-12-19T13:06:18","slug":"fernando-alonso-revela-relacao-unica-lance-stroll-elogia-motivacao-surpreendente","status":"publish","type":"post","link":"https:\/\/grandepremio.com\/br\/f1\/fernando-alonso-revela-relacao-unica-lance-stroll-elogia-motivacao-surpreendente\/","title":{"rendered":"Alonso revela rela\u00e7\u00e3o \u201c\u00fanica\u201d com Stroll e elogia: \u201cTem uma motiva\u00e7\u00e3o surpreendente\u201d"},"content":{"rendered":"\n<p class=\"wp-block-paragraph\">Embora o desempenho de <strong>Lance Stroll<\/strong> tenha sido muito questionado ao longo do ano, <strong>Fernando Alonso<\/strong> elogiou o comportamento do companheiro de <strong>Aston Martin<\/strong>. O bicampe\u00e3o, que se juntou ao canadense na equipe brit\u00e2nica no in\u00edcio de 2023, revelou que desenvolveu uma rela\u00e7\u00e3o nunca antes vista com um companheiro de equipe, e citou como ponto alto a motiva\u00e7\u00e3o mostrada pelo piloto de 25 anos.<\/p>\n\n\n\n<p class=\"wp-block-paragraph\">A Aston Martin come\u00e7ou a temporada com o segundo melhor carro do grid, mas Stroll n\u00e3o conseguiu entregar resultados \u00e0 altura. Embora tenha performado bem na corrida de abertura no <strong>Bahrein <\/strong><a href=\"https:\/\/www.grandepremio.com\/br\/f1\/noticias\/lance-stroll-fratura-dois-pulsos-passa-por-cirurgia-as-vesperas-temporada-da-f1\/\" class=\"ek-link\">quando estava lesionado<\/a>, e tenha conseguido um quarto lugar na <strong>Austr\u00e1lia<\/strong>, o canadense viveu mais momentos de baixa do que de alta.<\/p>\n\n\n\n<p class=\"wp-block-paragraph\">Enquanto Alonso acumulou p\u00f3dios e chegou a se colocar em uma briga pelo vice-campeonato, Lance terminou a campanha apenas em d\u00e9cimo com 74 pontos, e foi o \u00fanico piloto do top-12 a n\u00e3o terminar uma corrida no top-3.<\/p>\n\n\n\n<p class=\"wp-block-paragraph\">O bicampe\u00e3o, no entanto, defendeu o companheiro de equipe e elogiou a determina\u00e7\u00e3o e comprometimento do canadense, que at\u00e9 conseguiu fazer boas corridas na reta final de 2023.<\/p>\n\n\n\n<figure class=\"wp-block-image size-large\"><img decoding=\"async\" src=\"https:\/\/www.grandepremio.com\/br\/wp-content\/uploads\/2023\/11\/las-vegas-2023-f1-treino-livre-aston-martin-fernando-alonso-01-3-1024x682.jpg\" alt=\"\" class=\"wp-image-754956\"\/><figcaption class=\"wp-element-caption\">Assim como Stroll, Aston Martin tamb\u00e9m teve momentos dif\u00edceis na F1 2023 (Foto: Aston Martin)<\/figcaption><\/figure>\n\n\n\n<p class=\"wp-block-paragraph\">\u201cTem sido muito bom e acho que temos uma rela\u00e7\u00e3o \u00fanica comparado a qualquer equipe em que j\u00e1 estive. Conversamos muito, nos falamos todas as semanas por telefone, na f\u00e1brica, nas corridas e tentamos garantir que estamos todos na mesma dire\u00e7\u00e3o. Compartilhamos muitas coisas pelas quais ele passou, algumas dificuldades este ano, pois o carro estava mudando de comportamento e ele estava sofrendo um pouco mais do que eu\u201d, revelou Alonso.<\/p>\n\n\n\n<p class=\"wp-block-paragraph\">\u201cDepois consertamos algumas coisas no carro e ele voltou \u00e0 melhor forma, e foi impressionante ver sua dedica\u00e7\u00e3o e motiva\u00e7\u00e3o nos altos e baixos, como no in\u00edcio do ano com a les\u00e3o na m\u00e3o. Ele estava t\u00e3o determinado a colocar as coisas de volta no lugar e finalmente conseguiu isso depois do M\u00e9xico, no Brasil e em Las Vegas. Para ser sincero, foi uma surpresa para mim o n\u00edvel de comprometimento e o n\u00edvel de motiva\u00e7\u00e3o que ele tem, ent\u00e3o s\u00e3o apenas boas not\u00edcias e coisas boas para a equipe\u201d, finalizou o espanhol.<\/p>\n\n\n\n<p class=\"wp-block-paragraph\">Depois de um in\u00edcio de ano dos mais surpreendentes, a Aston Martin perdeu for\u00e7a ao longo do ano, somou 280 pontos e ficou apenas na quinta posi\u00e7\u00e3o no <strong>Mundial de Construtores <\/strong>depois de ser superada por <strong>Mercedes, Ferrari <\/strong>e <strong>McLaren.<\/strong><\/p>\n\n\n\n<p class=\"wp-block-paragraph\"><strong>\u25b6\ufe0f\u00a0Inscreva-se nos dois canais do GRANDE PR\u00caMIO no YouTube:\u00a0<a href=\"https:\/\/www.youtube.com\/channel\/UC9OlHEgxoaY6QY6nWPoiqQg?sub_confirmation=1\" target=\"_blank\" rel=\"noreferrer noopener\">GP<\/a>\u00a0|\u00a0<a href=\"https:\/\/www.youtube.com\/channel\/UC9csiS6q_C3C0FYhyr1rnFA?sub_confirmation=1\" target=\"_blank\" rel=\"noreferrer noopener\">GP2<\/a><\/strong><br><strong>\u25b6\ufe0f\u00a0<a href=\"https:\/\/www.twitch.tv\/grandepremio\" target=\"_blank\" rel=\"noreferrer noopener\">Conhe\u00e7a o canal do GRANDE PR\u00caMIO na Twitch clicando aqui!<\/a><\/strong><\/p>\n\n\n\n<figure class=\"wp-block-embed is-type-video is-provider-youtube wp-block-embed-youtube wp-embed-aspect-16-9 wp-has-aspect-ratio\"><div class=\"wp-block-embed__wrapper\">\n<iframe loading=\"lazy\" title=\"De Pourchaire a Doohan: quem da F2 merecia MESMO chance na F1 em 2024 | GP \u00e0s 10\" width=\"500\" height=\"281\" src=\"https:\/\/www.youtube.com\/embed\/j7f1TP9JClM?feature=oembed\" frameborder=\"0\" allow=\"accelerometer; autoplay; clipboard-write; encrypted-media; gyroscope; picture-in-picture; web-share\" referrerpolicy=\"strict-origin-when-cross-origin\" allowfullscreen><\/iframe>\n<\/div><\/figure>\n","protected":false},"excerpt":{"rendered":"<p>Fernando Alonso falou sobre a boa rela\u00e7\u00e3o com Lance Stroll, e explicou algumas dificuldades que o canadense teve ao longo da temporada 2023 da F\u00f3rmula 1<\/p>\n","protected":false},"author":0,"featured_media":1000749598,"comment_status":"closed","ping_status":"closed","sticky":false,"template":"","format":"standard","meta":{"42wp_featured_image_caption":"","42wp_featured_image_credits":"","42wp_featured_video":"","42wp_featured_image_hidden":false,"42wp_authors_list":[],"footnotes":""},"categories":[2],"tags":[33218,309,6533,176,180,30722,1491,28285,485,13632,36313],"42wp_author":[47149],"class_list":["post-91810","post","type-post","status-publish","format-standard","has-post-thumbnail","hentry","category-f1","tag-amr23","tag-aston-martin","tag-f1-2023","tag-fernando-alonso","tag-formula-1","tag-formula-1-2023","tag-grande-premio","tag-grandepremio","tag-lance-stroll","tag-stroll","tag-stroll-f1","42wp_author-bernardo-castro"],"_links":{"self":[{"href":"https:\/\/grandepremio.com\/br\/wp-json\/wp\/v2\/posts\/91810","targetHints":{"allow":["GET"]}}],"collection":[{"href":"https:\/\/grandepremio.com\/br\/wp-json\/wp\/v2\/posts"}],"about":[{"href":"https:\/\/grandepremio.com\/br\/wp-json\/wp\/v2\/types\/post"}],"replies":[{"embeddable":true,"href":"https:\/\/grandepremio.com\/br\/wp-json\/wp\/v2\/comments?post=91810"}],"version-history":[{"count":0,"href":"https:\/\/grandepremio.com\/br\/wp-json\/wp\/v2\/posts\/91810\/revisions"}],"wp:featuredmedia":[{"embeddable":true,"href":"https:\/\/grandepremio.com\/br\/wp-json\/wp\/v2\/media\/1000749598"}],"wp:attachment":[{"href":"https:\/\/grandepremio.com\/br\/wp-json\/wp\/v2\/media?parent=91810"}],"wp:term":[{"taxonomy":"category","embeddable":true,"href":"https:\/\/grandepremio.com\/br\/wp-json\/wp\/v2\/categories?post=91810"},{"taxonomy":"post_tag","embeddable":true,"href":"https:\/\/grandepremio.com\/br\/wp-json\/wp\/v2\/tags?post=91810"},{"taxonomy":"42wp_author","embeddable":true,"href":"https:\/\/grandepremio.com\/br\/wp-json\/wp\/v2\/42wp_author?post=91810"}],"curies":[{"name":"wp","href":"https:\/\/api.w.org\/{rel}","templated":true}]}}