{"id":91951,"date":"2023-12-17T12:37:49","date_gmt":"2023-12-17T15:37:49","guid":{"rendered":"https:\/\/grandepremio.com\/br\/noticias\/oscar-piastri-elogia-desempenho-temporada-estreia-formula-1-precisei-entregar\/"},"modified":"2023-12-17T13:00:35","modified_gmt":"2023-12-17T16:00:35","slug":"oscar-piastri-elogia-desempenho-temporada-estreia-formula-1-precisei-entregar","status":"publish","type":"post","link":"https:\/\/grandepremio.com\/br\/f1\/oscar-piastri-elogia-desempenho-temporada-estreia-formula-1-precisei-entregar\/","title":{"rendered":"Piastri elogia desempenho em temporada de estreia na F\u00f3rmula 1: &#8220;Precisei entregar&#8221;"},"content":{"rendered":"\n<p class=\"wp-block-paragraph\">Nono colocado no Mundial de Pilotos da <strong>F\u00f3rmula 1<\/strong> <strong>2023<\/strong>, <strong>Oscar Piastri <\/strong>fez uma an\u00e1lise de seu primeiro ano na categoria e disse ter sa\u00eddo com uma sensa\u00e7\u00e3o bastante positiva ap\u00f3s o encerramento do campeonato, em <strong>Abu Dhabi<\/strong>. O australiano agradeceu \u00e0 <strong>McLaren <\/strong>pela evolu\u00e7\u00e3o do carro, claramente a maior do grid ao longo da temporada, mas destacou o fato de ter conseguido extrair bastante do monoposto em termos de ritmo.<\/p>\n\n\n\n<p class=\"wp-block-paragraph\">&#8220;Definitivamente, foi uma grande temporada. Tive muitos pontos altos que n\u00e3o conseguiria sem a equipe, que melhorou bastante o carro&#8221;, disse Piastri. &#8220;Tenho de dar bastante cr\u00e9dito a eles por isso. Mas acho que, para me dar um &#8216;tapinha nas costas&#8217;, tamb\u00e9m precisei entregar nesses momentos&#8221;, destacou.<\/p>\n\n\n\n<p class=\"wp-block-paragraph\">&#8220;E acho que, para mim, esse \u00e9 o ponto de mais orgulho&#8221;, afirmou. &#8220;Em Silverstone, tivemos um carro muito competitivo, e consegui tirar o m\u00e1ximo dele&#8221;, ressaltou o australiano.<\/p>\n\n\n\n<p class=\"wp-block-paragraph\">Elencando seus principais destaques da temporada, Piastri disse que o primeiro p\u00f3dio, no <strong>Jap\u00e3o<\/strong>, n\u00e3o ficou exatamente entre suas melhores participa\u00e7\u00f5es. Por outro lado, no <strong>Catar<\/strong>, o <a href=\"https:\/\/www.grandepremio.com\/br\/f1\/noticias\/max-verstappen-tricampeao-f1-abandono-sergio-perez-catar-oscar-piastri-vence-corrida-sprint\/\" target=\"_blank\" aria-label=\" (opens in a new tab)\" rel=\"noreferrer noopener\" class=\"ek-link\">australiano venceu a corrida sprint<\/a> e ainda chegou em segundo na prova principal, completando seu melhor fim de semana na F\u00f3rmula 1 at\u00e9 aqui.<\/p>\n\n\n\n<figure class=\"wp-block-image size-large\"><img decoding=\"async\" src=\"https:\/\/www.grandepremio.com\/br\/wp-content\/uploads\/2023\/10\/catar-2023-f1-classificacao-sprint-mclaren-oscar-piastri-03-1024x683.png\" alt=\"\" class=\"wp-image-737663\"\/><figcaption class=\"wp-element-caption\">A primeira vit\u00f3ria de Piastri veio logo no ano de estreia, na sprint do Catar (Foto: McLaren)<\/figcaption><\/figure>\n\n\n\n<p class=\"wp-block-paragraph\">&#8220;Jap\u00e3o n\u00e3o foi das melhores corridas para mim, mas fiz o suficiente para conseguir meu primeiro p\u00f3dio&#8221;, explicou. &#8220;No Catar, foi a \u00fanica oportunidade real que tivemos de vencer algo na temporada inteira \u2014 e conseguimos&#8221;, celebrou.<\/p>\n\n\n\n<p class=\"wp-block-paragraph\">Apesar da felicidade pela performance no circuito catari, Piastri ressaltou que o desempenho precisa ser mais consistente ao longo do ano. Falando sobre vencer o campeonato, Oscar disse que aprendeu desde as categorias de base que a regularidade \u00e9 o ponto-chave.<\/p>\n\n\n\n<p class=\"wp-block-paragraph\">&#8220;Fico muito orgulhoso disso&#8221;, admitiu. &#8220;Ainda assim, tivemos alguns finais de semana complicados e algumas coisas em que precisamos trabalhar. \u00c9 sobre a temporada inteira, voc\u00ea n\u00e3o vence campeonatos com um ou dois bons finais de semana. Sei disso desde as categorias de base, ent\u00e3o, preciso fazer isso acontecer mais vezes&#8221;, encerrou.<\/p>\n\n\n\n<p class=\"wp-block-paragraph\">Com a temporada encerrada, a&nbsp;<a href=\"https:\/\/www.grandepremio.com\/formula-1\/\" target=\"_blank\" rel=\"noreferrer noopener\">F\u00f3rmula 1<\/a>&nbsp;retorna apenas no ano que vem, no dia&nbsp;<strong>2 de mar\u00e7o<\/strong>, com a estreia do campeonato no&nbsp;<strong>GP do Bahrein<\/strong>.<\/p>\n\n\n\n<p class=\"wp-block-paragraph\"><strong>\u25b6\ufe0f&nbsp;Inscreva-se nos dois canais do GRANDE PR\u00caMIO no YouTube:&nbsp;<a href=\"https:\/\/www.youtube.com\/channel\/UC9OlHEgxoaY6QY6nWPoiqQg?sub_confirmation=1\" target=\"_blank\" rel=\"noreferrer noopener\">GP<\/a>&nbsp;|&nbsp;<a href=\"https:\/\/www.youtube.com\/channel\/UC9csiS6q_C3C0FYhyr1rnFA?sub_confirmation=1\" target=\"_blank\" rel=\"noreferrer noopener\">GP2<\/a><\/strong><br><strong>\u25b6\ufe0f&nbsp;<a href=\"https:\/\/www.twitch.tv\/grandepremio\" target=\"_blank\" rel=\"noreferrer noopener\">Conhe\u00e7a o canal do GRANDE PR\u00caMIO na Twitch clicando aqui!<\/a><\/strong><\/p>\n\n\n\n<figure class=\"wp-block-embed is-type-video is-provider-youtube wp-block-embed-youtube wp-embed-aspect-16-9 wp-has-aspect-ratio\"><div class=\"wp-block-embed__wrapper\">\n<iframe loading=\"lazy\" title=\"De Pourchaire a Doohan: quem da F2 merecia MESMO chance na F1 em 2024 | GP \u00e0s 10\" width=\"500\" height=\"281\" src=\"https:\/\/www.youtube.com\/embed\/j7f1TP9JClM?feature=oembed\" frameborder=\"0\" allow=\"accelerometer; autoplay; clipboard-write; encrypted-media; gyroscope; picture-in-picture; web-share\" referrerpolicy=\"strict-origin-when-cross-origin\" allowfullscreen><\/iframe>\n<\/div><\/figure>\n","protected":false},"excerpt":{"rendered":"<p>Oscar Piastri elogiou a evolu\u00e7\u00e3o do carro da McLaren ao longo da temporada na F\u00f3rmula 1, mas destacou que crescimento da equipe o obrigou a entregar resultados logo no ano de estreia<\/p>\n","protected":false},"author":0,"featured_media":1000758761,"comment_status":"closed","ping_status":"closed","sticky":false,"template":"","format":"standard","meta":{"42wp_featured_image_caption":"","42wp_featured_image_credits":"","42wp_featured_video":"","42wp_featured_image_hidden":false,"42wp_authors_list":[],"footnotes":""},"categories":[2],"tags":[6533,642,1491,32667,90,2916,1249,37468],"42wp_author":[47142],"class_list":["post-91951","post","type-post","status-publish","format-standard","has-post-thumbnail","hentry","category-f1","tag-f1-2023","tag-f1-ao-vivo","tag-grande-premio","tag-grandepremio-f1","tag-mclaren","tag-oscar-piastri","tag-retrospectiva","tag-retrospectiva-f1-2023","42wp_author-jp-nascimento"],"_links":{"self":[{"href":"https:\/\/grandepremio.com\/br\/wp-json\/wp\/v2\/posts\/91951","targetHints":{"allow":["GET"]}}],"collection":[{"href":"https:\/\/grandepremio.com\/br\/wp-json\/wp\/v2\/posts"}],"about":[{"href":"https:\/\/grandepremio.com\/br\/wp-json\/wp\/v2\/types\/post"}],"replies":[{"embeddable":true,"href":"https:\/\/grandepremio.com\/br\/wp-json\/wp\/v2\/comments?post=91951"}],"version-history":[{"count":0,"href":"https:\/\/grandepremio.com\/br\/wp-json\/wp\/v2\/posts\/91951\/revisions"}],"wp:featuredmedia":[{"embeddable":true,"href":"https:\/\/grandepremio.com\/br\/wp-json\/wp\/v2\/media\/1000758761"}],"wp:attachment":[{"href":"https:\/\/grandepremio.com\/br\/wp-json\/wp\/v2\/media?parent=91951"}],"wp:term":[{"taxonomy":"category","embeddable":true,"href":"https:\/\/grandepremio.com\/br\/wp-json\/wp\/v2\/categories?post=91951"},{"taxonomy":"post_tag","embeddable":true,"href":"https:\/\/grandepremio.com\/br\/wp-json\/wp\/v2\/tags?post=91951"},{"taxonomy":"42wp_author","embeddable":true,"href":"https:\/\/grandepremio.com\/br\/wp-json\/wp\/v2\/42wp_author?post=91951"}],"curies":[{"name":"wp","href":"https:\/\/api.w.org\/{rel}","templated":true}]}}