{"id":91966,"date":"2023-12-17T10:55:29","date_gmt":"2023-12-17T13:55:29","guid":{"rendered":"https:\/\/grandepremio.com\/br\/noticias\/lawrence-stroll-rechaca-rumores-venda-aston-martin-nao-vou-lugar-algum\/"},"modified":"2023-12-17T12:47:53","modified_gmt":"2023-12-17T15:47:53","slug":"lawrence-stroll-rechaca-rumores-venda-aston-martin-nao-vou-lugar-algum","status":"publish","type":"post","link":"https:\/\/grandepremio.com\/br\/f1\/lawrence-stroll-rechaca-rumores-venda-aston-martin-nao-vou-lugar-algum\/","title":{"rendered":"Lawrence Stroll recha\u00e7a rumores de venda da Aston Martin: &#8220;N\u00e3o vou a lugar algum&#8221;"},"content":{"rendered":"\n<p class=\"wp-block-paragraph\">Dono da <strong>Aston Martin<\/strong>, <strong>Lawrence Stroll <\/strong>fez quest\u00e3o de desmentir, mais uma vez, os rumores de que estaria pensando em vender a equipe. Depois de completar a melhor temporada em termos de pontua\u00e7\u00e3o do time brit\u00e2nico na <strong>F\u00f3rmula 1<\/strong>, o bilion\u00e1rio canadense garantiu que planeja permanecer &#8220;por muito tempo&#8221; \u00e0 frente da empresa.<\/p>\n\n\n\n<p class=\"wp-block-paragraph\">Al\u00e9m dos <strong>280 <\/strong>pontos que valeram o quinto lugar no Mundial de Construtores, a Aston Martin tamb\u00e9m investiu em uma nova f\u00e1brica em <strong>Silverstone<\/strong>, com um t\u00fanel de vento de \u00faltima gera\u00e7\u00e3o, e prepara a chegada da <strong>Honda <\/strong><a href=\"https:\/\/www.grandepremio.com\/br\/f1\/noticias\/honda-confirma-acordo-motores-aston-martin-formula-1-2026\/\" target=\"_blank\" aria-label=\" (opens in a new tab)\" rel=\"noreferrer noopener\" class=\"ek-link\">como fornecedora de motores a partir de 2026<\/a>.<\/p>\n\n\n\n<p class=\"wp-block-paragraph\">Segundo Lawrence, que \u00e9 pai de <strong>Lance Stroll<\/strong>, piloto da equipe, n\u00e3o se faz todo esse investimento pensando em deixar a companhia a curto prazo.<\/p>\n\n\n\n<p class=\"wp-block-paragraph\">&#8220;Voc\u00ea n\u00e3o gasta centenas de milh\u00f5es de d\u00f3lares de libras, n\u00e3o constr\u00f3i a maior infraestrutura da F\u00f3rmula 1 e n\u00e3o contrata 400 dos melhores empregados poss\u00edveis se est\u00e1 prestes a deixar o neg\u00f3cio&#8221;, afirmou Stroll em entrevista ao jornal americano <em>New York Times<\/em>.<\/p>\n\n\n\n<figure class=\"wp-block-image size-large\"><img decoding=\"async\" src=\"https:\/\/www.grandepremio.com\/br\/wp-content\/uploads\/2023\/11\/abu-dhabi-2023-f1-classificacao-aston-martin-lance-stroll-04-1024x683.jpg\" alt=\"\" class=\"wp-image-758903\"\/><figcaption class=\"wp-element-caption\">Lawrence Stroll garantiu que n\u00e3o cogita vender a Aston Martin (Foto: Aston Martin)<\/figcaption><\/figure>\n\n\n\n<p class=\"wp-block-paragraph\">Se a temporada de 2020 \u2014 ainda como <strong>Racing Point <\/strong>\u2014 trouxe uma posi\u00e7\u00e3o melhor no Mundial de Construtores, com o quarto lugar, 2023 apresentou uma Aston Martin que, pela primeira vez, brigou constantemente por p\u00f3dios no in\u00edcio do campeonato. <strong>Fernando<\/strong> <strong>Alonso<\/strong>, inclusive, somou <strong>seis <\/strong>top-3 nas <strong>oito <\/strong>primeiras corridas do ano. <\/p>\n\n\n\n<p class=\"wp-block-paragraph\">&#8220;Dizer que n\u00e3o possuo o interesse em ser o principal acionista dessa equipe por muito tempo, assim como a montadora, n\u00e3o poderia estar mais longe da verdade&#8221;, prosseguiu.<\/p>\n\n\n\n<p class=\"wp-block-paragraph\">&#8220;N\u00e3o vou a lugar algum&#8221;, garantiu Stroll. &#8220;Planejo comandar essa companhia por muitos anos. N\u00f3s dois estamos no in\u00edcio desta jornada&#8221;, completou.<\/p>\n\n\n\n<p class=\"wp-block-paragraph\">Com a temporada encerrada, a&nbsp;<a href=\"https:\/\/www.grandepremio.com\/formula-1\/\" target=\"_blank\" rel=\"noreferrer noopener\">F\u00f3rmula 1<\/a>&nbsp;retorna apenas no ano que vem, no dia&nbsp;<strong>2 de mar\u00e7o<\/strong>, com a estreia do campeonato no&nbsp;<strong>GP do Bahrein<\/strong>.<\/p>\n\n\n\n<p class=\"wp-block-paragraph\"><strong>\u25b6\ufe0f\u00a0Inscreva-se nos dois canais do GRANDE PR\u00caMIO no YouTube:\u00a0<a href=\"https:\/\/www.youtube.com\/channel\/UC9OlHEgxoaY6QY6nWPoiqQg?sub_confirmation=1\" target=\"_blank\" rel=\"noreferrer noopener\">GP<\/a>\u00a0|\u00a0<a href=\"https:\/\/www.youtube.com\/channel\/UC9csiS6q_C3C0FYhyr1rnFA?sub_confirmation=1\" target=\"_blank\" rel=\"noreferrer noopener\">GP2<\/a><\/strong><br><strong>\u25b6\ufe0f\u00a0<a href=\"https:\/\/www.twitch.tv\/grandepremio\" target=\"_blank\" rel=\"noreferrer noopener\">Conhe\u00e7a o canal do GRANDE PR\u00caMIO na Twitch clicando aqui!<\/a><\/strong><\/p>\n\n\n\n<figure class=\"wp-block-embed is-type-video is-provider-youtube wp-block-embed-youtube wp-embed-aspect-16-9 wp-has-aspect-ratio\"><div class=\"wp-block-embed__wrapper\">\n<iframe loading=\"lazy\" title=\"RED BULL vai repetir DOM\u00cdNIO na F1 2024? Tudo indica QUE SIM! | GP \u00e0s 10\" width=\"500\" height=\"281\" src=\"https:\/\/www.youtube.com\/embed\/wLXn4Er0mus?feature=oembed\" frameborder=\"0\" allow=\"accelerometer; autoplay; clipboard-write; encrypted-media; gyroscope; picture-in-picture; web-share\" referrerpolicy=\"strict-origin-when-cross-origin\" allowfullscreen><\/iframe>\n<\/div><\/figure>\n","protected":false},"excerpt":{"rendered":"<p>Dono da Aston Martin, Lawrence Stroll ressaltou investimento multimilion\u00e1rio em infraestrutura e garantiu que n\u00e3o possui planos de deixar o comando da escuderia inglesa<\/p>\n","protected":false},"author":0,"featured_media":1000509108,"comment_status":"closed","ping_status":"closed","sticky":false,"template":"","format":"standard","meta":{"42wp_featured_image_caption":"","42wp_featured_image_credits":"","42wp_featured_video":"","42wp_featured_image_hidden":false,"42wp_authors_list":[],"footnotes":""},"categories":[2],"tags":[309,6533,642,176,1491,32667,485,454,1249,37468],"42wp_author":[47142],"class_list":["post-91966","post","type-post","status-publish","format-standard","has-post-thumbnail","hentry","category-f1","tag-aston-martin","tag-f1-2023","tag-f1-ao-vivo","tag-fernando-alonso","tag-grande-premio","tag-grandepremio-f1","tag-lance-stroll","tag-lawrence-stroll","tag-retrospectiva","tag-retrospectiva-f1-2023","42wp_author-jp-nascimento"],"_links":{"self":[{"href":"https:\/\/grandepremio.com\/br\/wp-json\/wp\/v2\/posts\/91966","targetHints":{"allow":["GET"]}}],"collection":[{"href":"https:\/\/grandepremio.com\/br\/wp-json\/wp\/v2\/posts"}],"about":[{"href":"https:\/\/grandepremio.com\/br\/wp-json\/wp\/v2\/types\/post"}],"replies":[{"embeddable":true,"href":"https:\/\/grandepremio.com\/br\/wp-json\/wp\/v2\/comments?post=91966"}],"version-history":[{"count":0,"href":"https:\/\/grandepremio.com\/br\/wp-json\/wp\/v2\/posts\/91966\/revisions"}],"wp:featuredmedia":[{"embeddable":true,"href":"https:\/\/grandepremio.com\/br\/wp-json\/wp\/v2\/media\/1000509108"}],"wp:attachment":[{"href":"https:\/\/grandepremio.com\/br\/wp-json\/wp\/v2\/media?parent=91966"}],"wp:term":[{"taxonomy":"category","embeddable":true,"href":"https:\/\/grandepremio.com\/br\/wp-json\/wp\/v2\/categories?post=91966"},{"taxonomy":"post_tag","embeddable":true,"href":"https:\/\/grandepremio.com\/br\/wp-json\/wp\/v2\/tags?post=91966"},{"taxonomy":"42wp_author","embeddable":true,"href":"https:\/\/grandepremio.com\/br\/wp-json\/wp\/v2\/42wp_author?post=91966"}],"curies":[{"name":"wp","href":"https:\/\/api.w.org\/{rel}","templated":true}]}}