{"id":92018,"date":"2023-12-16T13:15:00","date_gmt":"2023-12-16T16:15:00","guid":{"rendered":"https:\/\/grandepremio.com\/br\/noticias\/ricardo-zonta-bate-rafael-suzuki-crava-pole-final-stock-car-interlagos-gabriel-casagrande-3o\/"},"modified":"2023-12-16T13:43:35","modified_gmt":"2023-12-16T16:43:35","slug":"ricardo-zonta-bate-rafael-suzuki-crava-pole-final-stock-car-interlagos-gabriel-casagrande-3o","status":"publish","type":"post","link":"https:\/\/grandepremio.com\/br\/stock-car\/ricardo-zonta-bate-rafael-suzuki-crava-pole-final-stock-car-interlagos-gabriel-casagrande-3o\/","title":{"rendered":"Zonta bate Suzuki e crava pole na final da Stock Car em Interlagos. Casagrande \u00e9 3\u00ba"},"content":{"rendered":"\n<p class=\"wp-block-paragraph\"><strong>Ricardo Zonta<\/strong> surpreendeu e vai largar na frente na final da <strong>Stock Car<\/strong> em <strong>Interlagos<\/strong>. Neste s\u00e1bado (17), o piloto da <strong>RCM Motorsport<\/strong> cravou o tempo de 1min41s437 e \u00e9 pole pela segunda vez na temporada. Ao seu lado, <strong>Rafael Suzuki<\/strong>, da <strong>Pole Motorsport<\/strong>, com 1min41s485.<\/p>\n\n\n\n<p class=\"wp-block-paragraph\">Na terceira posi\u00e7\u00e3o, o l\u00edder e favorito <strong>Gabriel Casagrande<\/strong> fez 1min41s574 e sai na terceira posi\u00e7\u00e3o. <strong>Felipe Baptista<\/strong>,<strong> J\u00falio Campos<\/strong> e <strong>Bruno Baptista<\/strong> completam os seis primeiros.<\/p>\n\n\n\n<p class=\"wp-block-paragraph\">Entre os postulantes ao t\u00edtulo, <strong>Thiago Camilo<\/strong> sai em s\u00e9timo, <strong>Daniel Serra<\/strong> divide a quarta fila com o piloto da <strong>Ipiranga Racing<\/strong>. <strong>Rubens Barrichello<\/strong> \u00e9 o 20\u00ba e <strong>Felipe Fraga<\/strong> parte da 26\u00aa coloca\u00e7\u00e3o.<\/p>\n\n\n\n<p class=\"wp-block-paragraph\">A rodada dupla final da temporada 2023 acontece neste domingo (17), com a corrida 1 \u00e0s 14h30 e a prova decisiva \u00e0s 15h20 (ambas no hor\u00e1rio de Bras\u00edlia). O\u00a0<strong>GRANDE PR\u00caMIO<\/strong>\u00a0acompanha todas as atividades da\u00a0<a href=\"https:\/\/www.grandepremio.com\/br\/stock-car\/\" target=\"_blank\" rel=\"noreferrer noopener\">Stock Car<\/a>\u00a0com cobertura completa.<a href=\"https:\/\/cres.ws\/grandepremioo\"><\/a><\/p>\n\n\n\n<figure class=\"wp-block-image size-large\"><img decoding=\"async\" src=\"https:\/\/www.grandepremio.com\/br\/wp-content\/uploads\/2023\/12\/20231215_dudabairros-5119-1024x683.jpg\" alt=\"\" class=\"wp-image-764209\"\/><figcaption class=\"wp-element-caption\">Rafael Suzuki divide a primeira fila em Interlagos (Foto: Duda Bairros)<\/figcaption><\/figure>\n\n\n\n<p class=\"wp-block-paragraph\"><strong><img decoding=\"async\" src=\"https:\/\/a.slack-edge.com\/production-standard-emoji-assets\/14.0\/google-medium\/25b6-fe0f.png\" alt=\":seta_para_frente:\">&nbsp;Inscreva-se nos dois canais do GRANDE PR\u00caMIO no YouTube:&nbsp;<a href=\"https:\/\/www.youtube.com\/channel\/UC9OlHEgxoaY6QY6nWPoiqQg?sub_confirmation=1\" target=\"_blank\" rel=\"noreferrer noopener\">GP<\/a>&nbsp;|&nbsp;<a href=\"https:\/\/www.youtube.com\/channel\/UC9csiS6q_C3C0FYhyr1rnFA?sub_confirmation=1\" target=\"_blank\" rel=\"noreferrer noopener\">GP2<\/a><\/strong><br><strong><img decoding=\"async\" src=\"https:\/\/a.slack-edge.com\/production-standard-emoji-assets\/14.0\/google-medium\/25b6-fe0f.png\" alt=\":seta_para_frente:\"><a href=\"https:\/\/www.twitch.tv\/grandepremio\" target=\"_blank\" rel=\"noreferrer noopener\">Conhe\u00e7a o canal do GRANDE PR\u00caMIO na Twitch clicando aqui!<\/a><\/strong><\/p>\n\n\n\n<h2 class=\"wp-block-heading\" id=\"h-saiba-como-foi-a-classificacao-da-stock-car-em-interlagos\"><em><strong>Saiba como foi a classifica\u00e7\u00e3o da Stock Car em Interlagos:<\/strong><\/em><\/h2>\n\n\n\n<p class=\"wp-block-paragraph\"><em><strong>Q1 &#8211; Barrichello e Fraga ficam pelo caminho. Serra comanda tempos em pista emborrachada<\/strong><\/em><\/p>\n\n\n\n<p class=\"wp-block-paragraph\">O primeiro grupo teve <strong>Lucas Kohl<\/strong>,<strong> Rodrigo Baptista<\/strong>,<strong> Cac\u00e1 Bueno<\/strong>,<strong> Dudu Barrichello<\/strong>,<strong> Tony Kanaan<\/strong>,<strong> S\u00e9rgio Ramalho<\/strong>,<strong> Felipe Lapenna<\/strong>,<strong> Denis Navarro<\/strong>,<strong> Marcos Gomes<\/strong>, Campos,<strong> Allam Khodair<\/strong>,<strong> Enzo Elias<\/strong>,<strong> Sergio Jimenez<\/strong>,<strong> Lucas Foresti<\/strong>,<strong> \u00c1tila Abreu<\/strong> e Bruno Baptista.<\/p>\n\n\n\n<p class=\"wp-block-paragraph\">Cac\u00e1 cravou 1min44s575 e assumiu a ponta logo nos primeiros minutos, superado na sequ\u00eancia por Bruno Baptista, que liderou a \u00faltima atividade antes da classifica\u00e7\u00e3o. Gomes se aproximou mais do tempo que de fato deve dar na classifica\u00e7\u00e3o, 1min41s873. J\u00falio voou faltando dois minutos, 1min41s653.<\/p>\n\n\n\n<p class=\"wp-block-paragraph\">A lideran\u00e7a do grupo ficou com o carro #4 da <strong>Lubrax Podium<\/strong>, 1min41s275, seguido pelo #44 da RCM Motorsport, que fez 1min41s351. Fecha os tr\u00eas primeiros Foresti, da <strong>A. Mattheis Vogel<\/strong>, com 1min41s447.<\/p>\n\n\n\n<figure class=\"wp-block-image size-large\"><img decoding=\"async\" src=\"https:\/\/www.grandepremio.com\/br\/wp-content\/uploads\/2023\/12\/20231216_dudabairros-9285-1024x683.jpg\" alt=\"\" class=\"wp-image-764365\"\/><figcaption class=\"wp-element-caption\">Campos liderou o primeiro grupo neste Q1 em Interlagos (Foto: Duda Bairros)<\/figcaption><\/figure>\n\n\n\n<p class=\"wp-block-paragraph\">O segundo grupo tinha, enfim, os sete candidatos ao t\u00edtulo da temporada: Casagrande, Serra, Suzuki, Fraga, Rubens Barrichello, Zonta e Camilo. Completaram o grupo <strong>Felipe Massa<\/strong>,<strong> C\u00e9sar Ramos<\/strong>,<strong> Nelsinho Piquet<\/strong>,<strong> Guilherme Salas<\/strong>,<strong> Ricardo Maur\u00edcio<\/strong>,<strong> Gianluca Petecof<\/strong>,<strong> Mat\u00edas Rossi<\/strong> e Felipe Baptista.<\/p>\n\n\n\n<p class=\"wp-block-paragraph\">O #88 da <strong>Blau Motorsport<\/strong>, que teve problemas pela manh\u00e3, foi o primeiro a se encaixar entre os 15 primeiros, 1min42s021. O #8 da Pole Motorsport fez uma excelente volta e saltou para quarta posi\u00e7\u00e3o, 1min41s455. Camilo veio na sequ\u00eancia e subiu para s\u00e9timo, 1min41s536.<\/p>\n\n\n\n<p class=\"wp-block-paragraph\">Mas a lideran\u00e7a do Q1 ficou mesmo para Serra, que cravou uma 1min41s070, seguido pelo #16 da <strong>Ipiranga Racing<\/strong>, e Felipe Baptista, da <strong>KTF Racing<\/strong>. Quem fica pelo caminho entre os postulantes s\u00e3o Barrichello, que larga em 20\u00ba, e Fraga, que parte da 26\u00aa coloca\u00e7\u00e3o.<\/p>\n\n\n\n<figure class=\"wp-block-image size-large\"><img decoding=\"async\" src=\"https:\/\/www.grandepremio.com\/br\/wp-content\/uploads\/2023\/12\/20231216_dudabairros-9558-1024x681.jpg\" alt=\"\" class=\"wp-image-764367\"\/><figcaption class=\"wp-element-caption\">Rubens Barrichello larga em 20\u00ba na final da Stock Car em Interlagos (Foto: Duda Bairros)<\/figcaption><\/figure>\n\n\n\n<p class=\"wp-block-paragraph\"><strong>Confira pilotos que avan\u00e7am ao Q2:<\/strong><\/p>\n\n\n\n<figure class=\"wp-block-table\"><table><tbody><tr><td>44<\/td><td>B BAPTISTA<\/td><td>RCM MOTORSPORT TOYOTA<\/td><\/tr><tr><td>10<\/td><td>R ZONTA<\/td><td>RCM MOTORSPORT TOYOTA<\/td><\/tr><tr><td>117<\/td><td>M ROSSI<\/td><td>FULL TIME SPORTS TOYOTA<\/td><\/tr><tr><td>83<\/td><td>G CASAGRANDE<\/td><td>A.MATTHEIS VOGEL CHEVROLET<\/td><\/tr><tr><td>30<\/td><td>C RAMOS<\/td><td>IPIRANGA RACING TOYOTA<\/td><\/tr><tr><td>121<\/td><td>F BAPTISTA<\/td><td>KTF RACING CHEVROLET<\/td><\/tr><tr><td>29<\/td><td>D SERRA<\/td><td>EUROFARMA-RC CHEVROLET<\/td><\/tr><tr><td>51<\/td><td>A ABREU<\/td><td>POLE MOTORSPORT CHEVROLET<\/td><\/tr><tr><td>12<\/td><td>L FORESTI<\/td><td>A.MATTHEIS VOGEL CHEVROLET<\/td><\/tr><tr><td>101<\/td><td>G PETECOF<\/td><td>FULL TIME SPORTS TOYOTA<\/td><\/tr><tr><td>8<\/td><td>R SUZUKI<\/td><td>POLE MOTORSPORT CHEVROLET<\/td><\/tr><tr><td>16<\/td><td>T CAMILO<\/td><td>IPIRANGA RACING TOYOTA<\/td><\/tr><tr><td>28<\/td><td>E ELIAS<\/td><td>CROWN RACING TOYOTA<\/td><\/tr><tr><td>0<\/td><td>C BUENO<\/td><td>KTF SPORTS CHEVROLET<\/td><\/tr><tr><td>4<\/td><td>J CAMPOS<\/td><td>LUBRAX PODIUM TMG CHEVROLET<\/td><\/tr><\/tbody><\/table><\/figure>\n\n\n\n<p class=\"wp-block-paragraph\"><em><strong>Q2 &#8211; Camilo e Serra formam a quarta fila em Interlagos. Zonta lidera, Casagrande e Suzuki avan\u00e7am<\/strong><\/em><\/p>\n\n\n\n<p class=\"wp-block-paragraph\">O dia em Interlagos \u00e9 muito quente, com a temperatura da pista batendo a casa dos 53\u00ba C, ent\u00e3o, os pilotos procuravam aquecer os pneus o mais breve poss\u00edvel. Com oito minutos de sess\u00e3o, duas voltas eram o suficiente para buscar a melhor posi\u00e7\u00e3o no grid.<\/p>\n\n\n\n<p class=\"wp-block-paragraph\">O mais r\u00e1pido foi Zonta, com 1min41s139, seguido do companheiro de equipe, Bruno, com 1min41s219. Os outros dois finalistas que avan\u00e7am em busca da pole foram Suzuki e Casagrande, com o quarto e quinto tempo, respectivamente.<\/p>\n\n\n\n<p class=\"wp-block-paragraph\">Felipe Baptista e Campos tamb\u00e9m brigar\u00e3o pelo lugar de honra no grid. Assim, Camilo e Serra ficam pelo caminho. O #16 vai largar na s\u00e9tima coloca\u00e7\u00e3o, enquanto o tricampe\u00e3o da <strong>Eurofarma-RC<\/strong> sai em oitavo.<\/p>\n\n\n\n<figure class=\"wp-block-image size-large\"><img decoding=\"async\" src=\"https:\/\/www.grandepremio.com\/br\/wp-content\/uploads\/2023\/12\/20231216_dudabairros-9099-1024x681.jpg\" alt=\"\" class=\"wp-image-764369\"\/><figcaption class=\"wp-element-caption\">Thiago Camilo ficou no Q2 e vai largar em s\u00e9timo na final em Interlagos (Foto: Duda Bairros)<\/figcaption><\/figure>\n\n\n\n<p class=\"wp-block-paragraph\"><strong>Confira quem avan\u00e7ou ao Q3 em Interlagos:<\/strong><\/p>\n\n\n\n<figure class=\"wp-block-table\"><table><tbody><tr><td>44<\/td><td>B BAPTISTA<\/td><td>RCM MOTORSPORT TOYOTA<\/td><\/tr><tr><td>10<\/td><td>R ZONTA<\/td><td>RCM MOTORSPORT TOYOTA<\/td><\/tr><tr><td>83<\/td><td>G CASAGRANDE<\/td><td>A.MATTHEIS VOGEL CHEVROLET<\/td><\/tr><tr><td>121<\/td><td>F BAPTISTA<\/td><td>KTF RACING CHEVROLET<\/td><\/tr><tr><td>8<\/td><td>R SUZUKI<\/td><td>POLE MOTORSPORT CHEVROLET<\/td><\/tr><tr><td>4<\/td><td>J CAMPOS<\/td><td>LUBRAX PODIUM TMG CHEVROLET<\/td><\/tr><\/tbody><\/table><\/figure>\n\n\n\n<p class=\"wp-block-paragraph\"><strong><em>Q3 &#8211; Segunda pole de Zonta na temporada. L\u00edder, Casagrande sai em terceiro<\/em><\/strong><\/p>\n\n\n\n<p class=\"wp-block-paragraph\">Suzuki e Felipe Baptista logo partiram para a pista em busca da volta r\u00e1pida assim que os boxes foram abertos. Tr\u00eas dos candidatos ao t\u00edtulo tinham chances de cravar a pole-position e os oito minutos finais seriam emocionantes.<\/p>\n\n\n\n<p class=\"wp-block-paragraph\">Bruno Baptista rodou no <strong>Laranjinha<\/strong> e ficou apenas em sexto lugar, com 1min41s753. O piloto da RCM larga ao lado de J\u00falio, que cravou 1min41s713. Na quarta posi\u00e7\u00e3o, Felipe Baptista com 1min41s608.<\/p>\n\n\n\n<p class=\"wp-block-paragraph\">O l\u00edder e principal favorito, Casagrande sai em terceiro. A primeira fila ter\u00e1 surpresas: Suzuki, com a Pole, sai em segundo com 1min41s485, s\u00f3 atr\u00e1s de Zonta, 1min41s437. Segunda pole do carro #10 na temporada 2023.<\/p>\n\n\n\n<figure class=\"wp-block-image size-large\"><img decoding=\"async\" src=\"https:\/\/www.grandepremio.com\/br\/wp-content\/uploads\/2023\/12\/20231216_dudabairros-9090-1024x681.jpg\" alt=\"\" class=\"wp-image-764374\"\/><figcaption class=\"wp-element-caption\">Casagrande larga em 3\u00ba na final em Interlagos (Foto: Duda Bairros)<\/figcaption><\/figure>\n\n\n\n<p class=\"wp-block-paragraph\"><em><strong>Stock Car 2023, Etapa final, Interlagos, Grid de Largada:<\/strong><\/em><\/p>\n\n\n\n<figure class=\"wp-block-table\"><table><tbody><tr><td>Pos.<\/td><td>Carro<\/td><td>Piloto<\/td><td>Equipe<\/td><td>Tempo<\/td><td>Diff<\/td><\/tr><tr><td>1<\/td><td>10<\/td><td>R ZONTA<\/td><td>RCM MOTORSPORT TOYOTA<\/td><td>1:41.437<\/td><td>&nbsp;<\/td><\/tr><tr><td>2<\/td><td>8<\/td><td>R SUZUKI<\/td><td>POLE MOTORSPORT CHEVROLET<\/td><td>1:41.485<\/td><td>+0.048<\/td><\/tr><tr><td>3<\/td><td>83<\/td><td>G CASAGRANDE<\/td><td>A.MATTHEIS VOGEL CHEVROLET<\/td><td>1:41.574<\/td><td>+0.137<\/td><\/tr><tr><td>4<\/td><td>121<\/td><td>F BAPTISTA<\/td><td>KTF RACING CHEVROLET<\/td><td>1:41.608<\/td><td>+0.171<\/td><\/tr><tr><td>5<\/td><td>4<\/td><td>J CAMPOS<\/td><td>LUBRAX PODIUM TMG CHEVROLET<\/td><td>1:41.713<\/td><td>+0.276<\/td><\/tr><tr><td>6<\/td><td>44<\/td><td>B BAPTISTA<\/td><td>RCM MOTORSPORT TOYOTA<\/td><td>1:41.753<\/td><td>+0.316<\/td><\/tr><tr><td>7<\/td><td>16<\/td><td>T CAMILO<\/td><td>IPIRANGA RACING TOYOTA<\/td><td>1:41.411<\/td><td><\/td><\/tr><tr><td>8<\/td><td>29<\/td><td>D SERRA<\/td><td>EUROFARMA-RC CHEVROLET<\/td><td>1:41.538<\/td><td>+0.101<\/td><\/tr><tr><td>9<\/td><td>117<\/td><td>M ROSSI<\/td><td>FULL TIME SPORTS TOYOTA<\/td><td>1:41.633<\/td><td>+0.196<\/td><\/tr><tr><td>10<\/td><td>30<\/td><td>C RAMOS<\/td><td>IPIRANGA RACING TOYOTA<\/td><td>1:41.680<\/td><td>+0.243<\/td><\/tr><tr><td>11<\/td><td>101<\/td><td>G PETECOF<\/td><td>FULL TIME SPORTS TOYOTA<\/td><td>1:41.715<\/td><td>+0.278<\/td><\/tr><tr><td>12<\/td><td>12<\/td><td>L FORESTI<\/td><td>A.MATTHEIS VOGEL CHEVROLET<\/td><td>1:41.779<\/td><td>+0.342<\/td><\/tr><tr><td>13<\/td><td>51<\/td><td>A ABREU<\/td><td>POLE MOTORSPORT CHEVROLET<\/td><td>1:41.781<\/td><td>+0.344<\/td><\/tr><tr><td>14<\/td><td>0<\/td><td>C BUENO<\/td><td>KTF SPORTS CHEVROLET<\/td><td>1:41.819<\/td><td>+0.382<\/td><\/tr><tr><td>15<\/td><td>28<\/td><td>E ELIAS<\/td><td>CROWN RACING TOYOTA<\/td><td>1:42.037<\/td><td>+0.600<\/td><\/tr><tr><td>16<\/td><td>3<\/td><td>R BAPTISTA<\/td><td>KTF SPORTS CHEVROLET<\/td><td>1:41.623<\/td><td>+0.186<\/td><\/tr><tr><td>17<\/td><td>27<\/td><td>S RAMALHO<\/td><td>HOTCAR CHEVROLET<\/td><td>1:41.649<\/td><td>+0.212<\/td><\/tr><tr><td>18<\/td><td>73<\/td><td>S JIMENEZ<\/td><td>SCUDERIA CJ TOYOTA<\/td><td>1:41.681<\/td><td>+0.244<\/td><\/tr><tr><td>19<\/td><td>90<\/td><td>R MAUR\u00cdCIO<\/td><td>EUROFARMA-RC CHEVROLET<\/td><td>1:41.695<\/td><td>+0.258<\/td><\/tr><tr><td>20<\/td><td>111<\/td><td>R BARRICHELLO<\/td><td>MOBIL ALE FULL TIME TOYOTA<\/td><td>1:41.713<\/td><td>+0.276<\/td><\/tr><tr><td>21<\/td><td>85<\/td><td>G SALAS<\/td><td>KTF RACING CHEVROLET<\/td><td>1:41.790<\/td><td>+0.353<\/td><\/tr><tr><td>22<\/td><td>91<\/td><td>D BARRICHELLO<\/td><td>MOBIL ALE FULL TIME TOYOTA<\/td><td>1:41.791<\/td><td>+0.354<\/td><\/tr><tr><td>23<\/td><td>80<\/td><td>M GOMES<\/td><td>CAVALEIRO SPORTS CHEVROLET<\/td><td>1:41.800<\/td><td>+0.363<\/td><\/tr><tr><td>24<\/td><td>33<\/td><td>N PIQUET JR<\/td><td>CROWN RACING TOYOTA<\/td><td>1:41.946<\/td><td>+0.509<\/td><\/tr><tr><td>25<\/td><td>5<\/td><td>D NAVARRO<\/td><td>CAVALEIRO SPORTS CHEVROLET<\/td><td>1:41.969<\/td><td>+0.532<\/td><\/tr><tr><td>26<\/td><td>88<\/td><td>F FRAGA<\/td><td>BLAU MOTORSPORT CHEVROLET<\/td><td>1:42.021<\/td><td>+0.584<\/td><\/tr><tr><td>27<\/td><td>110<\/td><td>F LAPENNA<\/td><td>SCUDERIA CJ TOYOTA<\/td><td>1:42.023<\/td><td>+0.586<\/td><\/tr><tr><td>28<\/td><td>18<\/td><td>A KHODAIR<\/td><td>BLAU MOTORSPORT CHEVROLET<\/td><td>1:42.058<\/td><td>+0.621<\/td><\/tr><tr><td>29<\/td><td>19<\/td><td>F MASSA<\/td><td>LUBRAX PODIUM TMG CHEVROLET<\/td><td>1:42.114<\/td><td>+0.677<\/td><\/tr><tr><td>30<\/td><td>6<\/td><td>T KANAAN<\/td><td>TEXACO RACING TOYOTA<\/td><td>1:42.379<\/td><td>+0.942<\/td><\/tr><tr><td>31<\/td><td>95<\/td><td>L KOHL<\/td><td>HOTCAR CHEVROLET<\/td><td>1:42.443<\/td><td>+1.006<\/td><\/tr><\/tbody><\/table><\/figure>\n","protected":false},"excerpt":{"rendered":"<p>Segunda pole de Zonta na temporada 2023 da Stock Car. Ao seu lado, Rafael Suzuki. L\u00edder do campeonato, Casagrande parte da terceira posi\u00e7\u00e3o em Interlagos<\/p>\n","protected":false},"author":0,"featured_media":1000764373,"comment_status":"closed","ping_status":"closed","sticky":false,"template":"","format":"standard","meta":{"42wp_featured_image_caption":"","42wp_featured_image_credits":"","42wp_featured_video":"","42wp_featured_image_hidden":false,"42wp_authors_list":[],"footnotes":""},"categories":[11],"tags":[1607,1608,394,2503,26884,1606,27867,77,4375,1420,1458,1348,460,2507,504,1813,925,1491,28285,1616,27812,124,1454,4388,1029,1034,1186,36207,2162,1660,529,4365,175,1515,69,33239,36206,1213,321],"42wp_author":[47128],"class_list":["post-92018","post","type-post","status-publish","format-standard","has-post-thumbnail","hentry","category-stock-car","tag-allam-khodair","tag-atila-abreu","tag-bruno-baptista","tag-caca-bueno","tag-calendario-stock-car","tag-cesar-ramos","tag-classificacao-stock-car","tag-daniel-serra","tag-denis-navarro","tag-dudu-barrichello","tag-enzo-elias","tag-felipe-baptista","tag-felipe-fraga","tag-felipe-lapenna","tag-felipe-massa","tag-gabriel-casagrande","tag-gianluca-petecof","tag-grande-premio","tag-grandepremio","tag-guilherme-salas","tag-horarios-stock-car","tag-interlagos","tag-julio-campos","tag-lucas-foresti","tag-lucas-kohl","tag-marcos-gomes","tag-nelsinho-piquet","tag-onde-assistir-stock-car","tag-rafael-suzuki","tag-ricardo-mauricio","tag-ricardo-zonta","tag-rodrigo-baptista","tag-rubens-barrichello","tag-sergio-jimenez","tag-stock-car","tag-stock-car-2023","tag-temporada-2023-da-stock-car","tag-thiago-camilo","tag-tony-kanaan","42wp_author-guilherme-bloisi"],"_links":{"self":[{"href":"https:\/\/grandepremio.com\/br\/wp-json\/wp\/v2\/posts\/92018","targetHints":{"allow":["GET"]}}],"collection":[{"href":"https:\/\/grandepremio.com\/br\/wp-json\/wp\/v2\/posts"}],"about":[{"href":"https:\/\/grandepremio.com\/br\/wp-json\/wp\/v2\/types\/post"}],"replies":[{"embeddable":true,"href":"https:\/\/grandepremio.com\/br\/wp-json\/wp\/v2\/comments?post=92018"}],"version-history":[{"count":0,"href":"https:\/\/grandepremio.com\/br\/wp-json\/wp\/v2\/posts\/92018\/revisions"}],"wp:featuredmedia":[{"embeddable":true,"href":"https:\/\/grandepremio.com\/br\/wp-json\/wp\/v2\/media\/1000764373"}],"wp:attachment":[{"href":"https:\/\/grandepremio.com\/br\/wp-json\/wp\/v2\/media?parent=92018"}],"wp:term":[{"taxonomy":"category","embeddable":true,"href":"https:\/\/grandepremio.com\/br\/wp-json\/wp\/v2\/categories?post=92018"},{"taxonomy":"post_tag","embeddable":true,"href":"https:\/\/grandepremio.com\/br\/wp-json\/wp\/v2\/tags?post=92018"},{"taxonomy":"42wp_author","embeddable":true,"href":"https:\/\/grandepremio.com\/br\/wp-json\/wp\/v2\/42wp_author?post=92018"}],"curies":[{"name":"wp","href":"https:\/\/api.w.org\/{rel}","templated":true}]}}